{"id":178099,"date":"2025-10-15T09:51:08","date_gmt":"2025-10-15T09:51:08","guid":{"rendered":"https:\/\/www.europesays.com\/es\/178099\/"},"modified":"2025-10-15T09:51:08","modified_gmt":"2025-10-15T09:51:08","slug":"ecclestone-pide-el-retorno-del-gran-premio-de-alemania-al-calendario","status":"publish","type":"post","link":"https:\/\/www.europesays.com\/es\/178099\/","title":{"rendered":"Ecclestone pide el retorno del Gran Premio de Alemania al calendario"},"content":{"rendered":"<p><strong>Alemania ha sido durante d\u00e9cadas<\/strong> un pilar fundamental del automovilismo. Sin embargo, el pa\u00eds que vio nacer a dos leyendas de la m\u00e1xima categor\u00eda como lo son Michael Schumacher y Sebastian Vettel ha visto como el GP de Alemania de la F1 desapareci\u00f3 del calendario tras su \u00faltima edici\u00f3n en 2019.<\/p>\n<p>A prop\u00f3sito de ello, en una entrevista para Sport.de, Bernie Ecclestone lament\u00f3 esta ausencia: \u201cPienso en ello a menudo y no lo entiendo. Es extra\u00f1o que no se est\u00e9 haciendo posible. Nadie se opondr\u00eda, salvo quiz\u00e1s algunas personas en la propia Alemania\u201d.<\/p>\n<p>La carrera en Hockenheimring dej\u00f3 un recuerdo imborrable en 2019, con la lluvia como protagonista y abandonos de figuras como Lewis Hamilton, Valtteri Bottas y Charles Leclerc. Aquel d\u00eda, Max Verstappen se llev\u00f3 una victoria memorable. Ecclestone insiste en que el problema no es deportivo, sino econ\u00f3mico: \u201cSi hubiera alguien con la financiaci\u00f3n adecuada, funcionar\u00eda. En este deporte todo es cuesti\u00f3n de dinero\u201d.<\/p>\n<p>Por su parte, Stefano Domenicali, actual CEO de la F1, admiti\u00f3 que la competencia por entrar en el calendario es feroz: \u201cHay una larga lista de espera de pa\u00edses interesados. Si alguien realmente quiere organizar una carrera, encontrar\u00e1 la manera de contactarme\u201d, explic\u00f3 a Sport Bild. La prioridad, seg\u00fan Domenicali, es asegurar sedes con fuerte respaldo econ\u00f3mico y log\u00edstico.<\/p>\n<p>La temporada 2026 traer\u00e1 cambios significativos, con la llegada de nuevos circuitos y el regreso de Madrid como gran apuesta para Espa\u00f1a. Sin embargo, esa expansi\u00f3n tambi\u00e9n ha dejado fuera a pistas tradicionales como Imola. Alemania compite por un hueco frente a candidaturas emergentes como Sud\u00e1frica o Tailandia, que ya negocian activamente.<\/p>\n<p>El regreso de Hockenheim ser\u00eda un golpe de efecto para los aficionados m\u00e1s nost\u00e1lgicos. Pero en una F\u00f3rmula 1 donde el dinero manda, la historia no siempre es suficiente para volver. Ecclestone lanz\u00f3 el mensaje. Ahora, la pelota est\u00e1 en el tejado de la organizaci\u00f3n.\u00a0<strong>@mundiario<\/strong><\/p>\n","protected":false},"excerpt":{"rendered":"Alemania ha sido durante d\u00e9cadas un pilar fundamental del automovilismo. Sin embargo, el pa\u00eds que vio nacer a&hellip;\n","protected":false},"author":2,"featured_media":178100,"comment_status":"","ping_status":"","sticky":false,"template":"","format":"standard","meta":{"footnotes":""},"categories":[270],"tags":[1660,1763,21918,168,25,24,306,271,272,2362,23,167],"class_list":{"0":"post-178099","1":"post","2":"type-post","3":"status-publish","4":"format-standard","5":"has-post-thumbnail","7":"category-formula-1","8":"tag-alemania","9":"tag-automovilismo","10":"tag-bernie-ecclestone","11":"tag-deportes","12":"tag-es","13":"tag-espana","14":"tag-f1","15":"tag-formula-1","16":"tag-formula1","17":"tag-motor","18":"tag-spain","19":"tag-sports"},"share_on_mastodon":{"url":"","error":""},"_links":{"self":[{"href":"https:\/\/www.europesays.com\/es\/wp-json\/wp\/v2\/posts\/178099","targetHints":{"allow":["GET"]}}],"collection":[{"href":"https:\/\/www.europesays.com\/es\/wp-json\/wp\/v2\/posts"}],"about":[{"href":"https:\/\/www.europesays.com\/es\/wp-json\/wp\/v2\/types\/post"}],"author":[{"embeddable":true,"href":"https:\/\/www.europesays.com\/es\/wp-json\/wp\/v2\/users\/2"}],"replies":[{"embeddable":true,"href":"https:\/\/www.europesays.com\/es\/wp-json\/wp\/v2\/comments?post=178099"}],"version-history":[{"count":0,"href":"https:\/\/www.europesays.com\/es\/wp-json\/wp\/v2\/posts\/178099\/revisions"}],"wp:featuredmedia":[{"embeddable":true,"href":"https:\/\/www.europesays.com\/es\/wp-json\/wp\/v2\/media\/178100"}],"wp:attachment":[{"href":"https:\/\/www.europesays.com\/es\/wp-json\/wp\/v2\/media?parent=178099"}],"wp:term":[{"taxonomy":"category","embeddable":true,"href":"https:\/\/www.europesays.com\/es\/wp-json\/wp\/v2\/categories?post=178099"},{"taxonomy":"post_tag","embeddable":true,"href":"https:\/\/www.europesays.com\/es\/wp-json\/wp\/v2\/tags?post=178099"}],"curies":[{"name":"wp","href":"https:\/\/api.w.org\/{rel}","templated":true}]}}