{"id":178211,"date":"2025-10-15T10:55:09","date_gmt":"2025-10-15T10:55:09","guid":{"rendered":"https:\/\/www.europesays.com\/es\/178211\/"},"modified":"2025-10-15T10:55:09","modified_gmt":"2025-10-15T10:55:09","slug":"la-liga-nacional-de-novilladas-cumple-5-anos-y-159-novilladas-con-picadores","status":"publish","type":"post","link":"https:\/\/www.europesays.com\/es\/178211\/","title":{"rendered":"La Liga Nacional de Novilladas cumple 5 a\u00f1os y 159 novilladas con picadores"},"content":{"rendered":"<p><strong>El proyecto, que naci\u00f3 en el a\u00f1o 2021, ha dado la oportunidad de debutar con caballos a una veintena de novilleros y a poner en el escaparate a m\u00e1s de cien ganader\u00edas espa\u00f1olas<\/strong><\/p>\n<p>La\u00a0<strong>Liga Nacional de Novilladas<\/strong>\u00a0naci\u00f3 en el\u00a0<strong>a\u00f1o 2021<\/strong>\u00a0con el objetivo de revitalizar el segmento de las novilladas picadas a trav\u00e9s de un nuevo modelo organizativo en el que la colaboraci\u00f3n de las administraciones, como impulsoras de las industrias culturales, es fundamental. Desde entonces, cinco son las temporadas en las que est\u00e1 dando paso a j\u00f3venes promesas y ganader\u00edas del territorio nacional.<\/p>\n<p>En este tiempo se han celebrado un total de\u00a0<strong>159 novilladas con caballos<\/strong>, repartidas en circuitos de\u00a0<strong>9 comunidades aut\u00f3nomas<\/strong>\u00a0diferentes, pasando por\u00a0<strong>28 provincias<\/strong>\u00a0y\u00a0<strong>108 localidades<\/strong>. Plazas en las que han lidiado\u00a0<strong>144 ganader\u00edas<\/strong>, algunas de ellas erepitiendo en varias ocasiones.<\/p>\n<p>Una de las patas fundamentales de este camino son los\u00a0<strong>novilleros con picadores,<\/strong>\u00a0y es que han sido\u00a0<strong>126<\/strong>\u00a0los que han hecho al menos un pase\u00edllo en los cert\u00e1menes. Adem\u00e1s,\u00a0<strong>25 de ellos<\/strong>\u00a0han tenido la oportunidad de\u00a0<strong>debutar con caballos<\/strong>. De todos estos novilleros, solo\u00a0<strong>22 han podido alcanzar el t\u00edtulo final<\/strong>, habi\u00e9ndose alzado como triunfador de un circuito.<\/p>\n<p>No solo de oro se han vestido los protagonistas, las cuadrillas tambi\u00e9n han tenido papel importante. Tanto es as\u00ed que se han firmado\u00a0<strong>3.110 boletines<\/strong>. Adem\u00e1s, para la celebraci\u00f3n de estos festejos ha sido imprescindible el trabajo de los\u00a0<strong>44 empresarios<\/strong>.<\/p>\n<p>La total promoci\u00f3n y difusi\u00f3n de los circuitos de la Liga Nacional de Novilladas no habr\u00eda sido posible sin la presencia de la televisi\u00f3n, puesto que se han\u00a0<strong>retransmitido en abierto un total de<\/strong>\u00a0<strong>80 novilladas con picadores<\/strong>.\u00a0Canal Sur, Telemadrid, Castilla y Le\u00f3n TV, Canal Extremadura, \u00c0 Punt \u00a0y Arag\u00f3n TV\u00a0han sido las cadenas presentes en las distintas ediciones de cada circuito.<\/p>\n<p>El colof\u00f3n a la presente temporada se pondr\u00e1 el\u00a0<strong>pr\u00f3ximo 19 de octubre en Sanl\u00facar de Barrameda<\/strong>. La localidad gaditana acoger\u00e1 la\u00a0<strong>Final de la Liga Nacional de Novilladas<\/strong>\u00a02025 donde\u00a0Tom\u00e1s Bastos, \u00c1lvaro Serrano, Carlos Tirado, Mario Vilau y Ruiz de Velasco\u00a0luchar\u00e1n, ante novillos de\u00a0Fuente Ymbro, por hacerse con el galard\u00f3n. La novillada dar\u00e1 comienzo a las\u00a0<strong>17:00 horas<\/strong>\u00a0y se podr\u00e1 seguir\u00a0<strong>por Canal Sur, \u00c0 Punt y Castilla la Mancha Media<\/strong>.<\/p>\n<p>Puedes consultar los datos en el\u00a0<strong>Dossier Informativo de la Liga Nacional de Novilladas 2021-2025<\/strong>\u00a0en el siguiente\u00a0<a href=\"https:\/\/fundaciontorodelidia.org\/wp-content\/uploads\/2025\/10\/Informe-LNN-2025_compressed_compressed.pdf\" rel=\"nofollow noopener\" target=\"_blank\">enlace<\/a>.<\/p>\n<p><a href=\"https:\/\/fundaciontorodelidia.org\/wp-content\/uploads\/2025\/10\/Informe-LNN-2025_compressed_compressed.pdf\" rel=\"nofollow noopener\" target=\"_blank\"><img fetchpriority=\"high\" decoding=\"async\" width=\"652\" height=\"463\" src=\"https:\/\/www.europesays.com\/es\/wp-content\/uploads\/2025\/10\/WEB-\u00b7-Portadas-Memorias-lnn-2025-05.png\" alt=\"\" class=\"wp-image-15567\"  \/><\/a><\/p>\n","protected":false},"excerpt":{"rendered":"El proyecto, que naci\u00f3 en el a\u00f1o 2021, ha dado la oportunidad de debutar con caballos a una&hellip;\n","protected":false},"author":2,"featured_media":178212,"comment_status":"","ping_status":"","sticky":false,"template":"","format":"standard","meta":{"footnotes":""},"categories":[277],"tags":[373,168,25,24,23,167,374],"class_list":{"0":"post-178211","1":"post","2":"type-post","3":"status-publish","4":"format-standard","5":"has-post-thumbnail","7":"category-toreo","8":"tag-bullfighting","9":"tag-deportes","10":"tag-es","11":"tag-espana","12":"tag-spain","13":"tag-sports","14":"tag-toreo"},"share_on_mastodon":{"url":"","error":""},"_links":{"self":[{"href":"https:\/\/www.europesays.com\/es\/wp-json\/wp\/v2\/posts\/178211","targetHints":{"allow":["GET"]}}],"collection":[{"href":"https:\/\/www.europesays.com\/es\/wp-json\/wp\/v2\/posts"}],"about":[{"href":"https:\/\/www.europesays.com\/es\/wp-json\/wp\/v2\/types\/post"}],"author":[{"embeddable":true,"href":"https:\/\/www.europesays.com\/es\/wp-json\/wp\/v2\/users\/2"}],"replies":[{"embeddable":true,"href":"https:\/\/www.europesays.com\/es\/wp-json\/wp\/v2\/comments?post=178211"}],"version-history":[{"count":0,"href":"https:\/\/www.europesays.com\/es\/wp-json\/wp\/v2\/posts\/178211\/revisions"}],"wp:featuredmedia":[{"embeddable":true,"href":"https:\/\/www.europesays.com\/es\/wp-json\/wp\/v2\/media\/178212"}],"wp:attachment":[{"href":"https:\/\/www.europesays.com\/es\/wp-json\/wp\/v2\/media?parent=178211"}],"wp:term":[{"taxonomy":"category","embeddable":true,"href":"https:\/\/www.europesays.com\/es\/wp-json\/wp\/v2\/categories?post=178211"},{"taxonomy":"post_tag","embeddable":true,"href":"https:\/\/www.europesays.com\/es\/wp-json\/wp\/v2\/tags?post=178211"}],"curies":[{"name":"wp","href":"https:\/\/api.w.org\/{rel}","templated":true}]}}