{"id":178219,"date":"2025-10-15T11:00:23","date_gmt":"2025-10-15T11:00:23","guid":{"rendered":"https:\/\/www.europesays.com\/es\/178219\/"},"modified":"2025-10-15T11:00:23","modified_gmt":"2025-10-15T11:00:23","slug":"mclaren-pone-el-ojo-en-verstappen","status":"publish","type":"post","link":"https:\/\/www.europesays.com\/es\/178219\/","title":{"rendered":"McLaren pone el ojo en Verstappen"},"content":{"rendered":"<p class=\"\"><b>La F\u00f3rmula 1 encara su recta final de la temporada. <\/b>Seis carreras restantes para poner fin al curso y muchos puntos todav\u00eda por repartir en lo que puede ser el campeonato m\u00e1s ajustado de los \u00faltimos a\u00f1os. Al menos desde 2021, cuando Max Verstappen gan\u00f3 su primer t\u00edtulo en la \u00faltima vuelta de aquel GP de Abu Dabi, poniendo fin a la hegemon\u00eda de Lewis Hamilton y Mercedes. <b>Pero esta vez puede significar el punto final de la era Verstappen-Red Bull despu\u00e9s de cuatro campeonatos consecutivos.<\/b> Aunque el neerland\u00e9s no ha dicho todav\u00eda su \u00faltima palabra.<b> Por eso, McLaren est\u00e1 con un ojo puesto en su rival y no se conf\u00eda<\/b>. Las distancias no son tan grandes y, desde el par\u00f3n veraniego, el piloto energ\u00e9tico ha acumulado una serie de buenos resultados que le han hecho recortar puntos a<b> Lando Norris y Oscar Piastri.<\/b><\/p>\n<p class=\"\">Y es que Verstappen no se baja del podio desde que la F\u00f3rmula 1 ha vuelto a la acci\u00f3n tras las vacaciones de verano. M\u00e1s concretamente, no se baja de los dos primeros pelda\u00f1os del podio. En su GP de casa, en los Pa\u00edses Bajos, fue segundo, al igual que esta \u00faltima carrera en Singapur. En Italia y Azerbaiy\u00e1n, dos citas que fueron consecutivas, <b>Verstappen se llev\u00f3 la victoria por delante de los McLaren. <\/b>Pero es que incluso en Marina Bay pudo recortar puntos: la carrera la gan\u00f3 Russell y el neerland\u00e9s supo defenderse al m\u00e1ximo de un Lando Norris que intent\u00f3 por todos los medios ponerse por delante del Red Bull. <b>Otro fin de semana m\u00e1s, el cuarto ya, que McLaren no gana una carrera. <\/b>De hecho, la \u00faltima vez fue en Zandvoort, cuando Piastri, l\u00edder del Mundial, se alz\u00f3 con la victoria en casa del gran rival.<\/p>\n<p class=\"\"><b>As\u00ed que McLaren no se puede despistar.<\/b> Ya han conseguido uno de sus objetivos del a\u00f1o, el Mundial de Constructores, pero todav\u00eda queda mucho por delante para conseguir tambi\u00e9n el de pilotos. Y tienen el doble de posibilidades que Red Bull, porque cuentan con sus dos pilotos como posibles candidatos. <b>Piastri sigue al frente con 336 puntos, 22 por delante de Norris y con 63 de ventaja sobre Verstappen (la diferencia con Lando es de 41 puntos). <\/b>Pero la tensi\u00f3n se palpa dentro del box de los papayas. Dos gallos en el mismo gallinero no siempre fue buena idea y, aunque la marca siga sin poner preferencias en la lucha por la corona de sus pilotos, s\u00ed tiene que poner calma en la batalla. Porque un enfrentamiento entre ambos podr\u00eda poner en jaque el t\u00edtulo, haciendo que Verstappen diera un gran salto adelante a apenas dos meses de poner fin al curso.<\/p>\n<p>Noticias relacionadas<a href=\"https:\/\/as.com\/motor\/formula_1\/sainz-cede-su-williams-a-browning-f202510-n\/\" class=\"s_m_w\" title=\"El brit\u00e1nico se subir\u00e1 al FW47 del espa\u00f1ol en los entrenamientos libres 1 del GP de M\u00e9xico de F1. Ya lo hizo en la prueba de Bahr\u00e9in, en el mes de marzo.\" data-tb-link=\"\" rel=\"nofollow noopener\" target=\"_blank\"><img decoding=\"async\" src=\"https:\/\/www.europesays.com\/es\/wp-content\/uploads\/2025\/10\/MOLTPFUY3REABH2JYIGEUYBWFQ.jpg\" alt=\"Sainz cede su Williams a Browning\" class=\"\" height=\"1\" width=\"1\"   loading=\"lazy\" data-tb-thumbnail=\"\"\/><\/a><a href=\"https:\/\/as.com\/motor\/formula_1\/gp-de-estados-unidos-de-f1-tv-horarios-y-donde-ver-las-carreras-en-austin-en-directo-online-f202510-n\/\" class=\"s_m_w\" title=\"Conoce la fecha, hora, d\u00f3nde ver en directo por televisi\u00f3n y c\u00f3mo seguir en vivo online el GP de Estados Unidos 2025 de F\u00f3rmula 1 en Austin, 19\u00aa cita del a\u00f1o.\" data-tb-link=\"\" rel=\"nofollow noopener\" target=\"_blank\"><img decoding=\"async\" src=\"https:\/\/www.europesays.com\/es\/wp-content\/uploads\/2025\/10\/1760526022_503_2HQ25KQFUNGZ7G4WNHKURST6BY.jpg\" alt=\"GP de Estados Unidos de F1: TV, horarios y d\u00f3nde ver las carreras en Austin en directo online\" class=\"\" height=\"1\" width=\"1\"   loading=\"lazy\" data-tb-thumbnail=\"\"\/><\/a><\/p>\n<p class=\"\">Habr\u00e1 pelea entre compa\u00f1eros de equipo, pero tiene que ser limpia. Algo en lo que insiste mucho <b>Zak Brown,<\/b> que tambi\u00e9n tendr\u00e1 que recordarles a sus pilotos lo cerca que est\u00e1 el de Red Bull en esta lucha: <b>\u201cAunque nos gustar\u00eda que todo dependiera solo de nuestros dos pilotos, Max sigue muy presente. <\/b>Creo que la clave ha sido que el equipo se ha mantenido muy concentrado, pero tambi\u00e9n muy humilde\u201d. Lo que tiene claro es que seguir\u00e1n con la misma estrategia que hasta ahora, sin \u00f3rdenes de equipo y sin beneficiar m\u00e1s a uno que otro. Las opciones son posibles para ambos, as\u00ed que todo se decidir\u00e1 en pista: <b>\u201cAs\u00ed que seguiremos haciendo lo mismo.<\/b> Nuestra estrategia no cambiar\u00e1 por haber ganado el Campeonato de Constructores; afrontaremos los fines de semana de carreras restantes de la misma manera que todos los anteriores\u201d. Eso s\u00ed, no es algo que est\u00e9 exento de pol\u00e9mica y opiniones controversiales. De hecho, <b>Mario Andretti, <\/b>excampe\u00f3n de la F1, los acus\u00f3 en La Gazzetta dello Sport de favorecer a Norris: \u201cMe gusta Piastri por su determinaci\u00f3n, pero me parece que en McLaren, por alguna raz\u00f3n, que desconozco, <b>prefieren a Lando Norris\u201d.<\/b><\/p>\n<p class=\"\"><b>\u00a1Tus opiniones importan!<\/b> Comenta en los art\u00edculos y suscr\u00edbete gratis a nuestra <a href=\"https:\/\/asfan.as.com\/newsletters\/\" target=\"_blank\" rel=\"nofollow noopener\" title=\"https:\/\/asfan.as.com\/newsletters\/\">newsletter<\/a> y a las alertas informativas en la <a href=\"https:\/\/as.com\/aplicacion-de-as-n\/\" target=\"_blank\" rel=\"nofollow noopener\" title=\"https:\/\/as.com\/aplicacion-de-as-n\/\">App<\/a> o el canal de <a href=\"https:\/\/www.whatsapp.com\/channel\/0029VaAasdA7j6g745nz9M10\" target=\"_blank\" rel=\"nofollow noopener\" title=\"https:\/\/www.whatsapp.com\/channel\/0029VaAasdA7j6g745nz9M10\">WhatsApp<\/a>. \u00bfBuscas licenciar contenido? Haz clic <a href=\"https:\/\/profesional.elpais.com\/soluciones-sindicacion?utm_medium=interno&amp;utm_source=crosslinking&amp;utm_campaign=sindicacion_as_pie_articulos\" target=\"_blank\" rel=\"nofollow noopener\" title=\"https:\/\/profesional.elpais.com\/soluciones-sindicacion?utm_medium=interno&amp;utm_source=crosslinking&amp;utm_campaign=sindicacion_as_pie_articulos\">aqu\u00ed<\/a><\/p>\n","protected":false},"excerpt":{"rendered":"La F\u00f3rmula 1 encara su recta final de la temporada. Seis carreras restantes para poner fin al curso&hellip;\n","protected":false},"author":2,"featured_media":36534,"comment_status":"","ping_status":"","sticky":false,"template":"","format":"standard","meta":{"footnotes":""},"categories":[270],"tags":[168,25,24,306,271,272,23,167],"class_list":{"0":"post-178219","1":"post","2":"type-post","3":"status-publish","4":"format-standard","5":"has-post-thumbnail","7":"category-formula-1","8":"tag-deportes","9":"tag-es","10":"tag-espana","11":"tag-f1","12":"tag-formula-1","13":"tag-formula1","14":"tag-spain","15":"tag-sports"},"share_on_mastodon":{"url":"","error":""},"_links":{"self":[{"href":"https:\/\/www.europesays.com\/es\/wp-json\/wp\/v2\/posts\/178219","targetHints":{"allow":["GET"]}}],"collection":[{"href":"https:\/\/www.europesays.com\/es\/wp-json\/wp\/v2\/posts"}],"about":[{"href":"https:\/\/www.europesays.com\/es\/wp-json\/wp\/v2\/types\/post"}],"author":[{"embeddable":true,"href":"https:\/\/www.europesays.com\/es\/wp-json\/wp\/v2\/users\/2"}],"replies":[{"embeddable":true,"href":"https:\/\/www.europesays.com\/es\/wp-json\/wp\/v2\/comments?post=178219"}],"version-history":[{"count":0,"href":"https:\/\/www.europesays.com\/es\/wp-json\/wp\/v2\/posts\/178219\/revisions"}],"wp:featuredmedia":[{"embeddable":true,"href":"https:\/\/www.europesays.com\/es\/wp-json\/wp\/v2\/media\/36534"}],"wp:attachment":[{"href":"https:\/\/www.europesays.com\/es\/wp-json\/wp\/v2\/media?parent=178219"}],"wp:term":[{"taxonomy":"category","embeddable":true,"href":"https:\/\/www.europesays.com\/es\/wp-json\/wp\/v2\/categories?post=178219"},{"taxonomy":"post_tag","embeddable":true,"href":"https:\/\/www.europesays.com\/es\/wp-json\/wp\/v2\/tags?post=178219"}],"curies":[{"name":"wp","href":"https:\/\/api.w.org\/{rel}","templated":true}]}}