{"id":178224,"date":"2025-10-15T11:03:06","date_gmt":"2025-10-15T11:03:06","guid":{"rendered":"https:\/\/www.europesays.com\/es\/178224\/"},"modified":"2025-10-15T11:03:06","modified_gmt":"2025-10-15T11:03:06","slug":"susanna-griso-arrasa-en-el-hormiguero-con-el-look-con-significado-oculto-que-llevan-las-mujeres-con-poder","status":"publish","type":"post","link":"https:\/\/www.europesays.com\/es\/178224\/","title":{"rendered":"Susanna Griso arrasa en &#8216;El Hormiguero&#8217; con el &#8216;look&#8217; con significado oculto que llevan las mujeres con poder"},"content":{"rendered":"<p class=\"c-paragraph\">Anoche,<b> Susanna Griso fue a divertirse a El Hormiguero<\/b> para hablar de su 20\u00ba aniversario como presentadora de Espejo P\u00fablico y su larga carrera como periodista. Sin embargo, <b>el tema principal de toda la entrevista fue la inminente boda<\/b> de la catalana con el empresario Luis Enr\u00edquez, que hace una semana anunciaban su intenci\u00f3n de casarse tan solo siete meses despu\u00e9s de oficializar su relaci\u00f3n.<\/p>\n<p class=\"c-paragraph\">Nada m\u00e1s sentarse en la mesa, Pablo Motos decidi\u00f3 mencionar al elefante en la habitaci\u00f3n: <b>\u00abTe casa en julio\u00bb<\/b>, le dijo a la presentadora, a lo que ella respondi\u00f3 que si bien quer\u00eda mantenerlo en secreto, con un 80 % de los invitados siendo periodistas, era una tarea pr\u00e1cticamente imposible. \u00abDebo decir que se han portado bastante bien porque,\u00a0<b><b>que yo sepa, no ha salido de nuestro c\u00edrculo cercano<\/b><\/b>\u00ab, comentaba.<\/p>\n<p class=\"c-paragraph\">Otro de los puntos claves que tocaron durante la entrevista fue el tema del dress code, algo que Susanna tiene bastante claro, ya que quiere que invitados vayan <b>\u00aben traje de lino o en guayabera\u00bb<\/b>.\u00a0\u00abSi lo hace el rey, lo voy a permitir yo el d\u00eda de mi boda\u00bb,\u00a0a\u00f1adi\u00f3 la comunicadora.<\/p>\n<p>El &#8216;look&#8217; con significado oculto de Susanna Griso\u00a0<\/p>\n<p class=\"c-paragraph\">La moda fue uno de los temas m\u00e1s importantes, no solo por el estilismo de sus invitados, sino tambi\u00e9n por el que llev\u00f3 Susanna Griso al programa, sorprendiendo con un look que no solo van a querer llevar las mujeres con m\u00e1s estilo a la oficina, sino que tambi\u00e9n<b> es el favorito de las periodistas.<\/b><\/p>\n<p class=\"c-paragraph\">La presentadora sali\u00f3 al plat\u00f3 con una <b>camisa azul pastel oversize, de corte masculino<\/b> y con las mangas a tres cuartos, para darle un aire m\u00e1s desenfadado (y favorecedor) a la prenda. Lo combin\u00f3 con unos <b>pantalones vaqueros<\/b> tobilleros, zapatos de tac\u00f3n y, el accesorio m\u00e1s llamativo, una <b>corbata con estampado de cuadros.\u00a0<\/b><\/p>\n<p class=\"c-paragraph\">Esta misma prenda la hemos visto en otras compa\u00f1eras de profesi\u00f3n de Griso, como<b><a href=\"https:\/\/www.20minutos.es\/mujer\/moda\/accesorio-masculino-silvia-intxaurrondo-potente-mensaje-oculto_6241023_0.html\" title=\"El accesorio masculino de Silvia Intxaurrondo con un potente mensaje oculto\" rel=\"nofollow noopener\" target=\"_blank\"> Silvia Intxaurrondo<\/a><\/b>, que se las pone cada ma\u00f1ana para presentar La hora de la 1. Sin embargo, esta decisi\u00f3n de las dos periodistas no es algo escogido al azar, tal y como nos contaba a\u00a0Mujer.es\u00a0<b><b>Jes\u00fas Reyes, periodista experto en moda, estilista y autor de la gu\u00eda de estilo<\/b><\/b>\u00a0<b><b>Alter Ego<\/b><\/b>,\u00a0puesto que tiene un claro mensaje detr\u00e1s.<\/p>\n<p class=\"c-paragraph\">\u00abLo que est\u00e1 haciendo Silvia Intxaurrondo al incorporar camisa y corbata masculina en sus estilismos televisivos no es un simple gesto est\u00e9tico: es un\u00a0<b>statement<\/b>\u00a0<b><b>de autoridad<\/b><\/b>. En el medio audiovisual, donde cada detalle comunica, la corbata funciona como un accesorio de poder\u00bb, aclaraba.<\/p>\n<p class=\"c-paragraph\">Por este motivo, cada vez son m\u00e1s las mujeres en el mundo de los negocios que apuestan por esta prenda en sus looks cuando tienen una reuni\u00f3n importante o, simplemente, para ir a trabajar. Si <b>en los 80<\/b>, con su incorporaci\u00f3n masiva al mundo laboral, aparecieron con el<b> power suit <\/b>para reafirmar su presencia, en el 2020, <b>las mujeres reclaman el poder con sus corbatas.<\/b><\/p>\n","protected":false},"excerpt":{"rendered":"Anoche, Susanna Griso fue a divertirse a El Hormiguero para hablar de su 20\u00ba aniversario como presentadora de&hellip;\n","protected":false},"author":2,"featured_media":178225,"comment_status":"","ping_status":"","sticky":false,"template":"","format":"standard","meta":{"footnotes":""},"categories":[174],"tags":[7200,255,24171,146,147,25,24,256,32231,17775,23,32230],"class_list":{"0":"post-178224","1":"post","2":"type-post","3":"status-publish","4":"format-standard","5":"has-post-thumbnail","7":"category-famosos","8":"tag-arrasa","9":"tag-celebrities","10":"tag-con","11":"tag-entertainment","12":"tag-entretenimiento","13":"tag-es","14":"tag-espana","15":"tag-famosos","16":"tag-griso","17":"tag-hormiguero","18":"tag-spain","19":"tag-susanna"},"share_on_mastodon":{"url":"","error":""},"_links":{"self":[{"href":"https:\/\/www.europesays.com\/es\/wp-json\/wp\/v2\/posts\/178224","targetHints":{"allow":["GET"]}}],"collection":[{"href":"https:\/\/www.europesays.com\/es\/wp-json\/wp\/v2\/posts"}],"about":[{"href":"https:\/\/www.europesays.com\/es\/wp-json\/wp\/v2\/types\/post"}],"author":[{"embeddable":true,"href":"https:\/\/www.europesays.com\/es\/wp-json\/wp\/v2\/users\/2"}],"replies":[{"embeddable":true,"href":"https:\/\/www.europesays.com\/es\/wp-json\/wp\/v2\/comments?post=178224"}],"version-history":[{"count":0,"href":"https:\/\/www.europesays.com\/es\/wp-json\/wp\/v2\/posts\/178224\/revisions"}],"wp:featuredmedia":[{"embeddable":true,"href":"https:\/\/www.europesays.com\/es\/wp-json\/wp\/v2\/media\/178225"}],"wp:attachment":[{"href":"https:\/\/www.europesays.com\/es\/wp-json\/wp\/v2\/media?parent=178224"}],"wp:term":[{"taxonomy":"category","embeddable":true,"href":"https:\/\/www.europesays.com\/es\/wp-json\/wp\/v2\/categories?post=178224"},{"taxonomy":"post_tag","embeddable":true,"href":"https:\/\/www.europesays.com\/es\/wp-json\/wp\/v2\/tags?post=178224"}],"curies":[{"name":"wp","href":"https:\/\/api.w.org\/{rel}","templated":true}]}}