{"id":178250,"date":"2025-10-15T11:18:12","date_gmt":"2025-10-15T11:18:12","guid":{"rendered":"https:\/\/www.europesays.com\/es\/178250\/"},"modified":"2025-10-15T11:18:12","modified_gmt":"2025-10-15T11:18:12","slug":"el-look-de-cuero-de-victoria-federica-y-las-palabras-de-la-infanta-elena-sobre-morante-de-la-puebla-gracias-jose-antonio","status":"publish","type":"post","link":"https:\/\/www.europesays.com\/es\/178250\/","title":{"rendered":"El look de cuero de Victoria Federica y las palabras de la infanta Elena sobre Morante de la Puebla: \u00abGracias Jos\u00e9 Antonio\u00bb"},"content":{"rendered":"<p><img loading=\"lazy\" decoding=\"async\" src=\"https:\/\/www.europesays.com\/es\/wp-content\/uploads\/2025\/10\/1760450890_434_100x100_informalia-logo.jpg\" itemtype=\"\/\/schema.org\/ImageObject\" itemprop=\"url\" alt=\"Informalia\" width=\"64\" height=\"64\" pinger-seen=\"true\"\/><\/p>\n<p>Madre e hija fueron protagonistas este martes de dos actos distintos.<b> La infanta Elena presidi\u00f3 la XXIII edici\u00f3n de los Premios Taurinos de Telemadrid<\/b>, que se celebraron en el Teatro Calder\u00f3n de Madrid y en los que se galardon\u00f3 a los triunfadores de la Feria de San Isidro, incluido Morante de la Puebla, que precisamente <a href=\"https:\/\/www.eleconomista.es\/informalia\/famosos\/noticias\/13590683\/10\/25\/susanna-griso-celebra-la-inesperada-retirada-de-morante-de-la-puebla-se-decia-que-lo-iba-a-matar-un-toro-en-la-plaza.html\" title=\"Susanna Griso y Ana Rosa comentan el adi\u00f3s de Morante de la Puebla: &quot;Se dec\u00eda que lo iba a matar un toro en la plaza&quot;\" rel=\"nofollow noopener\" target=\"_blank\">se retir\u00f3 por sorpresa este domingo en la corrida del 12 de octubre en Madrid<\/a>.<b> <\/b><\/p>\n<p><b>Victoria Federica<\/b>, por su parte, no se perdi\u00f3, en el madrile\u00f1o palacete de Fortuny, reconvertido en una caseta para la ocasi\u00f3n, la presentaci\u00f3n de<b> la primera edici\u00f3n de la Feria de Mayo <\/b>que se celebrar\u00e1 entre el 26 y el 31 de mayo de 2026 y en la que habr\u00e1 numerosas actividades como el primer Sal\u00f3n Internacional de Moda Castiza. Hay que recordar que ella fue la protagonista del cartel de la Feria de San Isidro 2025.<\/p>\n<p><b>Vic, de negro al completo<\/b>, escogi\u00f3 un look de cuero formado por una camisa de corte cl\u00e1sico y una falta midi con silueta l\u00e1piz que destacaba sus curvas. Complet\u00f3 el atuendo con unos maxipendientes redondos de plata y complement\u00f3 su bolso negro con varios claveles rojos. Los zapatos de tac\u00f3n que eligi\u00f3 eran de punta redonda.<\/p>\n<p>                            <img decoding=\"async\" src=\"https:\/\/www.europesays.com\/es\/wp-content\/uploads\/2025\/10\/770x_victoria-federica-look.jpg\" loading=\"lazy\"\/><\/p>\n<p>En cuanto a la infanta Elena, dijo sobre el escenario de los galardones taurinos que presidi\u00f3: \u00abEs un honor acompa\u00f1aros hoy en esta 23 edici\u00f3n de los Premios Telemadrid. Una cita que nos re\u00fane para celebrar el arte, el valor y la entrega que definen al mundo del torero. Un mundo estrechamente vinculado a nuestras ra\u00edces y tradiciones, que siempre ha contado con la admiraci\u00f3n y el respeto de una parte esencial porque hablar de torero es hablar tambi\u00e9n de identidad, de belleza y de una forma \u00fanica de entender la vida.<b> El torero forma parte del alba de Espa\u00f1a, representa la valent\u00eda, el respeto, la belleza y la verdad<\/b>, valores que trascienden el ruedo y nos recuerdan la importancia de conservar aquello que nos une y nos identifica como pueblo\u00bb.<\/p>\n<p>                            <img decoding=\"async\" src=\"https:\/\/www.europesays.com\/es\/wp-content\/uploads\/2025\/10\/770x_infanta-elena-premios.jpg\" loading=\"lazy\"\/><\/p>\n<p><b>El look de la infanta <\/b>estaba compuesto por falda midi plisada de seda en color azul marino, chaqueta blanca de corte estructurado con botones en plata que dejaba a la vista el cuello de su blusa, de organza estampada en blanco y negro, y zapatos de tac\u00f3n sensato. En cuanto a los complementos, la cu\u00f1ada de la reina Letizia luci\u00f3 un broche en la solapa, unos pendientes de alambre met\u00e1lico con forma de flor y un abanico negro muy castizo.<\/p>\n<p>Tuvo tambi\u00e9n unas palabras para Morante de la Puebla, que como dec\u00edamos se retir\u00f3 por sorpresa en Madrid este domingo en la corrida de la Fiesta Nacional, a la que <a href=\"https:\/\/www.eleconomista.es\/informalia\/famosos\/noticias\/13589843\/10\/25\/el-plan-de-victoria-federica-con-su-madre-en-el-dia-de-la-fiesta-nacional-el-bolso-espanol-de-la-infanta-elena.html\" title=\"El plan de Victoria Federica con su madre en el D\u00eda de la Fiesta Nacional: el bolso espa\u00f1ol de la infanta Elena\" rel=\"nofollow noopener\" target=\"_blank\">tambi\u00e9n acudieron la propia infanta Elena y Victoria Federica<\/a>. En los premios de este martes fue premiado pero en su lugar asisti\u00f3 Curro V\u00e1zquez.<\/p>\n<p>\u00abA los premiados, a Jos\u00e9 Antonio Morante de la Puebla. En este contexto de reconocimiento y gratitu<b>d no puedo dejar pasar la oportunidad de recordar la tarde inolvidable de Jos\u00e9 Antonio, que nos brind\u00f3 el pasado domingo<\/b>. Te vas de la plaza como te mereces, pero jam\u00e1s de nuestras almas, que conectaron tantas veces tu arte, tu maestr\u00eda, tu forma de templar la vida\u00bb, a\u00f1adi\u00f3 la hija del rey Juan Carlos.<\/p>\n<p>                            <img decoding=\"async\" src=\"https:\/\/www.europesays.com\/es\/wp-content\/uploads\/2025\/10\/morante-puebla-retirada-1200.jpg\" loading=\"lazy\"\/><\/p>\n<p>Sobre el torero, que se ha despedido de las plazas con 46 a\u00f1os reci\u00e9n cumplidos, sentenci\u00f3: \u00ab<b>Gracias Jos\u00e9 Antonio, has sido y siempre ser\u00e1s un referente del arte taurino, ejemplo de inspiraci\u00f3n, dedicaci\u00f3n y autenticidad<\/b>. Ser\u00e1s el adi\u00f3s de la tauromaquia que nunca sabr\u00e1 decir\u00bb.<\/p>\n<p>WhatsApp<a href=\"https:\/\/api.whatsapp.com\/send?text=https:\/\/www.eleconomista.es\/informalia\/casas-reales\/noticias\/13593715\/10\/25\/el-look-de-cuero-de-victoria-federica-y-las-palabras-de-la-infanta-elena-a-morante-de-la-puebla-gracias-jose-antonio.html?utm_source%3Dwhatsapp%26utm_medium%3Dshare_button&amp;id=1648118629957_whatsapp\" target=\"_blank\" data-action=\"share\/whatsapp\/share\" aria-label=\"Compartir en Whatsapp\" rel=\"nofollow noopener\"><\/a>Facebook<a id=\"fb-share\" href=\"#\" target=\"_blank\" rel=\"noopener noreferrer\" aria-label=\"Compartir en Facebook\"><\/a>Twitter<a href=\"https:\/\/twitter.com\/share?text=El+look+de+cuero+de+Victoria+Federica+y+las+palabras+de+la+infanta+Elena+sobre+Morante+de+la+Puebla%3A+%22Gracias+Jos%C3%A9+Antonio%22&amp;url=https:\/\/www.eleconomista.es\/informalia\/casas-reales\/noticias\/13593715\/10\/25\/el-look-de-cuero-de-victoria-federica-y-las-palabras-de-la-infanta-elena-a-morante-de-la-puebla-gracias-jose-antonio.html&amp;via=Informalia&amp;id=1648118839245_twitter\" target=\"_blank\" aria-label=\"Compartir en Twitter\" rel=\"nofollow noopener\"><\/a>Linkedin<a onclick=\"return abrirLinkedin();\" href=\"https:\/\/www.linkedin.com\/shareArticle?text=El+look+de+cuero+de+Victoria+Federica+y+las+palabras+de+la+infanta+Elena+sobre+Morante+de+la+Puebla%3A+%22Gracias+Jos%C3%A9+Antonio%22&amp;url=https:\/\/www.eleconomista.es\/informalia\/casas-reales\/noticias\/13593715\/10\/25\/el-look-de-cuero-de-victoria-federica-y-las-palabras-de-la-infanta-elena-a-morante-de-la-puebla-gracias-jose-antonio.html&amp;mini=true\" target=\"_blank\" aria-label=\"Compartir en linkedin\" rel=\"nofollow noopener\"><\/a>Beloud<a href=\"https:\/\/beloud.com\/share?text=El+look+de+cuero+de+Victoria+Federica+y+las+palabras+de+la+infanta+Elena+sobre+Morante+de+la+Puebla%3A+%22Gracias+Jos%C3%A9+Antonio%22&amp;url=https:\/\/www.eleconomista.es\/informalia\/casas-reales\/noticias\/13593715\/10\/25\/el-look-de-cuero-de-victoria-federica-y-las-palabras-de-la-infanta-elena-a-morante-de-la-puebla-gracias-jose-antonio.html&amp;via=Informalia&amp;id=1648118839245_beloud\" target=\"_blank\" aria-label=\"Compartir en beloud\" rel=\"nofollow noopener\"><\/a>Bluesky<a href=\"https:\/\/bsky.app\/intent\/compose?text=https:\/\/bsky.app\/intent\/compose?text=https:\/\/www.eleconomista.es\/informalia\/casas-reales\/noticias\/13593715\/10\/25\/el-look-de-cuero-de-victoria-federica-y-las-palabras-de-la-infanta-elena-a-morante-de-la-puebla-gracias-jose-antonio.html&amp;url=https:\/\/www.eleconomista.es\/informalia\/casas-reales\/noticias\/13593715\/10\/25\/el-look-de-cuero-de-victoria-federica-y-las-palabras-de-la-infanta-elena-a-morante-de-la-puebla-gracias-jose-antonio.html&amp;via=elEconomistaes&amp;id=1648118839245_bluesky\" target=\"_blank\" aria-label=\"Compartir en bluesky\" rel=\"nofollow noopener\"><\/a><\/p>\n<p><script async src=\"https:\/\/platform.twitter.com\/widgets.js\" charset=\"utf-8\"><\/script><\/p>\n","protected":false},"excerpt":{"rendered":"Madre e hija fueron protagonistas este martes de dos actos distintos. La infanta Elena presidi\u00f3 la XXIII edici\u00f3n&hellip;\n","protected":false},"author":2,"featured_media":178251,"comment_status":"","ping_status":"","sticky":false,"template":"","format":"standard","meta":{"footnotes":""},"categories":[277],"tags":[373,14486,168,25,24,23,167,374],"class_list":{"0":"post-178250","1":"post","2":"type-post","3":"status-publish","4":"format-standard","5":"has-post-thumbnail","7":"category-toreo","8":"tag-bullfighting","9":"tag-casas-reales","10":"tag-deportes","11":"tag-es","12":"tag-espana","13":"tag-spain","14":"tag-sports","15":"tag-toreo"},"share_on_mastodon":{"url":"","error":""},"_links":{"self":[{"href":"https:\/\/www.europesays.com\/es\/wp-json\/wp\/v2\/posts\/178250","targetHints":{"allow":["GET"]}}],"collection":[{"href":"https:\/\/www.europesays.com\/es\/wp-json\/wp\/v2\/posts"}],"about":[{"href":"https:\/\/www.europesays.com\/es\/wp-json\/wp\/v2\/types\/post"}],"author":[{"embeddable":true,"href":"https:\/\/www.europesays.com\/es\/wp-json\/wp\/v2\/users\/2"}],"replies":[{"embeddable":true,"href":"https:\/\/www.europesays.com\/es\/wp-json\/wp\/v2\/comments?post=178250"}],"version-history":[{"count":0,"href":"https:\/\/www.europesays.com\/es\/wp-json\/wp\/v2\/posts\/178250\/revisions"}],"wp:featuredmedia":[{"embeddable":true,"href":"https:\/\/www.europesays.com\/es\/wp-json\/wp\/v2\/media\/178251"}],"wp:attachment":[{"href":"https:\/\/www.europesays.com\/es\/wp-json\/wp\/v2\/media?parent=178250"}],"wp:term":[{"taxonomy":"category","embeddable":true,"href":"https:\/\/www.europesays.com\/es\/wp-json\/wp\/v2\/categories?post=178250"},{"taxonomy":"post_tag","embeddable":true,"href":"https:\/\/www.europesays.com\/es\/wp-json\/wp\/v2\/tags?post=178250"}],"curies":[{"name":"wp","href":"https:\/\/api.w.org\/{rel}","templated":true}]}}