{"id":178297,"date":"2025-10-15T11:51:09","date_gmt":"2025-10-15T11:51:09","guid":{"rendered":"https:\/\/www.europesays.com\/es\/178297\/"},"modified":"2025-10-15T11:51:09","modified_gmt":"2025-10-15T11:51:09","slug":"ana-gonzalez-pinto-presenta-su-libro-querido-miedo-nacido-de-experiencias-personales-ocio-y-cultura","status":"publish","type":"post","link":"https:\/\/www.europesays.com\/es\/178297\/","title":{"rendered":"Ana Gonz\u00e1lez Pinto presenta su libro &#8216;Querido Miedo&#8217;, nacido de experiencias personales | Ocio y cultura"},"content":{"rendered":"<p>&#8216;Querido miedo&#8217; abre las puertas a trav\u00e9s de cartas autobiogr\u00e1ficas a dialogar con aquello que todas las personas compartimos: el miedo. Con una voz cercana, valiente y profundamente honesta, la autora recorre temores universales \u2014al fracaso, a no ser suficiente, al amor, al ego\u2014 y los convierte en un viaje de autodescubrimiento. <\/p>\n<p>En Hoy por Hoy Sevilla hemos contado con la autora, Ana Gonz\u00e1lez Pinto y con Antonio V\u00e1zquez Morej\u00f3n, psic\u00f3logo cl\u00ednico, que ha apostillado algunos de los temas que ha ido contando Ana: \u00abTodo empez\u00f3 hace 10 a\u00f1os que pas\u00e9 una \u00e9poca muy mala, y un profesional de la psicolog\u00eda me aconsej\u00f3 que escribiera cartas para sacar todo lo que ten\u00eda dentro\u00bb. \u00abAl cabo de los a\u00f1os, y en M\u00e9jico, un escritor y amigo me dijo que eso ten\u00eda forma de libro y que podr\u00eda ayudar a mucha gente\u00bb.<\/p>\n<p>Prologado por la empresaria y autora Bisila Bokoko, el libro no busca eliminar el miedo, sino transformarlo en un aliado para crecer, avanzar y vivir con mayor plenitud. Una obra inspiradora que conecta con cualquier lector que, en silencio, alguna vez se haya preguntado: \u00bfQu\u00e9 har\u00eda si no tuviera miedo?<\/p>\n<p>Querido miedo es una obra que invita a mirar de frente a los miedos m\u00e1s universales y a convertirlos en motor de crecimiento personal. En estas p\u00e1ginas, Ana abre un di\u00e1logo honesto con sus propios temores y los comparte con el lector desde la cercan\u00eda y la autenticidad. El resultado es un recorrido vital que conecta con quienes alguna vez han sentido que el miedo paraliza\u2026 pero tambi\u00e9n inspira a descubrir c\u00f3mo puede ser una fuente de aprendizaje y fortaleza. <\/p>\n<p>Ana Gonz\u00e1lez Pinto es periodista, experta en comunicaci\u00f3n y en igualdad. Con una s\u00f3lida trayectoria como directora de comunicaci\u00f3n y formadora internacional, se ha consolidado como una de las voces m\u00e1s influyentes en liderazgo femenino, diversidad y crecimiento personal. Adem\u00e1s de dirigir su consultora Mujer F\u00e9nix, desde donde impulsa proyectos de transformaci\u00f3n en empresas y organizaciones, Ana combina su experiencia con una vocaci\u00f3n clara: inspirar a las personas a comunicarse mejor, liderar con autenticidad y romper barreras internas y externas.<\/p>\n","protected":false},"excerpt":{"rendered":"&#8216;Querido miedo&#8217; abre las puertas a trav\u00e9s de cartas autobiogr\u00e1ficas a dialogar con aquello que todas las personas&hellip;\n","protected":false},"author":2,"featured_media":178298,"comment_status":"","ping_status":"","sticky":false,"template":"","format":"standard","meta":{"footnotes":""},"categories":[172],"tags":[224,146,147,25,24,225,23],"class_list":{"0":"post-178297","1":"post","2":"type-post","3":"status-publish","4":"format-standard","5":"has-post-thumbnail","7":"category-libros","8":"tag-books","9":"tag-entertainment","10":"tag-entretenimiento","11":"tag-es","12":"tag-espana","13":"tag-libros","14":"tag-spain"},"share_on_mastodon":{"url":"","error":""},"_links":{"self":[{"href":"https:\/\/www.europesays.com\/es\/wp-json\/wp\/v2\/posts\/178297","targetHints":{"allow":["GET"]}}],"collection":[{"href":"https:\/\/www.europesays.com\/es\/wp-json\/wp\/v2\/posts"}],"about":[{"href":"https:\/\/www.europesays.com\/es\/wp-json\/wp\/v2\/types\/post"}],"author":[{"embeddable":true,"href":"https:\/\/www.europesays.com\/es\/wp-json\/wp\/v2\/users\/2"}],"replies":[{"embeddable":true,"href":"https:\/\/www.europesays.com\/es\/wp-json\/wp\/v2\/comments?post=178297"}],"version-history":[{"count":0,"href":"https:\/\/www.europesays.com\/es\/wp-json\/wp\/v2\/posts\/178297\/revisions"}],"wp:featuredmedia":[{"embeddable":true,"href":"https:\/\/www.europesays.com\/es\/wp-json\/wp\/v2\/media\/178298"}],"wp:attachment":[{"href":"https:\/\/www.europesays.com\/es\/wp-json\/wp\/v2\/media?parent=178297"}],"wp:term":[{"taxonomy":"category","embeddable":true,"href":"https:\/\/www.europesays.com\/es\/wp-json\/wp\/v2\/categories?post=178297"},{"taxonomy":"post_tag","embeddable":true,"href":"https:\/\/www.europesays.com\/es\/wp-json\/wp\/v2\/tags?post=178297"}],"curies":[{"name":"wp","href":"https:\/\/api.w.org\/{rel}","templated":true}]}}