{"id":178311,"date":"2025-10-15T11:58:16","date_gmt":"2025-10-15T11:58:16","guid":{"rendered":"https:\/\/www.europesays.com\/es\/178311\/"},"modified":"2025-10-15T11:58:16","modified_gmt":"2025-10-15T11:58:16","slug":"esto-acaba-de-pasar-en-el-sol","status":"publish","type":"post","link":"https:\/\/www.europesays.com\/es\/178311\/","title":{"rendered":"esto acaba de pasar en el Sol"},"content":{"rendered":"<p> <img decoding=\"async\" fetchpriority=\"high\" src=\"https:\/\/www.europesays.com\/es\/wp-content\/uploads\/2025\/10\/por-que-se-habla-de-posibles-auroras-boreales-en-espana-esto-acaba-de-pasar-en-el-sol-1760513037593_.jpeg\"  width=\"768\" height=\"432\" alt=\"Sol\" title=\"Sol\" data-image=\"x6n0um54nz7u\"\/>En los \u00faltimos d\u00edas el Sol ha lanzado varias tormentas que viajan en direcci\u00f3n a la Tierra.   <img decoding=\"async\" fetchpriority=\"high\" src=\"https:\/\/www.europesays.com\/es\/wp-content\/uploads\/2025\/08\/rocio-gonzalez.jpg\" alt=\"Rocio Gonz\u00e1lez\" width=\"40\" height=\"40\"\/>    <a class=\"nombre text-hv\" href=\"https:\/\/www.tiempo.com\/autor\/rocio-gonzalez\/\" title=\"Rocio Gonz\u00e1lez\" rel=\"nofollow noopener\" target=\"_blank\">Rocio Gonz\u00e1lez<\/a>       15\/10\/2025 11:15   6 min   <\/p>\n<p>El <strong>Sol <\/strong>vuelve a estar inquieto. En los \u00faltimos d\u00edas <strong>ha lanzado varias tormentas que viajan en direcci\u00f3n a la Tierra<\/strong>, despertando la expectaci\u00f3n por un fen\u00f3meno tan raro como fascinante: la posibilidad de que se vean auroras boreales en Espa\u00f1a. <\/p>\n<p>\u00bfQu\u00e9 acaba de pasar en el Sol?<\/p>\n<p>Seg\u00fan la cient\u00edfica del clima espacial Tamitha Skov, <strong>una regi\u00f3n activa del Sol, denominada 4246, acaba de lanzar varias tormentas solares en direcci\u00f3n a la Tierra<\/strong>. Adem\u00e1s, otras regiones, las 4248 y 4250, est\u00e1n rotando hacia posiciones que podr\u00edan producir nuevas eyecciones en los pr\u00f3ximos d\u00edas.<\/p>\n<p>En sus \u00faltimos an\u00e1lisis, Skov explica que no se trata de una \u00fanica explosi\u00f3n, sino de <strong>un conjunto de eyecciones de masa coronal que podr\u00edan coincidir temporalmente<\/strong>, lo que aumentar\u00eda su efecto combinado sobre la magnetosfera terrestre. Tambi\u00e9n se ha detectado una erupci\u00f3n en el limbo oriental del Sol, lo que indica que la actividad solar se mantiene muy elevada.<\/p>\n<blockquote class=\"twitter-tweet\">\n<p lang=\"en\" dir=\"ltr\">Space Weather picks up in a big way! Region 4246 launches 4 solar storms towards Earth. Region 4248 &amp;4250 are now entering the same hot longitudes &amp; getting more active. Expect big flares, HF radio blackouts &amp; storm launches to continue! Strong Earth-impacts peak October 15-17. <a href=\"https:\/\/t.co\/qkthlzJZeU\" rel=\"nofollow\">pic.twitter.com\/qkthlzJZeU<\/a><\/p>\n<p>\u2014 Dr. Tamitha Skov (@TamithaSkov) <a href=\"https:\/\/twitter.com\/TamithaSkov\/status\/1978139523344167019?ref_src=twsrc%5Etfw\" rel=\"nofollow noopener\" target=\"_blank\">October 14, 2025<\/a><\/p><\/blockquote>\n<p>Los informes de SpaceWeather coinciden en que <strong>el Sol atraviesa una fase particularmente activa, con varias regiones inestables<\/strong> y un viento solar que ha mostrado picos notables. Aun as\u00ed, los expertos advierten de que los pron\u00f3sticos a m\u00e1s de unos pocos d\u00edas tienen una fiabilidad limitada.<\/p>\n<p>Qu\u00e9 tiene que ocurrir para ver una aurora boreal<\/p>\n<p>Las auroras boreales se producen cuando <strong>part\u00edculas cargadas procedentes del Sol, como electrones y protones, chocan con el campo magn\u00e9tico terrestre<\/strong>, generando destellos de luz en las capas altas de la atm\u00f3sfera. <\/p>\n<p> Desde la comunidad de observadores de auroras, el investigador y divulgador Vincent Ledvina ha confirmado la detecci\u00f3n de <strong>una corriente de viento solar m\u00e1s r\u00e1pida de lo habitual, acompa\u00f1ada de un campo magn\u00e9tico interplanetario fluctuante. <\/strong>En sus observaciones, destaca que el plasma solar \u201cse est\u00e1 alineando con la Tierra\u201d, lo que podr\u00eda generar una tormenta geomagn\u00e9tica moderada si la orientaci\u00f3n del campo magn\u00e9tico resulta favorable. <\/p>\n<p><a class=\"imagen \" href=\"https:\/\/www.tiempo.com\/ram\/mancha-blanca-aurora-boreal.html\" title=\"Un grupo de investigadores explica por primera vez las manchas blancas y grises que aparecen cerca de la aurora boreal\" rel=\"nofollow noopener\" target=\"_blank\"><img loading=\"lazy\" decoding=\"async\" fetchpriority=\"low\" class=\"lazy img-body non-editable\" src=\"https:\/\/www.europesays.com\/es\/wp-content\/uploads\/2025\/10\/mancha-blanca-aurora-boreal-1736666376350_320.jpg\"  width=\"320\" height=\"225\" alt=\"Un grupo de investigadores explica por primera vez las manchas blancas y grises que aparecen cerca de la aurora boreal\"\/><\/a><\/p>\n<p>Sin embargo, para que ese proceso llegue a ser visible, deben coincidir varias condiciones muy espec\u00edficas. En primer lugar, es <strong>necesaria una eyecci\u00f3n de masa coronal o un viento solar intenso dirigido directamente hacia la Tierra<\/strong>. Adem\u00e1s, el campo magn\u00e9tico interplanetario debe orientarse de manera adecuada, con un componente sur (Bz negativo) que facilite la interacci\u00f3n con el campo magn\u00e9tico terrestre. <\/p>\n<p><img loading=\"lazy\" decoding=\"async\" fetchpriority=\"low\" class=\"lazy \" src=\"https:\/\/www.europesays.com\/es\/wp-content\/uploads\/2025\/10\/por-que-se-habla-de-posibles-auroras-boreales-en-espana-esto-acaba-de-pasar-en-el-sol-1760513210198_.jpeg\"  width=\"768\" height=\"432\" alt=\"Aurora boreal\" title=\"Aurora boreal\" data-image=\"hh8h0cri1cq5\"\/>La tormenta geomagn\u00e9tica debe ser lo bastante fuerte como para expandir el \u00f3valo auroral hasta latitudes medias para que se pueda ver desde Espa\u00f1a.<\/p>\n<p>Tambi\u00e9n se requiere que <strong>la tormenta geomagn\u00e9tica resultante sea lo bastante fuerte como para expandir el \u00f3valo auroral hasta latitudes medias<\/strong>, algo poco frecuente. Por \u00faltimo, el cielo debe estar oscuro y despejado, ya que en regiones m\u00e1s meridionales las auroras son mucho m\u00e1s d\u00e9biles y dif\u00edciles de distinguir.<\/p>\n<p>Si uno solo de estos factores falla, por ejemplo, si la orientaci\u00f3n del campo magn\u00e9tico es desfavorable, la energ\u00eda solar se desv\u00eda sin generar auroras visibles. Por eso, incluso en escenarios activos,<strong> la posibilidad de verlas desde Espa\u00f1a es muy baja.<\/strong><\/p>\n<p>El precedente de mayo de 2024<\/p>\n<p>El mejor ejemplo reciente fue la<strong> tormenta solar de mayo de 2024<\/strong>, una de las m\u00e1s intensas del actual ciclo solar. En aquella ocasi\u00f3n, una tormenta geomagn\u00e9tica de categor\u00eda G5 permiti\u00f3 observar auroras incluso desde el norte y centro de la pen\u00ednsula ib\u00e9rica.<\/p>\n<p><a class=\"imagen \" href=\"https:\/\/www.tiempo.com\/ram\/tormenta-solar-de-mayo-de-2024-sismografo.html\" title=\"La tormenta solar de mayo de 2024 fue tan intensa que dej\u00f3 registros de vibraciones s\u00edsmicas de baja frecuencia\" rel=\"nofollow noopener\" target=\"_blank\"><img loading=\"lazy\" decoding=\"async\" fetchpriority=\"low\" class=\"lazy img-body non-editable\" src=\"https:\/\/www.europesays.com\/es\/wp-content\/uploads\/2025\/10\/tormenta-solar-de-mayo-de-2024-intensa-1737777851035_320.jpg\"  width=\"320\" height=\"225\" alt=\"La tormenta solar de mayo de 2024 fue tan intensa que dej\u00f3 registros de vibraciones s\u00edsmicas de baja frecuencia\"\/><\/a><\/p>\n<p>Aquel evento fue excepcional. <strong>Las part\u00edculas procedentes del Sol viajaron con una intensidad y orientaci\u00f3n tan perfectas que el campo magn\u00e9tico terrestre se vio comprimido<\/strong>, permitiendo que las luces llegaran hasta zonas habitualmente fuera de su alcance. Es un caso que sirve como referencia de lo que tendr\u00eda que repetirse, con precisi\u00f3n casi milim\u00e9trica, para que volviera a ocurrir algo parecido.<\/p>\n<p>Por qu\u00e9 se habla ahora de las auroras boreales<\/p>\n<p>El inter\u00e9s por las auroras boreales se debe a que la actividad solar ha vuelto a aumentar. Las recientes eyecciones y la alineaci\u00f3n de varias regiones activas con la Tierra <strong>hacen prever posibles impactos geomagn\u00e9ticos entre el 15 y el 17 de octubre.<\/strong><\/p>\n<p>Si una de estas eyecciones llega a nuestro planeta con suficiente intensidad <strong>podr\u00eda producirse una tormenta geomagn\u00e9tica moderada<\/strong>, quiz\u00e1 suficiente para expandir el \u00f3valo de auroras. No obstante, los expertos insisten en que eso no significa que las auroras vayan a verse, solo que el entorno es favorable. <strong>Un<\/strong><strong>a cosa es que el Sol est\u00e9 activo, y otra muy distinta que el espect\u00e1culo llegue a nuestra latitud.<\/strong><\/p>\n<p>    <script async src=\"https:\/\/platform.twitter.com\/widgets.js\" charset=\"utf-8\"><\/script><\/p>\n","protected":false},"excerpt":{"rendered":"En los \u00faltimos d\u00edas el Sol ha lanzado varias tormentas que viajan en direcci\u00f3n a la Tierra. Rocio&hellip;\n","protected":false},"author":2,"featured_media":178312,"comment_status":"","ping_status":"","sticky":false,"template":"","format":"standard","meta":{"footnotes":""},"categories":[81],"tags":[49664,119,123,124,25,24,117,121,122,2829,23,118,120,46229],"class_list":{"0":"post-178311","1":"post","2":"type-post","3":"status-publish","4":"format-standard","5":"has-post-thumbnail","7":"category-ciencia-y-tecnologia","8":"tag-aurora-boreal","9":"tag-ciencia","10":"tag-ciencia-y-tecnologia","11":"tag-cienciaytecnologia","12":"tag-es","13":"tag-espana","14":"tag-science","15":"tag-science-and-technology","16":"tag-scienceandtechnology","17":"tag-sol","18":"tag-spain","19":"tag-technology","20":"tag-tecnologia","21":"tag-tormenta-solar"},"share_on_mastodon":{"url":"","error":""},"_links":{"self":[{"href":"https:\/\/www.europesays.com\/es\/wp-json\/wp\/v2\/posts\/178311","targetHints":{"allow":["GET"]}}],"collection":[{"href":"https:\/\/www.europesays.com\/es\/wp-json\/wp\/v2\/posts"}],"about":[{"href":"https:\/\/www.europesays.com\/es\/wp-json\/wp\/v2\/types\/post"}],"author":[{"embeddable":true,"href":"https:\/\/www.europesays.com\/es\/wp-json\/wp\/v2\/users\/2"}],"replies":[{"embeddable":true,"href":"https:\/\/www.europesays.com\/es\/wp-json\/wp\/v2\/comments?post=178311"}],"version-history":[{"count":0,"href":"https:\/\/www.europesays.com\/es\/wp-json\/wp\/v2\/posts\/178311\/revisions"}],"wp:featuredmedia":[{"embeddable":true,"href":"https:\/\/www.europesays.com\/es\/wp-json\/wp\/v2\/media\/178312"}],"wp:attachment":[{"href":"https:\/\/www.europesays.com\/es\/wp-json\/wp\/v2\/media?parent=178311"}],"wp:term":[{"taxonomy":"category","embeddable":true,"href":"https:\/\/www.europesays.com\/es\/wp-json\/wp\/v2\/categories?post=178311"},{"taxonomy":"post_tag","embeddable":true,"href":"https:\/\/www.europesays.com\/es\/wp-json\/wp\/v2\/tags?post=178311"}],"curies":[{"name":"wp","href":"https:\/\/api.w.org\/{rel}","templated":true}]}}