{"id":178321,"date":"2025-10-15T12:05:08","date_gmt":"2025-10-15T12:05:08","guid":{"rendered":"https:\/\/www.europesays.com\/es\/178321\/"},"modified":"2025-10-15T12:05:08","modified_gmt":"2025-10-15T12:05:08","slug":"dana-white-activa-el-plan-topuria-para-estrenar-el-contrato-de-television-de-7-700-millones-en-la-ufc","status":"publish","type":"post","link":"https:\/\/www.europesays.com\/es\/178321\/","title":{"rendered":"Dana White activa &#8216;el plan Topuria&#8217; para estrenar el contrato de televisi\u00f3n de 7.700 millones en la UFC"},"content":{"rendered":"<p class=\"voc-p\" style=\"\">El CEO de la UFC,<strong> Dana White<\/strong>, ha<a href=\"https:\/\/www.abc.es\/deportes\/mma\/proximo-rival-ilia-topuria-ufc-20251004165042-nt.html\" target=\"_self\" data-voc-vtm-id=\"in-text-traffic\" title=\" activado el &#039;plan Topuria&#039;\" rel=\"nofollow noopener\"> activado el &#8216;plan Topuria&#8217;<\/a> para inaugurar el contrato de 7.700 millones de d\u00f3lares que han firmado con Paramount para los pr\u00f3ximos siete a\u00f1os. Esto significa que la idea de la compa\u00f1\u00eda estadounidese pasar\u00e1  &#8230; por estrenar su primer evento numerado, previsto para mediados de enero, con la figura de Ilia Topuria.<strong> \u00abEs una posibilidad\u00bb<\/strong>, respondi\u00f3 este martes el m\u00e1ximo directivo en rueda de prensa. <\/p>\n<p class=\"voc-p\" style=\"\">Si bien es cierto que no hay nada acordado, los planes apuntan en esa direcci\u00f3n, que es la de que <strong>El Matador ponga en juego su t\u00edtulo en el primer gran evento<\/strong> que prev\u00e9 realizar la UFC en enero de 2026, con motivo del estreno del milmillonario contrato televisivo con la plataforma Paramount, un evento que se realice en Los \u00c1ngeles (California). <\/p>\n<p class=\"voc-p\" style=\"\">En caso de que las negociaciones sean fruct\u00edferas, y finalmente Ilia Topuria aceptase poner en liza su t\u00edtulo mundial del peso ligero pese a que poco m\u00e1s de un mes antes pelee su hermano Aleksandre en Qatar, hay dos nombres posibles muy claros: el estadounidense Justin Gaethje y el que m\u00e1s fuerza ha ganado en los \u00faltimos tiempos, <a href=\"https:\/\/www.abc.es\/deportes\/mma\/proximo-rival-ilia-topuria-ufc-20251004165042-nt.html\" target=\"_self\" data-voc-vtm-id=\"in-text-traffic\" title=\"el ingl\u00e9s Paddy Pimblett\" rel=\"nofollow noopener\">el ingl\u00e9s Paddy Pimblett<\/a>. <\/p>\n<p class=\"voc-p\" style=\"\">El representante de Gaethje, Ali Abdelaziz, public\u00f3 recientemente un mensaje en &#8216;X&#8217;, donde hac\u00eda fuerza para que su representado fuera el siguiente en pelear por el t\u00edtulo, pero de su publicaci\u00f3n se desprende un tono de frustraci\u00f3n, por lo que todo apunta a que el nombre para enfrentar a Topuria ser\u00eda el de Paddy Pimblett. Habr\u00e1 que esperar algunos d\u00edas para comprobar c\u00f3mo se desarrollan las negociaciones. <\/p>\n<p>\nArt\u00edculo solo para suscriptores\n<\/p>\n<p>Reportar un error<\/p>\n","protected":false},"excerpt":{"rendered":"El CEO de la UFC, Dana White, ha activado el &#8216;plan Topuria&#8217; para inaugurar el contrato de 7.700&hellip;\n","protected":false},"author":2,"featured_media":178322,"comment_status":"","ping_status":"","sticky":false,"template":"","format":"standard","meta":{"footnotes":""},"categories":[276],"tags":[50913,13264,106,1681,168,25,24,44186,4724,2568,23,167,807,348,343,3797],"class_list":{"0":"post-178321","1":"post","2":"type-post","3":"status-publish","4":"format-standard","5":"has-post-thumbnail","7":"category-ufc","8":"tag-50913","9":"tag-activa","10":"tag-contrato","11":"tag-dana","12":"tag-deportes","13":"tag-es","14":"tag-espana","15":"tag-estrenar","16":"tag-millones","17":"tag-plan","18":"tag-spain","19":"tag-sports","20":"tag-television","21":"tag-topuria","22":"tag-ufc","23":"tag-white"},"share_on_mastodon":{"url":"","error":""},"_links":{"self":[{"href":"https:\/\/www.europesays.com\/es\/wp-json\/wp\/v2\/posts\/178321","targetHints":{"allow":["GET"]}}],"collection":[{"href":"https:\/\/www.europesays.com\/es\/wp-json\/wp\/v2\/posts"}],"about":[{"href":"https:\/\/www.europesays.com\/es\/wp-json\/wp\/v2\/types\/post"}],"author":[{"embeddable":true,"href":"https:\/\/www.europesays.com\/es\/wp-json\/wp\/v2\/users\/2"}],"replies":[{"embeddable":true,"href":"https:\/\/www.europesays.com\/es\/wp-json\/wp\/v2\/comments?post=178321"}],"version-history":[{"count":0,"href":"https:\/\/www.europesays.com\/es\/wp-json\/wp\/v2\/posts\/178321\/revisions"}],"wp:featuredmedia":[{"embeddable":true,"href":"https:\/\/www.europesays.com\/es\/wp-json\/wp\/v2\/media\/178322"}],"wp:attachment":[{"href":"https:\/\/www.europesays.com\/es\/wp-json\/wp\/v2\/media?parent=178321"}],"wp:term":[{"taxonomy":"category","embeddable":true,"href":"https:\/\/www.europesays.com\/es\/wp-json\/wp\/v2\/categories?post=178321"},{"taxonomy":"post_tag","embeddable":true,"href":"https:\/\/www.europesays.com\/es\/wp-json\/wp\/v2\/tags?post=178321"}],"curies":[{"name":"wp","href":"https:\/\/api.w.org\/{rel}","templated":true}]}}