{"id":178365,"date":"2025-10-15T12:27:10","date_gmt":"2025-10-15T12:27:10","guid":{"rendered":"https:\/\/www.europesays.com\/es\/178365\/"},"modified":"2025-10-15T12:27:10","modified_gmt":"2025-10-15T12:27:10","slug":"los-aficionados-practicos-taurinos-abren-nuevo-curso-en-roquetas-de-mar","status":"publish","type":"post","link":"https:\/\/www.europesays.com\/es\/178365\/","title":{"rendered":"Los Aficionados Pr\u00e1cticos Taurinos abren nuevo curso en Roquetas de Mar"},"content":{"rendered":"<p><a class=\"v-mdl-ath__fig-a\" href=\"https:\/\/www.ideal.es\/autor\/juanjo-aguilera-2157.html\" title=\"Juanjo Aguilera\" rel=\"nofollow noopener\" target=\"_blank\"><br \/>\n<img decoding=\"async\" class=\"v-mdl-ath__img\" src=\"https:\/\/www.europesays.com\/es\/wp-content\/uploads\/2025\/09\/autor-2157-foto-2.jpeg\" alt=\"Juanjo Aguilera\"\/><br \/>\n<\/a><\/p>\n<p class=\"v-mdl-ath__p v-mdl-ath__p--6\">\nMi\u00e9rcoles, 15 de octubre 2025, 14:16<\/p>\n<p class=\"v-p\">La afici\u00f3n taurina almeriense vuelve a tener su espacio de aprendizaje y convivencia con el inicio del Curso de Aficionados Pr\u00e1cticos Taurinos 2025\/26, dirigido por el maestro Ruiz Manuel. Las clases se imparten en la Plaza de Toros de Roquetas de Mar todos los martes, de 17:00 a 19:00 horas, entre octubre y mayo, combinando teor\u00eda, pr\u00e1ctica y tentaderos en ganader\u00edas para acercar a los alumnos al toreo.<\/p>\n<p class=\"v-p\">La nueva edici\u00f3n arranc\u00f3 ayer, aunque la inscripci\u00f3n permanecer\u00e1 abierta todo el a\u00f1o. Bajo la gu\u00eda de Ruiz Manuel, los participantes aprenden colocaci\u00f3n, temple y lidia hasta el manejo del capote y la muleta, siempre en un entorno did\u00e1ctico y respetuoso con la tradici\u00f3n.<\/p>\n<p class=\"v-p\">El curso re\u00fane a aficionados de distintas edades, unidos por la pasi\u00f3n por el toreo. Las sesiones alternan toreo de sal\u00f3n y tentaderos, donde los alumnos ponen en pr\u00e1ctica lo aprendido.<\/p>\n<p class=\"v-p\">La plaza roquetera ofrece el escenario ideal para un aprendizaje que combina t\u00e9cnica, respeto y emoci\u00f3n. M\u00e1s all\u00e1 de su valor formativo, este curso se ha consolidado como un espacio de convivencia y defensa de la tauromaquia, donde generaciones de aficionados comparten experiencias y mantienen viva la tradici\u00f3n.<\/p>\n<p>Reporta un error<\/p>\n","protected":false},"excerpt":{"rendered":"Mi\u00e9rcoles, 15 de octubre 2025, 14:16 La afici\u00f3n taurina almeriense vuelve a tener su espacio de aprendizaje y&hellip;\n","protected":false},"author":2,"featured_media":178366,"comment_status":"","ping_status":"","sticky":false,"template":"","format":"standard","meta":{"footnotes":""},"categories":[277],"tags":[12872,2984,373,3445,168,25,24,195,524,8764,50922,23,167,3870,374],"class_list":{"0":"post-178365","1":"post","2":"type-post","3":"status-publish","4":"format-standard","5":"has-post-thumbnail","7":"category-toreo","8":"tag-abren","9":"tag-aficionados","10":"tag-bullfighting","11":"tag-curso","12":"tag-deportes","13":"tag-es","14":"tag-espana","15":"tag-mar","16":"tag-nuevo","17":"tag-practicos","18":"tag-roquetas","19":"tag-spain","20":"tag-sports","21":"tag-taurinos","22":"tag-toreo"},"share_on_mastodon":{"url":"","error":""},"_links":{"self":[{"href":"https:\/\/www.europesays.com\/es\/wp-json\/wp\/v2\/posts\/178365","targetHints":{"allow":["GET"]}}],"collection":[{"href":"https:\/\/www.europesays.com\/es\/wp-json\/wp\/v2\/posts"}],"about":[{"href":"https:\/\/www.europesays.com\/es\/wp-json\/wp\/v2\/types\/post"}],"author":[{"embeddable":true,"href":"https:\/\/www.europesays.com\/es\/wp-json\/wp\/v2\/users\/2"}],"replies":[{"embeddable":true,"href":"https:\/\/www.europesays.com\/es\/wp-json\/wp\/v2\/comments?post=178365"}],"version-history":[{"count":0,"href":"https:\/\/www.europesays.com\/es\/wp-json\/wp\/v2\/posts\/178365\/revisions"}],"wp:featuredmedia":[{"embeddable":true,"href":"https:\/\/www.europesays.com\/es\/wp-json\/wp\/v2\/media\/178366"}],"wp:attachment":[{"href":"https:\/\/www.europesays.com\/es\/wp-json\/wp\/v2\/media?parent=178365"}],"wp:term":[{"taxonomy":"category","embeddable":true,"href":"https:\/\/www.europesays.com\/es\/wp-json\/wp\/v2\/categories?post=178365"},{"taxonomy":"post_tag","embeddable":true,"href":"https:\/\/www.europesays.com\/es\/wp-json\/wp\/v2\/tags?post=178365"}],"curies":[{"name":"wp","href":"https:\/\/api.w.org\/{rel}","templated":true}]}}