{"id":178411,"date":"2025-10-15T12:51:08","date_gmt":"2025-10-15T12:51:08","guid":{"rendered":"https:\/\/www.europesays.com\/es\/178411\/"},"modified":"2025-10-15T12:51:08","modified_gmt":"2025-10-15T12:51:08","slug":"conor-mcgregor-se-inspira-en-el-regreso-de-legendario-cubano-para-su-propio-retorno-a-la-ufc","status":"publish","type":"post","link":"https:\/\/www.europesays.com\/es\/178411\/","title":{"rendered":"Conor McGregor se inspira en el regreso de legendario cubano para su propio retorno a la UFC"},"content":{"rendered":"<p class=\"mb-4 text-lg md:leading-8 break-words\">El regreso de Yoel Romero al ring de fuego ha tenido un efecto inesperado, pero poderoso: motivar a Conor McGregor.<\/p>\n<p class=\"mb-4 text-lg md:leading-8 break-words\">El cubano, conocido como el \u201cSoldado de Dios\u2019\u2019, debut\u00f3 en BKFC 80 en Florida con un nocaut brutal sobre Theo Doukas y su actuaci\u00f3n dej\u00f3 huella en el campe\u00f3n irland\u00e9s.<\/p>\n<p class=\"mb-4 text-lg md:leading-8 break-words\">Para nadie es un secreto que McGregor result\u00f3 fundamental a la hora de reclutar al m\u00edtico peleador de Pinar del R\u00edo, pues le llam\u00f3 personalmente para convencerlo de que se quitara los guantes y viniera a poner su talento en el boxeo a mano limpia.<\/p>\n<p class=\"mb-4 text-lg md:leading-8 break-words\">\u201cTodo el poder del mundo para ese hombre. Me da energ\u00eda, inspiraci\u00f3n y motivaci\u00f3n para mi propio regreso. Bravo Yoel, un t\u00edtulo del mundo en BKFC est\u00e1 aqu\u00ed para ti\u2019\u2019, declar\u00f3 McGregor, dejando claro que el espect\u00e1culo de Romero lo ha empujado a volver con fuerza a la UFC.<\/p>\n<p class=\"mb-4 text-lg md:leading-8 break-words\">McGregor, que se prepara para su pelea en la Casa Blanca el pr\u00f3ximo 4 de julio, reconoci\u00f3 que ver al cubano dominar con pu\u00f1os desnudos le record\u00f3 que la edad y los a\u00f1os de carrera no son impedimento cuando hay hambre y disciplina.<\/p>\n<p class=\"mb-4 text-lg md:leading-8 break-words\">La comparaci\u00f3n no es casual. Romero, a sus 48 a\u00f1os, demostr\u00f3 que a\u00fan tiene poder de nocaut y capacidad de sorprender, mientras McGregor busca volver a brillar en el oct\u00e1gono tras un per\u00edodo de inactividad y lesiones. Ambos muestran que la veteran\u00eda puede ser aliada y no obst\u00e1culo.<\/p>\n<p class=\"mb-4 text-lg md:leading-8 break-words\">El \u201cSoldado de Dios\u2019\u2019 ha transformado su carrera de MMA en un desaf\u00edo en BKFC, apostando por reinventarse y explorar nuevas fronteras.<\/p>\n<p class=\"mb-4 text-lg md:leading-8 break-words\">McGregor ve en ese camino un espejo: la importancia de no conformarse y de seguir buscando retos que mantengan viva la pasi\u00f3n por el combate.<\/p>\n<p class=\"mb-4 text-lg md:leading-8 break-words\">El irland\u00e9s, que siempre ha sido un estudioso de los movimientos y estrategias de otros peleadores, tom\u00f3 nota del poder y la precisi\u00f3n de Romero. Su mensaje a los fan\u00e1ticos fue claro: si el cubano puede regresar y dominar, \u00e9l tambi\u00e9n puede hacerlo y con estilo propio.<\/p>\n<p class=\"mb-4 text-lg md:leading-8 break-words\">El 4 de julio, cuando McGregor suba al oct\u00e1gono -si es que en definitiva se concreta su regreso- en un escenario hist\u00f3rico como la Casa Blanca, la expectativa ser\u00e1 doble. No solo se medir\u00e1 su talento y f\u00edsico, sino tambi\u00e9n su capacidad para canalizar la motivaci\u00f3n que figuras como Romero le han transmitido.<\/p>\n<p class=\"mb-4 text-lg md:leading-8 break-words\">La UFC y BKFC, aunque distintos en reglas y p\u00fablico, comparten un punto en com\u00fan: los grandes nombres atraen grandes historias. Romero y McGregor son prueba de que el legado y la reinvenci\u00f3n pueden coexistir, y que los fan\u00e1ticos siguen hambrientos de emociones intensas.<\/p>\n<p class=\"mb-4 text-lg md:leading-8 break-words\">Con el regreso de Romero en Florida y el pr\u00f3ximo regreso de McGregor en Washington, los pr\u00f3ximos meses prometen ser una ventana hacia una nueva era de combates, donde los veteranos no solo compiten, sino que inspiran a toda una generaci\u00f3n de peleadores.<\/p>\n<p class=\"mb-4 text-lg md:leading-8 break-words\">El mundo de las MMA y del boxeo sin guantes observar\u00e1 con lupa. Porque cuando Yoel Romero y Conor McGregor escriben su regreso, no solo pelean por victorias: pelean por la historia, por la motivaci\u00f3n y por la gloria que trasciende edades y disciplinas.<\/p>\n<p class=\"mb-4 text-lg md:leading-8 break-words\"><a href=\"https:\/\/www.elnuevoherald.com\/deportes\/boxeo\/article312491164.html\" rel=\"nofollow noopener\" target=\"_blank\" data-ylk=\"slk:McGregor enciende la expectativa: \u00bfpeleador cubano entre los favoritos para el torneo de $25 millones en BKFC?;elm:context_link;itc:0;sec:content-canvas\" class=\"link \">McGregor enciende la expectativa: \u00bfpeleador cubano entre los favoritos para el torneo de $25 millones en BKFC?<\/a><\/p>\n<p class=\"mb-4 text-lg md:leading-8 break-words\"><a href=\"https:\/\/www.elnuevoherald.com\/deportes\/mma\/article312489066.html\" rel=\"nofollow noopener\" target=\"_blank\" data-ylk=\"slk:La M\u00e1quina va por la historia: cuarta defensa del a\u00f1o ante Petr Yan en UFC 323;elm:context_link;itc:0;sec:content-canvas\" class=\"link \">La M\u00e1quina va por la historia: cuarta defensa del a\u00f1o ante Petr Yan en UFC 323<\/a><\/p>\n<p class=\"mb-4 text-lg md:leading-8 break-words\"><a href=\"https:\/\/www.elnuevoherald.com\/deportes\/mma\/article312473202.html\" rel=\"nofollow noopener\" target=\"_blank\" data-ylk=\"slk:La leyenda renace en R\u00edo: \u201cDo Bronx\u201d somete a Gamrot y vuelve a rugir frente a su gente;elm:context_link;itc:0;sec:content-canvas\" class=\"link \">La leyenda renace en R\u00edo: \u201cDo Bronx\u201d somete a Gamrot y vuelve a rugir frente a su gente<\/a><\/p>\n","protected":false},"excerpt":{"rendered":"El regreso de Yoel Romero al ring de fuego ha tenido un efecto inesperado, pero poderoso: motivar a&hellip;\n","protected":false},"author":2,"featured_media":178412,"comment_status":"","ping_status":"","sticky":false,"template":"","format":"standard","meta":{"footnotes":""},"categories":[276],"tags":[9272,2909,168,25,24,50928,23,167,50929,343,50927],"class_list":{"0":"post-178411","1":"post","2":"type-post","3":"status-publish","4":"format-standard","5":"has-post-thumbnail","7":"category-ufc","8":"tag-4-de-julio","9":"tag-conor-mcgregor","10":"tag-deportes","11":"tag-es","12":"tag-espana","13":"tag-soldado-de-dios","14":"tag-spain","15":"tag-sports","16":"tag-theo-doukas","17":"tag-ufc","18":"tag-yoel-romero"},"share_on_mastodon":{"url":"","error":""},"_links":{"self":[{"href":"https:\/\/www.europesays.com\/es\/wp-json\/wp\/v2\/posts\/178411","targetHints":{"allow":["GET"]}}],"collection":[{"href":"https:\/\/www.europesays.com\/es\/wp-json\/wp\/v2\/posts"}],"about":[{"href":"https:\/\/www.europesays.com\/es\/wp-json\/wp\/v2\/types\/post"}],"author":[{"embeddable":true,"href":"https:\/\/www.europesays.com\/es\/wp-json\/wp\/v2\/users\/2"}],"replies":[{"embeddable":true,"href":"https:\/\/www.europesays.com\/es\/wp-json\/wp\/v2\/comments?post=178411"}],"version-history":[{"count":0,"href":"https:\/\/www.europesays.com\/es\/wp-json\/wp\/v2\/posts\/178411\/revisions"}],"wp:featuredmedia":[{"embeddable":true,"href":"https:\/\/www.europesays.com\/es\/wp-json\/wp\/v2\/media\/178412"}],"wp:attachment":[{"href":"https:\/\/www.europesays.com\/es\/wp-json\/wp\/v2\/media?parent=178411"}],"wp:term":[{"taxonomy":"category","embeddable":true,"href":"https:\/\/www.europesays.com\/es\/wp-json\/wp\/v2\/categories?post=178411"},{"taxonomy":"post_tag","embeddable":true,"href":"https:\/\/www.europesays.com\/es\/wp-json\/wp\/v2\/tags?post=178411"}],"curies":[{"name":"wp","href":"https:\/\/api.w.org\/{rel}","templated":true}]}}