{"id":178419,"date":"2025-10-15T12:55:10","date_gmt":"2025-10-15T12:55:10","guid":{"rendered":"https:\/\/www.europesays.com\/es\/178419\/"},"modified":"2025-10-15T12:55:10","modified_gmt":"2025-10-15T12:55:10","slug":"la-novedad-que-presentara-el-alpine-de-franco-colapinto-en-el-gran-premio-de-ee-uu-de-la-f1","status":"publish","type":"post","link":"https:\/\/www.europesays.com\/es\/178419\/","title":{"rendered":"La novedad que presentar\u00e1 el Alpine de Franco Colapinto en el Gran Premio de EE.UU. de la F1"},"content":{"rendered":"<p class=\"left paragraph font__body-regular\">El equipo <b>BWT Alpine de F\u00f3rmula Uno<\/b>, donde corre <b>Franco Colapinto<\/b>, decidi\u00f3 sumarse a una causa solidaria y visibilizar una problem\u00e1tica poco conocida: la <b>enfermedad de Batten infantil tard\u00eda<\/b>. Por esa raz\u00f3n, durante el <a href=\"https:\/\/tn.com.ar\/deportes\/automovilismo\/2025\/10\/10\/gran-premio-de-estados-unidos-de-formula-1-cuando-corre-franco-colapinto-y-a-que-hora-es-la-carrera\/\" target=\"_blank\" rel=\"noreferrer nofollow noopener\" title=\"https:\/\/tn.com.ar\/deportes\/automovilismo\/2025\/10\/10\/gran-premio-de-estados-unidos-de-formula-1-cuando-corre-franco-colapinto-y-a-que-hora-es-la-carrera\/\"><b>Gran Premio de Estados Unidos<\/b><\/a>, el Alpine A525 llevar\u00e1 en su carrocer\u00eda el logo de la <b>Fundaci\u00f3n Pink Sky de Helen.<\/b><\/p>\n<p class=\"left paragraph font__body-regular\"><b>Le\u00e9 tambi\u00e9n: <\/b><a href=\"https:\/\/tn.com.ar\/deportes\/automovilismo\/2025\/10\/12\/el-desafio-extra-que-tendra-franco-colapinto-en-el-gp-de-estados-unidos\/\" rel=\"nofollow noopener\" target=\"_blank\"><b>El desaf\u00edo extra que tendr\u00e1 Franco Colapinto en el GP de Estados Unidos<\/b><\/a><\/p>\n<p class=\"paragraph font__body-regular\">Se trata de una organizaci\u00f3n ben\u00e9fica que busca concientizar y recaudar fondos para combatir este extra\u00f1o trastorno gen\u00e9tico. Adem\u00e1s, el auto lucir\u00e1 la imagen de un lobo \u00e1rtico, s\u00edmbolo de la lucha y la esperanza para las familias afectadas.<\/p>\n<p><b>Qu\u00e9 es la enfermedad de Batten <\/b><\/p>\n<p class=\"left paragraph font__body-regular\">La <b>enfermedad de Batten infantil tard\u00eda<\/b> es un trastorno gen\u00e9tico poco frecuente que provoca una r\u00e1pida neurodegeneraci\u00f3n, convulsiones, p\u00e9rdida de visi\u00f3n y, en la mayor\u00eda de los casos, muerte prematura. En Estados Unidos, afecta a entre dos y cuatro de cada 100.000 chicos, lo que la convierte en una de las enfermedades m\u00e1s devastadoras y menos conocidas.<\/p>\n<p class=\"left paragraph font__body-regular\">La <b>Fundaci\u00f3n Helen\u2019s Pink Sky<\/b> naci\u00f3 en abril de este a\u00f1o, inspirada en la historia de <b>Helen Born<\/b>, una nena de cuatro a\u00f1os que enfrenta esta dura realidad. Desde su creaci\u00f3n, ya destin\u00f3 casi <b>un mill\u00f3n de d\u00f3lares<\/b> a investigaciones pioneras y brinda apoyo directo a las familias que atraviesan este dif\u00edcil camino.<\/p>\n<p><img decoding=\"async\" loading=\"lazy\" fetchpriority=\"low\" data-testid=\"loading-testid\" class=\"image content-image image_placeholder\" alt=\"El auto de Colapinto llevar\u00e1 el logo de la Fundaci\u00f3n Helen\u2019s Pink Sky (Foto: AP).\" width=\"767\" height=\"431\" src=\"https:\/\/www.europesays.com\/es\/wp-content\/uploads\/2025\/10\/el-auto-de-colapinto-llevara-el-logo-de-la-fundacion-helens-pink-sky-foto-ap-SMWWN2SX7FHMZPANUBJHBNF.jpeg\"\/><\/p>\n<p>El auto de Colapinto llevar\u00e1 el logo de la Fundaci\u00f3n Helen\u2019s Pink Sky (Foto: AP).<\/p>\n<p class=\"paragraph font__body-regular\">La presencia del logo de la fundaci\u00f3n en el Alpine de Colapinto durante el Gran Premio de Estados Unidos marca un hito en la lucha por la visibilidad de la enfermedad. El objetivo de esta iniciativa es aprovechar la enorme audiencia de la F\u00f3rmula 1 para que m\u00e1s personas conozcan la enfermedad de Batten y se sumen a la causa.<\/p>\n","protected":false},"excerpt":{"rendered":"El equipo BWT Alpine de F\u00f3rmula Uno, donde corre Franco Colapinto, decidi\u00f3 sumarse a una causa solidaria y&hellip;\n","protected":false},"author":2,"featured_media":178420,"comment_status":"","ping_status":"","sticky":false,"template":"","format":"standard","meta":{"footnotes":""},"categories":[270],"tags":[1331,1763,168,25,24,306,271,272,23,167],"class_list":{"0":"post-178419","1":"post","2":"type-post","3":"status-publish","4":"format-standard","5":"has-post-thumbnail","7":"category-formula-1","8":"tag-alpine","9":"tag-automovilismo","10":"tag-deportes","11":"tag-es","12":"tag-espana","13":"tag-f1","14":"tag-formula-1","15":"tag-formula1","16":"tag-spain","17":"tag-sports"},"share_on_mastodon":{"url":"","error":""},"_links":{"self":[{"href":"https:\/\/www.europesays.com\/es\/wp-json\/wp\/v2\/posts\/178419","targetHints":{"allow":["GET"]}}],"collection":[{"href":"https:\/\/www.europesays.com\/es\/wp-json\/wp\/v2\/posts"}],"about":[{"href":"https:\/\/www.europesays.com\/es\/wp-json\/wp\/v2\/types\/post"}],"author":[{"embeddable":true,"href":"https:\/\/www.europesays.com\/es\/wp-json\/wp\/v2\/users\/2"}],"replies":[{"embeddable":true,"href":"https:\/\/www.europesays.com\/es\/wp-json\/wp\/v2\/comments?post=178419"}],"version-history":[{"count":0,"href":"https:\/\/www.europesays.com\/es\/wp-json\/wp\/v2\/posts\/178419\/revisions"}],"wp:featuredmedia":[{"embeddable":true,"href":"https:\/\/www.europesays.com\/es\/wp-json\/wp\/v2\/media\/178420"}],"wp:attachment":[{"href":"https:\/\/www.europesays.com\/es\/wp-json\/wp\/v2\/media?parent=178419"}],"wp:term":[{"taxonomy":"category","embeddable":true,"href":"https:\/\/www.europesays.com\/es\/wp-json\/wp\/v2\/categories?post=178419"},{"taxonomy":"post_tag","embeddable":true,"href":"https:\/\/www.europesays.com\/es\/wp-json\/wp\/v2\/tags?post=178419"}],"curies":[{"name":"wp","href":"https:\/\/api.w.org\/{rel}","templated":true}]}}