{"id":178425,"date":"2025-10-15T12:58:10","date_gmt":"2025-10-15T12:58:10","guid":{"rendered":"https:\/\/www.europesays.com\/es\/178425\/"},"modified":"2025-10-15T12:58:10","modified_gmt":"2025-10-15T12:58:10","slug":"tenerife-william-levy-un-incendio-arrasa-tenerife-en-la-segunda-parte-de-bajo-un-volcan","status":"publish","type":"post","link":"https:\/\/www.europesays.com\/es\/178425\/","title":{"rendered":"TENERIFE WILLIAM LEVY | Un incendio arrasa Tenerife en la segunda parte de \u2018Bajo un volc\u00e1n\u2019"},"content":{"rendered":"<p class=\"ft-text ft-helper-closenews\">El Capit\u00e1n Torres, interpretado por William Levy, regresa junto a su tropa a una <strong>nueva misi\u00f3n<\/strong> en <a class=\"ft-link ft-link--decoration\" href=\"https:\/\/www.eldia.es\/tenerife\/\" rel=\"nofollow noopener\" target=\"_blank\"><strong>Tenerife<\/strong><\/a>: un grave <strong>incendio <\/strong>que <strong>afecta <\/strong>descontroladamente a <strong>buena parte de la Isla<\/strong> mientras la Unidad Militar de Emergencias (<strong>UME<\/strong>) hace lo posible por <strong>mitigar el fuego<\/strong>. As\u00ed es el argumento de la segunda parte de Bajo un volc\u00e1n, la nueva pel\u00edcula del director Hugo <a class=\"ft-link ft-link--decoration\" href=\"https:\/\/www.eldia.es\/cultura\/2025\/04\/28\/cinta-martin-cuervo-rodo-tenerife-116826081.html\" rel=\"nofollow noopener\" target=\"_blank\">Mart\u00edn Cuervo<\/a> que da continuidad a la <strong>primera saga del cineasta<\/strong> y que<strong> se rueda desde hace un mes<\/strong> en la <strong>Isla<\/strong>. \u00abNunca hab\u00eda participado en una saga y es un honor y un orgullo tenerla, al fin, con un equipo de esta magnitud\u00bb, cuenta.<\/p>\n<p class=\"ft-text\">Bajo un fuego <strong>combina <\/strong>la<a class=\"ft-link ft-link--decoration\" href=\"https:\/\/www.eldia.es\/sociedad\/2025\/07\/24\/telescopio-treinta-metros-quiere-canarias-inversion-tecnologia-120016531.html\" rel=\"nofollow noopener\" target=\"_blank\"> ciencia ficci\u00f3n<\/a> y la aventura con el <strong>amor<\/strong>, al igual que su precesora. En esta ocasi\u00f3n, la <strong>carga rom\u00e1ntica volver\u00e1 a hacer acto de presencia<\/strong> con personas del pasado del Capit\u00e1n Torres, que aparecer\u00e1n en pantalla para poner su vida patas arriba. A la vez, el protagonista deber\u00e1 lidiar con algunas confusiones en su relaci\u00f3n con la Teniente Salamero (Adriana Torrevejano), que experimentar\u00e1 un giro que har\u00e1 tambalear su amistad.<\/p>\n<p>Posibilidad de una tercera parte<\/p>\n<p class=\"ft-text\">Apenas ha pasado <strong>medio a\u00f1o<\/strong> del <strong>estreno <\/strong>en <strong>cines <\/strong>de la primera parte y poco <strong>menos de una semana<\/strong> de su<strong> lanzamiento en <\/strong><a class=\"ft-link ft-link--decoration\" href=\"https:\/\/www.eldia.es\/ocio\/tv\/series\/2025\/10\/10\/netflix-llevara-juegos-tv-consola-122475474.html\" rel=\"nofollow noopener\" target=\"_blank\">Netflix<\/a>, pero Mart\u00edn Cuervo ya est\u00e1 finalizando el <strong>rodaje de la secuela<\/strong>. \u00abEst\u00e1bamos muy <strong>contentos <\/strong>de c\u00f3mo hab\u00edamos trabajado la primera vez y del <strong>resultado final<\/strong>. As\u00ed que decidimos <strong>repetir <\/strong>la <strong>experiencia <\/strong>porque quedaban <strong>muchas historias por contar<\/strong> y aventuras por vivir\u00bb, detalla. De hecho, el director planea ya la <strong>posibilidad <\/strong>de una <strong>tercera parte<\/strong>, pero prefiere no adelantar m\u00e1s detalles: \u00abSiempre hay conversaciones sobre qu\u00e9 es lo que pasar\u00e1 despu\u00e9s y la cabeza se pierde en c\u00f3mo podr\u00eda continuar esta aventura. Aunque ahora estamos centrados en esta segunda pel\u00edcula, es <strong>inevitable pensar <\/strong>en el <strong>futuro<\/strong> de los <strong>personajes<\/strong>\u00bb.<\/p>\n<p class=\"ft-text\">El <strong>rodaje comenz\u00f3 <\/strong>a principios de <strong>septiembre <\/strong>y para antes de que <strong>acabe octubre<\/strong>, \u00e9l y su equipo, estar\u00e1n de vuelta a casa. Para el director, volver a <strong>Canarias <\/strong>es \u00absiempre un <strong>acierto<\/strong>\u00bb por la <strong>versatilidad <\/strong>del <strong>Archipi\u00e9lago <\/strong>y los <strong>sets <\/strong><strong>naturales <\/strong>que ofrece. En este sentido, el equipo ha <strong>aprovechado <\/strong>al m\u00e1ximo la <strong>oferta tinerfe\u00f1a <\/strong>y ha <strong>rodado <\/strong>en varias <strong>localizaciones <\/strong>de la Isla: <a class=\"ft-link ft-link--decoration\" href=\"https:\/\/www.eldia.es\/la-laguna\/2025\/10\/14\/periodista-moises-rodriguez-visita-casa-122592612.html\" rel=\"nofollow noopener\" target=\"_blank\">Tegueste<\/a>, <strong>Santa Cruz<\/strong> de Tenerife, <strong>La Esperanza<\/strong> (El Rosario), <strong>La Laguna<\/strong> y <strong>Hoya Fr\u00eda<\/strong>.<\/p>\n<p>Nuevos fichajes<\/p>\n<p class=\"ft-text\">Y aunque hay caras que volver\u00e1n a la pantalla como la de Ant\u00f3n Lofer \u2013 Cabo L\u00f3pez en la pel\u00edcula\u2013, la cinta cuenta con <strong>nuevos fichajes<\/strong>. Es el caso de <strong>Rub\u00e9n Bernal<\/strong>, el actor conocido por interpretar a Sa\u00fal Ortega en El secreto de Puente Viejo, que se incorpora al elenco de esta nueva aventura. Eso s\u00ed, el director adelanta que un<strong> nuevo comandante<\/strong> aparecer\u00e1 en escena, pero habr\u00e1 que <strong>esperar <\/strong>a su <strong>estreno <\/strong>para conocer el rostro de este nuevo personaje.<\/p>\n<p class=\"ft-text\">Aunque lo m\u00e1s llamativo es, quiz\u00e1s, la <strong>participaci\u00f3n de Kailey Levy,<\/strong> la <strong>hija <\/strong>de William Levy en la vida real. La joven de quince a\u00f1os <strong>debutar\u00e1 <\/strong>en el cine y lo har\u00e1, <strong>por primera vez<\/strong>, de la <strong>mano<\/strong> de su <strong>padre<\/strong>, con quien <strong>compartir\u00e1 pantalla <\/strong>para narrar una historia de desaf\u00edos y \u00abmucho amor\u00bb.<\/p>\n<p>Beneficios para Canarias<\/p>\n<p class=\"ft-text\">El <strong>75% del personal<\/strong> que participa en la producci\u00f3n de Bajo un fuego es <strong>residente en las Islas<\/strong>, al <strong>igual <\/strong>que las <strong>empresas proveedoras <\/strong>que intervienen en la producci\u00f3n. El director de Producci\u00f3n de Secuoya Studios \u2014productora de la pieza\u2014, Guillermo R\u00edos, explica que el rodaje de esta <strong>pel\u00edcula de perfil internacional beneficia a <\/strong><a class=\"ft-link ft-link--decoration\" href=\"https:\/\/www.eldia.es\/canarias\/2025\/10\/14\/canarias-acusa-alterar-cifras-traslado-122613620.html\" rel=\"nofollow noopener\" target=\"_blank\">Canarias<\/a> en muchos sentidos. \u00abNo solo <strong>nos coloca en el mapa<\/strong> de las producciones audiovisuales, sino que tambi\u00e9n permite <strong>consolidar el despertar de este sector <\/strong>en las Islas y cumplir los requisitos para el <strong>incentivo fiscal<\/strong>\u00bb, agrega.<\/p>\n<p class=\"ft-text\"><a class=\"ft-link ft-link--decoration\" href=\"https:\/\/www.eldia.es\/cultura\/2021\/05\/31\/secuoya-studios-rodara-series-tenerife-52428046.html\" rel=\"nofollow noopener\" target=\"_blank\">Secuoya Studios<\/a> acumula <strong>m\u00e1s de 25 producciones<\/strong> rodadas en los \u00faltimos ocho a\u00f1os y Bajo un fuego se une a la amplia trayectoria de la productora y de Hugo Mart\u00edn Cuervo. Y pese a que <strong>a\u00fan no hay una fecha<\/strong> de estreno fijada, el p\u00fablico ya espera con ansias la <strong>secuela de la que hoy<\/strong> es <strong>n\u00famero uno <\/strong>en <strong>Netflix<\/strong>.<\/p>\n<p data-close=\"closedContent\" class=\"subscribeHideForDisplay\">Suscr\u00edbete para seguir leyendo<\/p>\n","protected":false},"excerpt":{"rendered":"El Capit\u00e1n Torres, interpretado por William Levy, regresa junto a su tropa a una nueva misi\u00f3n en Tenerife:&hellip;\n","protected":false},"author":2,"featured_media":178426,"comment_status":"","ping_status":"","sticky":false,"template":"","format":"standard","meta":{"footnotes":""},"categories":[174],"tags":[7200,7569,1896,255,146,147,25,24,256,285,4513,48,3643,863,3745,23,1370,12605,48112],"class_list":{"0":"post-178425","1":"post","2":"type-post","3":"status-publish","4":"format-standard","5":"has-post-thumbnail","7":"category-famosos","8":"tag-arrasa","9":"tag-bajo","10":"tag-canarias","11":"tag-celebrities","12":"tag-entertainment","13":"tag-entretenimiento","14":"tag-es","15":"tag-espana","16":"tag-famosos","17":"tag-fichajes","18":"tag-fuego","19":"tag-incendio","20":"tag-isla","21":"tag-parte","22":"tag-segunda","23":"tag-spain","24":"tag-tenerife","25":"tag-volcan","26":"tag-william-levy"},"share_on_mastodon":{"url":"","error":""},"_links":{"self":[{"href":"https:\/\/www.europesays.com\/es\/wp-json\/wp\/v2\/posts\/178425","targetHints":{"allow":["GET"]}}],"collection":[{"href":"https:\/\/www.europesays.com\/es\/wp-json\/wp\/v2\/posts"}],"about":[{"href":"https:\/\/www.europesays.com\/es\/wp-json\/wp\/v2\/types\/post"}],"author":[{"embeddable":true,"href":"https:\/\/www.europesays.com\/es\/wp-json\/wp\/v2\/users\/2"}],"replies":[{"embeddable":true,"href":"https:\/\/www.europesays.com\/es\/wp-json\/wp\/v2\/comments?post=178425"}],"version-history":[{"count":0,"href":"https:\/\/www.europesays.com\/es\/wp-json\/wp\/v2\/posts\/178425\/revisions"}],"wp:featuredmedia":[{"embeddable":true,"href":"https:\/\/www.europesays.com\/es\/wp-json\/wp\/v2\/media\/178426"}],"wp:attachment":[{"href":"https:\/\/www.europesays.com\/es\/wp-json\/wp\/v2\/media?parent=178425"}],"wp:term":[{"taxonomy":"category","embeddable":true,"href":"https:\/\/www.europesays.com\/es\/wp-json\/wp\/v2\/categories?post=178425"},{"taxonomy":"post_tag","embeddable":true,"href":"https:\/\/www.europesays.com\/es\/wp-json\/wp\/v2\/tags?post=178425"}],"curies":[{"name":"wp","href":"https:\/\/api.w.org\/{rel}","templated":true}]}}