{"id":178429,"date":"2025-10-15T13:00:09","date_gmt":"2025-10-15T13:00:09","guid":{"rendered":"https:\/\/www.europesays.com\/es\/178429\/"},"modified":"2025-10-15T13:00:09","modified_gmt":"2025-10-15T13:00:09","slug":"herminio-trigo-presenta-hicimos-cordoba-una-recopilacion-de-dos-decadas-de-articulos-y-reflexiones-sobre-la-ciudad-salud-y-bienestar","status":"publish","type":"post","link":"https:\/\/www.europesays.com\/es\/178429\/","title":{"rendered":"Herminio Trigo presenta \u00abHicimos C\u00f3rdoba\u00bb, una recopilaci\u00f3n de dos d\u00e9cadas de art\u00edculos y reflexiones sobre la ciudad | Salud y bienestar"},"content":{"rendered":"<p class=\"loc\">C\u00f3rdoba<\/p>\n<p>La 50\u00aa Feria del Libro de C\u00f3rdoba, que arranca este fin de semana, acoger\u00e1 el jueves 23 de octubre la presentaci\u00f3n del nuevo libro de Herminio Trigo, Hicimos C\u00f3rdoba, editado por Utop\u00eda Libros. La obra re\u00fane una selecci\u00f3n de textos publicados por el exalcalde entre 2003 y 2025 en distintos medios, entre ellos Radio C\u00f3rdoba, Diario C\u00f3rdoba, El Pa\u00eds, Nueva Tribuna y su propio blog.<\/p>\n<p>Herminio Trigo ha pasado por el programa Hoy por Hoy C\u00f3rdoba donde ha explicado que el t\u00edtulo del libro fue una elecci\u00f3n de la editorial, aunque reconoci\u00f3 con humor que su coincidencia con el nombre del grupo municipal Hacemos C\u00f3rdoba podr\u00eda inducir a equ\u00edvocos. \u201cNo tiene nada que ver con la pol\u00edtica actual\u201d, aclar\u00f3, \u201ces un compendio de art\u00edculos que abordan temas muy diversos: urbanismo, cultura, la Mezquita-Catedral, CajaSur, el valor de lo p\u00fablico o incluso el conflicto palestino\u201d.<\/p>\n<p><img decoding=\"async\" src=\"https:\/\/www.europesays.com\/es\/wp-content\/uploads\/2025\/10\/FB7EP6TZP5BYLK3DWUY5QWUPAI.jpg\" alt=\"Rafael Merino, Rosa Aguilar y Herminio Trigo en la tertulia de ex alcaldes de C\u00f3rdoba\" width=\"4\" height=\"3\"  loading=\"lazy\"\/><\/p>\n<p>Rafael Merino, Rosa Aguilar y Herminio Trigo en la tertulia de ex alcaldes de C\u00f3rdoba \/ Cadena SER<\/p>\n<p>Ampliar<img decoding=\"async\" src=\"https:\/\/www.europesays.com\/es\/wp-content\/uploads\/2025\/10\/1760533209_703_FB7EP6TZP5BYLK3DWUY5QWUPAI.jpg\" alt=\"Rafael Merino, Rosa Aguilar y Herminio Trigo en la tertulia de ex alcaldes de C\u00f3rdoba\" width=\"4\" height=\"3\" loading=\"lazy\"\/><\/p>\n<p>Rafael Merino, Rosa Aguilar y Herminio Trigo en la tertulia de ex alcaldes de C\u00f3rdoba \/ Cadena SER<\/p>\n<p>Cerrar<\/p>\n<p>El exregidor subray\u00f3 que muchos de los textos, escritos hace m\u00e1s de veinte a\u00f1os, \u201cpodr\u00edan haberse publicado ayer\u201d, al reflejar problemas que siguen vigentes. Sobre la actualidad cordobesa, se mostr\u00f3 cr\u00edtico con el estado de conservaci\u00f3n de la ciudad. \u201cC\u00f3rdoba era conocida por su limpieza, fundamos Sadeco para eso, y hoy veo que se ha perdido ese cuidado\u201d, lament\u00f3.<\/p>\n<p>Trigo tambi\u00e9n record\u00f3 su etapa al frente del Ayuntamiento entre 1986 y 1995, un periodo que defini\u00f3 como \u201cel tiempo en que C\u00f3rdoba se transform\u00f3\u201d. Record\u00f3 las dificultades econ\u00f3micas de aquellos a\u00f1os y la necesidad de endeudarse para dotar de servicios p\u00fablicos a la ciudad.<\/p>\n<p>Preguntado por las razones que lo han llevado publicar este nuevo volumen, explic\u00f3 que quer\u00eda \u201crecuperar y poner al alcance de nuevas generaciones\u201d sus reflexiones sobre la evoluci\u00f3n social y pol\u00edtica de C\u00f3rdoba y del pa\u00eds.<\/p>\n<p>Hicimos C\u00f3rdoba se presentar\u00e1 el pr\u00f3ximo jueves 23 de octubre a las 18:00 horas en la Feria del Libro, en un acto conducido por Manuel Garc\u00eda Parodi.<\/p>\n","protected":false},"excerpt":{"rendered":"C\u00f3rdoba La 50\u00aa Feria del Libro de C\u00f3rdoba, que arranca este fin de semana, acoger\u00e1 el jueves 23&hellip;\n","protected":false},"author":2,"featured_media":178430,"comment_status":"","ping_status":"","sticky":false,"template":"","format":"standard","meta":{"footnotes":""},"categories":[172],"tags":[224,146,147,25,24,225,23],"class_list":{"0":"post-178429","1":"post","2":"type-post","3":"status-publish","4":"format-standard","5":"has-post-thumbnail","7":"category-libros","8":"tag-books","9":"tag-entertainment","10":"tag-entretenimiento","11":"tag-es","12":"tag-espana","13":"tag-libros","14":"tag-spain"},"share_on_mastodon":{"url":"","error":""},"_links":{"self":[{"href":"https:\/\/www.europesays.com\/es\/wp-json\/wp\/v2\/posts\/178429","targetHints":{"allow":["GET"]}}],"collection":[{"href":"https:\/\/www.europesays.com\/es\/wp-json\/wp\/v2\/posts"}],"about":[{"href":"https:\/\/www.europesays.com\/es\/wp-json\/wp\/v2\/types\/post"}],"author":[{"embeddable":true,"href":"https:\/\/www.europesays.com\/es\/wp-json\/wp\/v2\/users\/2"}],"replies":[{"embeddable":true,"href":"https:\/\/www.europesays.com\/es\/wp-json\/wp\/v2\/comments?post=178429"}],"version-history":[{"count":0,"href":"https:\/\/www.europesays.com\/es\/wp-json\/wp\/v2\/posts\/178429\/revisions"}],"wp:featuredmedia":[{"embeddable":true,"href":"https:\/\/www.europesays.com\/es\/wp-json\/wp\/v2\/media\/178430"}],"wp:attachment":[{"href":"https:\/\/www.europesays.com\/es\/wp-json\/wp\/v2\/media?parent=178429"}],"wp:term":[{"taxonomy":"category","embeddable":true,"href":"https:\/\/www.europesays.com\/es\/wp-json\/wp\/v2\/categories?post=178429"},{"taxonomy":"post_tag","embeddable":true,"href":"https:\/\/www.europesays.com\/es\/wp-json\/wp\/v2\/tags?post=178429"}],"curies":[{"name":"wp","href":"https:\/\/api.w.org\/{rel}","templated":true}]}}