{"id":178460,"date":"2025-10-15T13:18:11","date_gmt":"2025-10-15T13:18:11","guid":{"rendered":"https:\/\/www.europesays.com\/es\/178460\/"},"modified":"2025-10-15T13:18:11","modified_gmt":"2025-10-15T13:18:11","slug":"el-mundo-a-pedales-desde-alicante","status":"publish","type":"post","link":"https:\/\/www.europesays.com\/es\/178460\/","title":{"rendered":"El mundo a pedales desde Alicante"},"content":{"rendered":"<p class=\"ft-text ft-helper-closenews\">Todo comenz\u00f3 con una idea sencilla: recorrer Europa a golpe de pedal. Lo que no imaginaba entonces Silvia J. Gonz\u00e1lez, alicantina y apasionada del cicloturismo, era que aquel sue\u00f1o se convertir\u00eda en una traves\u00eda de m\u00e1s de <strong>21.000 kil\u00f3metros<\/strong>, atravesando <strong>17 pa\u00edses<\/strong> y completando las <strong>17 rutas de la red EuroVelo<\/strong>. Conocida en el mundo del ciclo viaje como <strong>@plomoenlospedales<\/strong>, Silvia ha hecho de la bicicleta no solo su medio de transporte, sino tambi\u00e9n una forma de vida, una herramienta para conocer el continente y defender una movilidad m\u00e1s humana y sostenible.<\/p>\n<p class=\"ft-text\">Lo que comenz\u00f3 como una simple idea termin\u00f3 convirti\u00e9ndose en una <strong>aventura vital<\/strong>, una forma de mirar el mundo a otra velocidad. \u201cMi primer gran viaje fue en el verano de 2022: pedale\u00e9 5.200 kil\u00f3metros. Aquel fue el punto de partida de todo\u201d, recuerda. Desde entonces, Silvia ha acumulado doce meses de ruta, divididos en cuatro veranos de pedaleo, con un \u00fanico objetivo: <strong>conocer Europa desde el manillar de su bicicleta<\/strong>.<\/p>\n<p>De Laponia al Mediterr\u00e1neo<\/p>\n<p class=\"ft-text\">Su bicicleta la ha llevado desde el <strong>C\u00edrculo Polar \u00c1rtico<\/strong>, atravesando <strong>Finlandia, Suecia y Dinamarca<\/strong>, hasta los <strong>Estados b\u00e1lticos<\/strong> y el coraz\u00f3n de Europa. Ha seguido el curso de grandes r\u00edos como el Rin, el R\u00f3dano o el Mosa; ha cruzado <strong>Francia, Suiza, Polonia, Rep\u00fablica Checa, Holanda, B\u00e9lgica y Alemania<\/strong>; y ha pedaleado por la costa mediterr\u00e1nea desde <strong>Espa\u00f1a hasta Croacia<\/strong>.<\/p>\n<p class=\"ft-text\">Entre las rutas que ha recorrido se encuentran algunas de las m\u00e1s emblem\u00e1ticas de EuroVelo: la <strong>Atlantic Coast Route (EV1)<\/strong>, la <strong>Pilgrims Route (EV3)<\/strong>, la <strong>Central Europe Route (EV4)<\/strong>, la <strong>Atlantic\u2013Black Sea (EV6)<\/strong>, la <strong>Sun Route (EV7)<\/strong>, la <strong>Mediterranean Route (EV8)<\/strong>, la <strong>Rhine Cycle Route (EV15)<\/strong> y la <strong>Rh\u00f4ne Cycle Route (EV17)<\/strong>, entre otras.<\/p>\n<p class=\"ft-text\">\u201cCada kil\u00f3metro ha sido una lecci\u00f3n\u201d, dice. \u201cEn bicicleta aprendes a escuchar el paisaje, a entender las diferencias culturales desde una perspectiva humana y pausada, y a mirar el mundo con otros ojos.\u201d<\/p>\n<p>Autonom\u00eda sobre dos ruedas<\/p>\n<p class=\"ft-text\">Silvia viaja sola y en <strong>autosuficiencia total<\/strong>. Lleva una tienda de campa\u00f1a, una peque\u00f1a cocina port\u00e1til, un panel solar y entre 30 y 40 kilos de equipo. Esa independencia le permite <strong>improvisar d\u00f3nde dormir<\/strong>, adaptarse al terreno \u2014desde carriles bici perfectamente asfaltados hasta caminos de gravel o rurales\u2014 y disfrutar de una libertad que pocos medios de transporte pueden ofrecer.<\/p>\n<p class=\"ft-text\">\u201cViajar as\u00ed te ense\u00f1a a no depender de nada m\u00e1s que de tus propias piernas. Es una lecci\u00f3n de humildad y de fortaleza\u201d, asegura. Su experiencia tambi\u00e9n le ha permitido observar de cerca las diferencias en <strong>infraestructuras ciclistas<\/strong> entre pa\u00edses. \u201cEn el norte y el centro de Europa la red est\u00e1 muy bien se\u00f1alizada y conectada, pero en el sur todav\u00eda queda mucho trabajo por hacer\u201d, comenta.<\/p>\n<p class=\"ft-text\">A lo largo de su viaje ha conocido <strong>lugares Patrimonio de la Humanidad<\/strong>, paisajes \u00fanicos y peque\u00f1as comunidades rurales que pocas veces aparecen en las gu\u00edas tur\u00edsticas. \u201cEl viaje tambi\u00e9n se mide en encuentros. Las personas que te cruzas en el camino son parte esencial de la experiencia.\u201d<\/p>\n<p>M\u00e1s que una aventura, una causa<\/p>\n<p class=\"ft-text\">Para Silvia, el cicloviaje no es solo una forma de moverse: es una declaraci\u00f3n de principios. \u201cLa bicicleta es una herramienta poderosa para promover la movilidad sostenible, descubrir el continente con un bajo impacto ambiental y acercarte a las comunidades locales.\u201d<\/p>\n<p class=\"ft-text\">Aunque ha recorrido las 17 rutas de EuroVelo, reconoce que a\u00fan queda mucho por pedalear. La red completa supera los <strong>90.000 kil\u00f3metros<\/strong>, y de momento solo tiene completadas en su totalidad las <strong>rutas EuroVelo 15 y 17<\/strong>. Pero la historia no termina aqu\u00ed: su <strong>pr\u00f3xima aventura comenzar\u00e1 en febrero de 2026<\/strong>. A trav\u00e9s de sus redes sociales, Silvia comparte su d\u00eda a d\u00eda, consejos de viaje, reflexiones sobre el cicloturismo y observaciones sobre las infraestructuras de cada pa\u00eds. Su mensaje es claro: <strong>no hace falta recorrer miles de kil\u00f3metros para descubrir la magia de viajar en bicicleta<\/strong>.<\/p>\n<p class=\"ft-text\">\u201cBasta con hacerlo una vez en la vida. No se trata solo de pedalear, sino de aprender a mirar y a vivir lento\u201d, concluye.<\/p>\n<p data-close=\"closedContent\" class=\"subscribeHideForDisplay\">Suscr\u00edbete para seguir leyendo<\/p>\n","protected":false},"excerpt":{"rendered":"Todo comenz\u00f3 con una idea sencilla: recorrer Europa a golpe de pedal. Lo que no imaginaba entonces Silvia&hellip;\n","protected":false},"author":2,"featured_media":178461,"comment_status":"","ping_status":"","sticky":false,"template":"","format":"standard","meta":{"footnotes":""},"categories":[273],"tags":[2206,313,312,168,25,24,700,8137,3013,50932,8341,23,167,5535],"class_list":{"0":"post-178460","1":"post","2":"type-post","3":"status-publish","4":"format-standard","5":"has-post-thumbnail","7":"category-ciclismo","8":"tag-alicante","9":"tag-ciclismo","10":"tag-cycling","11":"tag-deportes","12":"tag-es","13":"tag-espana","14":"tag-europa","15":"tag-movilidad","16":"tag-mundo","17":"tag-pedales","18":"tag-rutas","19":"tag-spain","20":"tag-sports","21":"tag-transporte"},"share_on_mastodon":{"url":"","error":""},"_links":{"self":[{"href":"https:\/\/www.europesays.com\/es\/wp-json\/wp\/v2\/posts\/178460","targetHints":{"allow":["GET"]}}],"collection":[{"href":"https:\/\/www.europesays.com\/es\/wp-json\/wp\/v2\/posts"}],"about":[{"href":"https:\/\/www.europesays.com\/es\/wp-json\/wp\/v2\/types\/post"}],"author":[{"embeddable":true,"href":"https:\/\/www.europesays.com\/es\/wp-json\/wp\/v2\/users\/2"}],"replies":[{"embeddable":true,"href":"https:\/\/www.europesays.com\/es\/wp-json\/wp\/v2\/comments?post=178460"}],"version-history":[{"count":0,"href":"https:\/\/www.europesays.com\/es\/wp-json\/wp\/v2\/posts\/178460\/revisions"}],"wp:featuredmedia":[{"embeddable":true,"href":"https:\/\/www.europesays.com\/es\/wp-json\/wp\/v2\/media\/178461"}],"wp:attachment":[{"href":"https:\/\/www.europesays.com\/es\/wp-json\/wp\/v2\/media?parent=178460"}],"wp:term":[{"taxonomy":"category","embeddable":true,"href":"https:\/\/www.europesays.com\/es\/wp-json\/wp\/v2\/categories?post=178460"},{"taxonomy":"post_tag","embeddable":true,"href":"https:\/\/www.europesays.com\/es\/wp-json\/wp\/v2\/tags?post=178460"}],"curies":[{"name":"wp","href":"https:\/\/api.w.org\/{rel}","templated":true}]}}