{"id":178470,"date":"2025-10-15T13:23:12","date_gmt":"2025-10-15T13:23:12","guid":{"rendered":"https:\/\/www.europesays.com\/es\/178470\/"},"modified":"2025-10-15T13:23:12","modified_gmt":"2025-10-15T13:23:12","slug":"academia-lasala-nuevo-punto-de-encuentro-artistico","status":"publish","type":"post","link":"https:\/\/www.europesays.com\/es\/178470\/","title":{"rendered":"Academia Lasala: nuevo punto de encuentro art\u00edstico"},"content":{"rendered":"<p class=\"v-mdl-ath__p v-mdl-ath__p--6\">\nMi\u00e9rcoles, 15 de octubre 2025, 05:00<\/p>\n<p class=\"v-p\">La nueva academia de artes Lasala abre sus puertas en Salamanca, un espacio multifuncional <a href=\"https:\/\/www.google.com\/search?sca_esv=827bd599c16e32c5&amp;authuser=0&amp;sxsrf=AE3TifOUr_TtthWBdl_RxCLMj_kuRXoSMQ:1760390534951&amp;kgmid=\/g\/11zjbk3y46&amp;q=Lasala&amp;shndl=30&amp;shem=lcuae,uaasie,shrtsdl&amp;source=sh\/x\/loc\/uni\/m1\/1&amp;kgs=61b61304039bd589&amp;utm_source=lcuae,uaasie,shrtsdl,sh\/x\/loc\/uni\/m1\/1\" target=\"_blank\" data-voc-vtm-id=\"in-text-traffic\" title=\"en el paseo de la Estaci\u00f3n\" data-mrf-link=\"www.google.com\" rel=\"nofollow noopener\">en el paseo de la Estaci\u00f3n<\/a>, que ofrece clases de danza, teatro, canto y diversas actividades para todas las edades. Dirigida por Celia Garc\u00eda, bailarina con 12 a\u00f1os de experiencia, Lasala busca convertirse en un lugar de encuentro para artistas de diferentes disciplinas. \u00abQuiero sea un espacio donde los artistas puedan nutrirse unos de otros, un punto de convergencia para explorar diferentes formas de arte\u00bb, explica Garc\u00eda.<\/p>\n<p class=\"v-p\">El centro propone una amplia variedad de clases desde danzas urbanas, reggaet\u00f3n y baile comercial o contempor\u00e1neo hasta clases de teatro o canto. Adem\u00e1s, se imparten talleres como &#8216;Creativity&#8217; para ni\u00f1os, &#8216;Taller del \u00c1nimo&#8217; para mayores y actividades como manualidades, ciencia y juegos para los m\u00e1s peque\u00f1os. <\/p>\n<p class=\"v-p\">Con un enfoque inclusivo, Lasala est\u00e1 abierta a personas de todas las edades y niveles de habilidad, creando un entorno diverso y enriquecedor. Las clases est\u00e1n pensadas para grupos reducidos de hasta 15 personas, lo que asegura una atenci\u00f3n personalizada y una mejor experiencia de aprendizaje.<\/p>\n<p class=\"v-p\">Las instalaciones cuentan con una moderna sala de 47 metros cuadrados equipada con espejos y sistemas de iluminaci\u00f3n ajustables, ideales para todo tipo de actividades, incluidas grabaciones y proyectos audiovisuales. La filosof\u00eda de Lasala se basa en promover el crecimiento art\u00edstico y personal de sus estudiantes. \u00abQueremos que cada alumno se sienta libre de expresarse y pueda desarrollar todo su potencial art\u00edstico\u00bb, afirma la directora. En palabras de Celia Garc\u00eda, \u00abLasala es un espacio para crear, sentirte libre y poder crecer\u00bb. <\/p>\n<p>Lasala<\/p>\n<p class=\"v-p\">Paseo de la Estaci\u00f3n, 76 <\/p>\n<p class=\"v-p\">37004 &#8211; Salamanca <\/p>\n<p class=\"v-p\">672 98 19 64<\/p>\n<p class=\"v-p\">lasalasalamanca@gmail.com<\/p>\n<p>Reporta un error<\/p>\n","protected":false},"excerpt":{"rendered":"Mi\u00e9rcoles, 15 de octubre 2025, 05:00 La nueva academia de artes Lasala abre sus puertas en Salamanca, un&hellip;\n","protected":false},"author":2,"featured_media":178471,"comment_status":"","ping_status":"","sticky":false,"template":"","format":"standard","meta":{"footnotes":""},"categories":[173],"tags":[923,229,233,14626,231,230,232,234,437,146,147,25,24,50933,524,2320,23],"class_list":{"0":"post-178470","1":"post","2":"type-post","3":"status-publish","4":"format-standard","5":"has-post-thumbnail","7":"category-arte-y-diseno","8":"tag-academia","9":"tag-arte","10":"tag-arte-y-diseno","11":"tag-artistico","12":"tag-arts","13":"tag-arts-and-design","14":"tag-design","15":"tag-diseno","16":"tag-encuentro","17":"tag-entertainment","18":"tag-entretenimiento","19":"tag-es","20":"tag-espana","21":"tag-lasala","22":"tag-nuevo","23":"tag-punto","24":"tag-spain"},"share_on_mastodon":{"url":"","error":""},"_links":{"self":[{"href":"https:\/\/www.europesays.com\/es\/wp-json\/wp\/v2\/posts\/178470","targetHints":{"allow":["GET"]}}],"collection":[{"href":"https:\/\/www.europesays.com\/es\/wp-json\/wp\/v2\/posts"}],"about":[{"href":"https:\/\/www.europesays.com\/es\/wp-json\/wp\/v2\/types\/post"}],"author":[{"embeddable":true,"href":"https:\/\/www.europesays.com\/es\/wp-json\/wp\/v2\/users\/2"}],"replies":[{"embeddable":true,"href":"https:\/\/www.europesays.com\/es\/wp-json\/wp\/v2\/comments?post=178470"}],"version-history":[{"count":0,"href":"https:\/\/www.europesays.com\/es\/wp-json\/wp\/v2\/posts\/178470\/revisions"}],"wp:featuredmedia":[{"embeddable":true,"href":"https:\/\/www.europesays.com\/es\/wp-json\/wp\/v2\/media\/178471"}],"wp:attachment":[{"href":"https:\/\/www.europesays.com\/es\/wp-json\/wp\/v2\/media?parent=178470"}],"wp:term":[{"taxonomy":"category","embeddable":true,"href":"https:\/\/www.europesays.com\/es\/wp-json\/wp\/v2\/categories?post=178470"},{"taxonomy":"post_tag","embeddable":true,"href":"https:\/\/www.europesays.com\/es\/wp-json\/wp\/v2\/tags?post=178470"}],"curies":[{"name":"wp","href":"https:\/\/api.w.org\/{rel}","templated":true}]}}