{"id":178511,"date":"2025-10-15T13:46:11","date_gmt":"2025-10-15T13:46:11","guid":{"rendered":"https:\/\/www.europesays.com\/es\/178511\/"},"modified":"2025-10-15T13:46:11","modified_gmt":"2025-10-15T13:46:11","slug":"muchas-veces-no-nos-paramos-a-entender-el-patrimonio","status":"publish","type":"post","link":"https:\/\/www.europesays.com\/es\/178511\/","title":{"rendered":"\u00abMuchas veces no nos paramos a entender el patrimonio\u00bb"},"content":{"rendered":"<p>Bea Barrio es una apasionada de la arquitectura. Se la nota en cada palabra que sale de su boca sobre una profesi\u00f3n que luce en sus t\u00edtulo universitario pero que no ejerce al uso, tal y como se suele tener en mente a la figura de los arquitectos. Porque Bea no se sienta en una mesa a dise\u00f1ar planos; ni visita protegida con un casco las obras de un futuro edificio de viviendas. Ella dedica sus d\u00edas a llevar la arquitectura a campos como el turismo o la docencia. \u00abYo, cuando estaba en la carrera, me daba cuenta de que eso de hacer edificios al uso y crear nuevos edificios no iba mucho conmigo. Me gustaba ver los edificios que hab\u00eda y ense\u00f1arlos y comunicarlos de otra manera\u00bb, reconoce la arquitecta que este martes clausuraba la Semana de la Arquitectura en la capital organizada por el Colegio de Arquitectos de \u00c1vila.<\/p>\n<p>&#8216;Otras salidas en la arquitectura&#8217; era el t\u00edtulo de una charla en la que present\u00f3 precisamente eso, las otras opciones que ofrece el campo de la arquitectura a sus profesionales y que, como en el caso de la elegida por Bea, conllevan un fuerte componente did\u00e1ctico.<\/p>\n<p>\u00abCreo que muchas veces no entendemos el patrimonio o estamos acostumbrados mucho a ver iglesias, castillos o monasterios pero no nos paramos a verlos, no nos paramos a entenderlos. Y eso pasa mucho, adem\u00e1s, en nuestras ciudades de origen. T\u00fa vas a otro sitio y s\u00ed que haces fotos y levantas la vista, pero en tus ciudades no\u00bb, lamenta Bea, a la que le encanta ver que muchas de las personas a las que gu\u00eda por Zamora son, precisamente, zamoranos.<\/p>\n<p>\u00abMe he dado cuenta de que hay que parar un poquito. Veo, por ejemplo, que en Zamora que hay gente que hace visitas en una hora. Pero t\u00fa en una hora no puedes ver esa ciudad si quieres verla de verdad, \u00bfno? Entonces yo creo que iniciativas como la m\u00eda ayudan a un turismo sostenible\u00bb, reflexiona la arquitecta, que en este sentido compara las ciudades de \u00c1vila yZamora. \u00abSon dos ciudades peque\u00f1itas, capitales de provincia, pero con much\u00edsimo que ense\u00f1ar y much\u00edsimo que contar\u00bb, recalca el valor de ambas localidades\u00a0<\/p>\n<p>\u00abCreo que pararte y valorar lo que tenemos ayuda a seguir potenci\u00e1ndolo\u00bb, continua reflexionando sobre su labor como arquitecta en el campo del turismo. \u00abHaciendo visitas un poco m\u00e1s largas, un poco m\u00e1s entretenidas, un poco m\u00e1s con rigor, en este caso, desde el punto de vista de la arquitectura. Tambi\u00e9n poniendo mucho el foco en todo el patrimonio en peligro\u00bb, advierte, y pone como ejemplo el castillo de Castronuevo, en Rivilla de Barajas.<\/p>\n<p>\u00abTambi\u00e9n las redes sociales y los nuevos medios de comunicaci\u00f3n nos ayudan a poner el foco en ese patrimonio que corre peligro y que forma parte de nuestra identidad\u00bb, mencionaba otro de los campos en los que ella se mueve como pez en el agua (@beacastillo_). \u00abLa gente que llega a mis visitas es por redes sociales\u00bb, habla de seguidores que, reconoce, quiz\u00e1 no cuenten a la hora de salvar ese patrimonio. \u00abPero s\u00ed lo cuenta la comunidad y lo interesada que est\u00e1 esta gente. Y te das cuenta cuando se ha conseguido rehabilitar much\u00edsimos de estos sitios que estaban en mal estado o al menos cuando se ha sacado los colores a los propietarios\u00bb, cuenta.<\/p>\n<p>Con esta charla se cierra un ciclo de conferencias en el que se ha reflexionado sobre temas como la comunicaci\u00f3n en la arquitectura o las narrativas arquitect\u00f3nicas y ha dedicado un tiempo a los ni\u00f1os.<\/p>\n","protected":false},"excerpt":{"rendered":"Bea Barrio es una apasionada de la arquitectura. Se la nota en cada palabra que sale de su&hellip;\n","protected":false},"author":2,"featured_media":178512,"comment_status":"","ping_status":"","sticky":false,"template":"","format":"standard","meta":{"footnotes":""},"categories":[173],"tags":[801,229,233,231,230,7607,232,234,146,147,25,24,1397,23,4664,2946],"class_list":{"0":"post-178511","1":"post","2":"type-post","3":"status-publish","4":"format-standard","5":"has-post-thumbnail","7":"category-arte-y-diseno","8":"tag-arquitectura","9":"tag-arte","10":"tag-arte-y-diseno","11":"tag-arts","12":"tag-arts-and-design","13":"tag-avila","14":"tag-design","15":"tag-diseno","16":"tag-entertainment","17":"tag-entretenimiento","18":"tag-es","19":"tag-espana","20":"tag-patrimonio","21":"tag-spain","22":"tag-turismo","23":"tag-zamora"},"share_on_mastodon":{"url":"","error":""},"_links":{"self":[{"href":"https:\/\/www.europesays.com\/es\/wp-json\/wp\/v2\/posts\/178511","targetHints":{"allow":["GET"]}}],"collection":[{"href":"https:\/\/www.europesays.com\/es\/wp-json\/wp\/v2\/posts"}],"about":[{"href":"https:\/\/www.europesays.com\/es\/wp-json\/wp\/v2\/types\/post"}],"author":[{"embeddable":true,"href":"https:\/\/www.europesays.com\/es\/wp-json\/wp\/v2\/users\/2"}],"replies":[{"embeddable":true,"href":"https:\/\/www.europesays.com\/es\/wp-json\/wp\/v2\/comments?post=178511"}],"version-history":[{"count":0,"href":"https:\/\/www.europesays.com\/es\/wp-json\/wp\/v2\/posts\/178511\/revisions"}],"wp:featuredmedia":[{"embeddable":true,"href":"https:\/\/www.europesays.com\/es\/wp-json\/wp\/v2\/media\/178512"}],"wp:attachment":[{"href":"https:\/\/www.europesays.com\/es\/wp-json\/wp\/v2\/media?parent=178511"}],"wp:term":[{"taxonomy":"category","embeddable":true,"href":"https:\/\/www.europesays.com\/es\/wp-json\/wp\/v2\/categories?post=178511"},{"taxonomy":"post_tag","embeddable":true,"href":"https:\/\/www.europesays.com\/es\/wp-json\/wp\/v2\/tags?post=178511"}],"curies":[{"name":"wp","href":"https:\/\/api.w.org\/{rel}","templated":true}]}}