{"id":178515,"date":"2025-10-15T13:48:10","date_gmt":"2025-10-15T13:48:10","guid":{"rendered":"https:\/\/www.europesays.com\/es\/178515\/"},"modified":"2025-10-15T13:48:10","modified_gmt":"2025-10-15T13:48:10","slug":"dani-fernandez-sale-en-defensa-de-valeria-castro-tras-su-actuacion-en-ot-2025-juzgarnos-por-esto-es-perverso-eldiario-es","status":"publish","type":"post","link":"https:\/\/www.europesays.com\/es\/178515\/","title":{"rendered":"Dani Fern\u00e1ndez sale en defensa de Valeria Castro tras su actuaci\u00f3n en &#039;OT 2025&#039;: &quot;Juzgarnos por esto es perverso&quot; &#8211; elDiario.es"},"content":{"rendered":"<ol>\n<li><a href=\"https:\/\/news.google.com\/rss\/articles\/CBMi0gFBVV95cUxNYm50MzJmT2p0UlA0Wkl1N3BSaTRBM3FuNDBqbWhGUXJTTEs3VUZKQnlDcm44N0JtT0gyQXJxajQ0d25XaGlpS1ZXR21hZjZQNTRvdmgycjJEd21KaVJoMUR6Mk11VGpJUlJfam5jYm9aSlpMejFuc2wzTzhTSDQ2Sy13RWdlYjhuaHlWRjd3cktxWVVpR29QVWN3SUdTLVlYaXQzOWkzM1Y3X3JuWjNLUHRFdmhSREo4NEZzaVFCOEsyVjJLVWJPWE40ZjlpYkZtX3fSAdcBQVVfeXFMTlY3YW5LTTFHMjl1Z1d2UWIzVWxha0c0X2pnNjJGZV9fR0w3WURXTDIySzM2c1FNZlh1VUUtRGVNZUZuc3RyWHV3dE1UbHBCcmhWUVZBRFhMRkpQak5mQVo1NW1mZEpZSWotYWprQTNPWjIxVUE5dXdtVnowZzVtODVfNDZsNTFxYl9wOHUtQWxyb3pONXZoZjFmOG9oOVkyd01CRzVxVVFGb0MtMkI5SEZtRzczX3ZZeFF5OTAtUVBSVUQzVEQ1eW9INTRHa1k0cndtQVdqeHc?oc=5\" target=\"_blank\" rel=\"nofollow noopener\">Dani Fern\u00e1ndez sale en defensa de Valeria Castro tras su actuaci\u00f3n en &#8216;OT 2025&#8217;: \u00abJuzgarnos por esto es perverso\u00bb<\/a>&nbsp;&nbsp;elDiario.es<\/li>\n<li><a href=\"https:\/\/news.google.com\/rss\/articles\/CBMiwAFBVV95cUxQVFhQc2tWUVJmdVZ0LUFINm5JUmU4OWtfYmJLd1lMRkJxMms5NnM1WFZReWJFMHVNNlotVE42amJNRThUQ1NYWWtLd0ZRUVNuT0Z6TzJkRnYyQ2J1aFQ1QWxhSWp0Nkg4XzZOaUxuUWozRzdORGF2RmdCYjVkSFJPdHEtRlJRNFhYNzJXNVluV0tmdFh0NnhjelJtWXZIaG9oQnItdUNDVFdZSlFfUG1fR0dtc2ZuWmpUeHdYUFpERWw?oc=5\" target=\"_blank\" rel=\"nofollow noopener\">Preocupaci\u00f3n por la cantante Valeria Castro tras su actuaci\u00f3n en OT 2025<\/a>&nbsp;&nbsp;ABC<\/li>\n<li><a href=\"https:\/\/news.google.com\/rss\/articles\/CBMimwJBVV95cUxQc0RnekV2YngxaUtobk5IU3ZSNTVrWmZFb1AtMWJBX3lLaU9rdkxNR0NEalVsSmhTYjFpUGJ6Y3o1d18xdFI4cmRPREdxdXN5dnl2Q1RoYU1mQ2VWMXVUYlREc0lZeko0OXlsSk9TRjdITUtpN05sb0FydU14dFBWbE9LLUlQUzl4NEwtU3JZc09sbGM5dDZVakJjRTlpX3NiNVVfQkZYNmZaMjA2RXVaMTd6OWkwb1lyRlNJczhQRTlyMG8yN2lhQm5PdGozSEY2MlpFc2xtY2FqbDljc0d0TzZxNUtoQ0tUaHZSckNrVnRfVmJBdmpSSEFRMTFLc2trbGtBM2dMWVBqNlZydi1EMmFUQ1hHWEJSN1BF0gG3AkFVX3lxTE5sTXdEVXA2MUJ0SHlYclJacmxmcXBHWGVCVWF2UTF4RDlqSDFhYWxITG5HS1BnU3RVZ1Z3bDVfVm9SSTV0YkhHSWhYTThwSmxpaGJ4R01ucXg4eE1CQXpHTGt6TDUzTGhtX3NmdHEtRjV2Q3pMU3VjREhxbGNDVzhRa0pSX2hJWDZBZlR3TmZDSXBtZlRFdU1OdWRyRjdJVEd4RGttdEktZUhzRmRlNE9ONmJkczdnWVlFSkxSeTlYOHFQeTBHa3lFMkdtRGxzRkdONmNfcUtSeEpuNUNiZEswVEpLMGdjVGhLQ2ZkYWItZlhIbW5nQllhVDJkS1lTVF83c05yNWpSbWp3SjJMMlhiN09wVWVyOFFhWGgzaVFjR2dkQnVKR2JtYllIUXRHUXJyWHJPX1Rr?oc=5\" target=\"_blank\" rel=\"nofollow noopener\">Andr\u00e9s Su\u00e1rez, Tanxugueiras, Viva Suecia o Dani Fern\u00e1ndez defienden a Valeria Castro tras las su criticada actuaci\u00f3n en \u00abOT\u00bb<\/a>&nbsp;&nbsp;La Voz de Galicia<\/li>\n<li><a href=\"https:\/\/news.google.com\/rss\/articles\/CBMirgFBVV95cUxOODVvcnlONFA1YldZZ2hLVVFnWjhBNHgydWNyVkFjal85d0JVU3dYVjI2M3dsWkE0RDkwMzB2SFJuTXh1a3JZXzJYLUdPQW5adG1OcnFoM3FScFVOeXhoeFJHWDBOeU1JTldNcUYxUVZneUxoblBKSWw4NlVlTk5UaUNQRnROd2JJV0hFeno4M2Q1YUE4OGhCWG5HbTdEZ2RKWjV1Q1BEVVNMWHJLV0E?oc=5\" target=\"_blank\" rel=\"nofollow noopener\">El verdadero espect\u00e1culo es la crueldad en las redes sociales<\/a>&nbsp;&nbsp;elDiario.es<\/li>\n<li><a href=\"https:\/\/news.google.com\/rss\/articles\/CBMihwJBVV95cUxPS2ZoZ01xUEc4dnc0TVk1Y2NWX2lWU3VNOTdRdmtoNFVWeU9WRm9QRWtOM3RTRE5QUGtiZE5xVkdRWmE5N2ZIRnpWUVY3MWstdmFXQWVpamVqQWI2Y0N5WVpQNEg5QTloUnlGRVFhcUh1aUZMSnBtX2hlRkRmZ1dvRDFHRjlyVF85N3VEQU9ZbTlKaVNYVVQwMWhIdE0tMDE5ZTNnX3BINFNIRHhFSkc0WmJvTVZBV1R5SDc3ajBMdzNTN1dwRWlFZmNKdU16RDk1WnZsNUVYVzVBSFpjd1VIMmJfZ2xxejNYVmtxRzFfOFhoLUl6a1BTYjBQTzV2OUxmcXhuVVoxUdIBhwJBVV95cUxQLUdpdVB1UXkwV2FaOHdfUWFrb3k0MnVCcW1qNjZNZU02S0U4NEN3a3lXaGQ0aERFQ29JclJ2TkpodjY2YV9CUmxIWXlERmh1WFVadDlZcUlhQ2toM3ZLTURlVXRkZ0Z2MlRha0daYTN5ZWFtNXhXcks0QWdrNDh4Ym8zVTc2bkdpREliUnppNElaNm4xOHBWMUxLZF9sRUQtNlAxc1hWWmVuOTFkVWJyb2hXUUxVYlhHU2Z0NHVqcWtwWFk0MkRjUnRMaUx4SUtUOFVBYTAzMFJYcXp2R2lHcUhZUFRfYWt4ck1wbzdIbkVoYzNEMWY2M1VEemcyRDh4MVRfM0tEaw?oc=5\" target=\"_blank\" rel=\"nofollow noopener\">Dani Fern\u00e1ndez, Viva Suecia, Yoly Saa&#8230; Todos los artistas que defienden a Valeria Castro tras su \u00faltima<\/a>&nbsp;&nbsp;EuropaFM<\/li>\n<\/ol>\n","protected":false},"excerpt":{"rendered":"Dani Fern\u00e1ndez sale en defensa de Valeria Castro tras su actuaci\u00f3n en &#8216;OT 2025&#8217;: \u00abJuzgarnos por esto es&hellip;\n","protected":false},"author":2,"featured_media":178516,"comment_status":"","ping_status":"","sticky":false,"template":"","format":"standard","meta":{"footnotes":""},"categories":[171],"tags":[45,4641,14982,1996,1616,146,147,25,24,10994,50940,221,50941,5150,23,214,28981],"class_list":{"0":"post-178515","1":"post","2":"type-post","3":"status-publish","4":"format-standard","5":"has-post-thumbnail","7":"category-tv","8":"tag-45","9":"tag-actuacion","10":"tag-castro","11":"tag-dani","12":"tag-defensa","13":"tag-entertainment","14":"tag-entretenimiento","15":"tag-es","16":"tag-espana","17":"tag-fernandez","18":"tag-juzgarnos","19":"tag-ot","20":"tag-perverso","21":"tag-sale","22":"tag-spain","23":"tag-tv","24":"tag-valeria"},"share_on_mastodon":{"url":"","error":""},"_links":{"self":[{"href":"https:\/\/www.europesays.com\/es\/wp-json\/wp\/v2\/posts\/178515","targetHints":{"allow":["GET"]}}],"collection":[{"href":"https:\/\/www.europesays.com\/es\/wp-json\/wp\/v2\/posts"}],"about":[{"href":"https:\/\/www.europesays.com\/es\/wp-json\/wp\/v2\/types\/post"}],"author":[{"embeddable":true,"href":"https:\/\/www.europesays.com\/es\/wp-json\/wp\/v2\/users\/2"}],"replies":[{"embeddable":true,"href":"https:\/\/www.europesays.com\/es\/wp-json\/wp\/v2\/comments?post=178515"}],"version-history":[{"count":0,"href":"https:\/\/www.europesays.com\/es\/wp-json\/wp\/v2\/posts\/178515\/revisions"}],"wp:featuredmedia":[{"embeddable":true,"href":"https:\/\/www.europesays.com\/es\/wp-json\/wp\/v2\/media\/178516"}],"wp:attachment":[{"href":"https:\/\/www.europesays.com\/es\/wp-json\/wp\/v2\/media?parent=178515"}],"wp:term":[{"taxonomy":"category","embeddable":true,"href":"https:\/\/www.europesays.com\/es\/wp-json\/wp\/v2\/categories?post=178515"},{"taxonomy":"post_tag","embeddable":true,"href":"https:\/\/www.europesays.com\/es\/wp-json\/wp\/v2\/tags?post=178515"}],"curies":[{"name":"wp","href":"https:\/\/api.w.org\/{rel}","templated":true}]}}