{"id":178532,"date":"2025-10-15T13:57:08","date_gmt":"2025-10-15T13:57:08","guid":{"rendered":"https:\/\/www.europesays.com\/es\/178532\/"},"modified":"2025-10-15T13:57:08","modified_gmt":"2025-10-15T13:57:08","slug":"miles-de-personas-se-manifiestan-en-toda-espana-en-la-huelga-general-por-palestina","status":"publish","type":"post","link":"https:\/\/www.europesays.com\/es\/178532\/","title":{"rendered":"Miles de personas se manifiestan en toda Espa\u00f1a en la huelga general por Palestina"},"content":{"rendered":"<p>          <img decoding=\"async\" class=\"c-ad__placeholder__logo\" src=\"https:\/\/static.euronews.com\/website\/images\/logos\/logo-euronews-stacked-outlined-72x72-grey-9.svg\" width=\"72\" height=\"72\" alt=\"\" loading=\"lazy\"\/><br \/>\n          PUBLICIDAD<\/p>\n<p>Miles de personas se est\u00e1n manifestando este martes en ciudades de toda Espa\u00f1a en una jornada de <a href=\"https:\/\/es.euronews.com\/2025\/10\/15\/habra-huelga-general-el-15-de-octubre-paros-servicios-minimos-y-los-cambios-por-la-paz-en-\" rel=\"nofollow noopener\" target=\"_blank\">huelga general y paros parciales convocada en solidaridad con Palestina<\/a> y <strong>para exigir el fin de la ofensiva israel\u00ed en la Franja de Gaza<\/strong>. Las movilizaciones, impulsadas por sindicatos y colectivos sociales, han incluido marchas, concentraciones, bloqueos y cortes en infraestructuras clave, en un contexto de amplia participaci\u00f3n ciudadana.<\/p>\n<p>En Catalu\u00f1a, la huelga comenz\u00f3 de madrugada con piquetes y cortes en carreteras y accesos al puerto de Barcelona. Tambi\u00e9n se registraron <strong>cancelaciones de trenes y paros en algunos turnos industriales<\/strong>, como los de la planta de Seat. En Matar\u00f3, un grupo de manifestantes ocuparon durante 20 minutos un McDonald&#8217;s. En la capital catalana, centenares de personas se concentraron frente a la sede de la Comisi\u00f3n Europea en Via Laietana y protagonizaron una marcha que recorri\u00f3 el centro de la ciudad entre un fuerte dispositivo policial. En la estaci\u00f3n de Sants se vivieron momentos de tensi\u00f3n entre manifestantes y agentes de los Mossos d&#8217;Esquadra.<\/p>\n<p>En otras ciudades, como Logro\u00f1o, Le\u00f3n, Murcia, Toledo, Bilbao y tambi\u00e9n en las Islas Baleares, las protestas se desarrollaron con <a href=\"https:\/\/es.euronews.com\/2025\/10\/02\/huelga-masiva-de-estudiantes-en-espana-contra-el-genocidio-en-gaza-y-en-apoyo-a-la-flotill\" rel=\"nofollow noopener\" target=\"_blank\">concentraciones, marchas y actos simb\u00f3licos<\/a>. En Baleares, casi 600 docentes se sumaron a la jornada de huelga. En Le\u00f3n, los manifestantes partieron desde la Plaza de San Marcos hasta la Plaza de Regla, <strong>deteni\u00e9ndose frente a un supermercado para reclamar un boicot a productos<\/strong> vinculados con Israel. En Logro\u00f1o, la Plaza del Espol\u00f3n fue rebautizada simb\u00f3licamente como \u00abPlaza Palestina Libre\u00bb durante el acto central.<\/p>\n<p>El transporte, la sanidad y la educaci\u00f3n se vieron afectados por los paros, aunque las administraciones <strong>establecieron servicios m\u00ednimos para garantizar el funcionamiento<\/strong> de los servicios esenciales. En Madrid, el metro est\u00e1 operando al 80% en hora punta y los autobuses al 30%, mientras que en Catalu\u00f1a el transporte p\u00fablico mantiene el 66% de sus frecuencias habituales. En Galicia, los sindicatos convocaron paros de entre dos y cuatro horas por turno, y en Huesca los autobuses urbanos funcionan con horarios reducidos.<\/p>\n<p><strong>El movimiento universitario y Sumar se suman a la protesta<\/strong><\/p>\n<p>El movimiento estudiantil tuvo tambi\u00e9n un papel destacado con huelgas y concentraciones en varias universidades p\u00fablicas. En el Congreso, el grupo parlamentario Sumar <strong>anunci\u00f3 su ausencia de la sesi\u00f3n de control al Gobierno<\/strong> como gesto de apoyo a la jornada de protesta.<\/p>\n<p>Las movilizaciones se enmarcan en <a href=\"https:\/\/es.euronews.com\/2025\/10\/03\/italia-paralizada-por-una-huelga-nacional-en-solidaridad-con-la-flotilla-de-ayuda-a-gaza-i\" rel=\"nofollow noopener\" target=\"_blank\">una convocatoria internacional para denunciar lo que los organizadores califican como \u00abgenocidio\u00bb<\/a> en Gaza y <strong>reclamar un alto el fuego permanente<\/strong>. Durante la jornada, Israel confirm\u00f3 que mantendr\u00e1 la entrada de ayuda humanitaria por el paso de Rafah con unos 600 camiones diarios de suministros, aunque advirti\u00f3 que revisar\u00e1 la situaci\u00f3n si no se completa la entrega de los cuerpos de rehenes acordados con Ham\u00e1s.<\/p>\n<p>Pese al alto el fuego, fuentes locales informaron de un ataque con dron en Ciudad de Gaza <a href=\"https:\/\/es.euronews.com\/2025\/10\/15\/israel-mantiene-cerrado-el-paso-fronterizo-de-rafah-hasta-que-hamas-devuelva-a-los-rehenes\" rel=\"nofollow noopener\" target=\"_blank\"><strong>que caus\u00f3 la muerte de dos personas<\/strong><\/a>. La activista sueca Greta Thunberg, que participaba en una flotilla humanitaria interceptada por las fuerzas israel\u00edes, denunci\u00f3 haber sufrido agresiones durante su detenci\u00f3n.<\/p>\n","protected":false},"excerpt":{"rendered":"PUBLICIDAD Miles de personas se est\u00e1n manifestando este martes en ciudades de toda Espa\u00f1a en una jornada de&hellip;\n","protected":false},"author":2,"featured_media":178533,"comment_status":"","ping_status":"","sticky":false,"template":"","format":"standard","meta":{"footnotes":""},"categories":[8],"tags":[17,18,10813,25,24,13,14,1258,11,13181,19,20,9,10,15,16,76,2315,23,12,21,22],"class_list":{"0":"post-178532","1":"post","2":"type-post","3":"status-publish","4":"format-standard","5":"has-post-thumbnail","7":"category-espana","8":"tag-breaking-news","9":"tag-breakingnews","10":"tag-conflicto-palestino-israeli","11":"tag-es","12":"tag-espana","13":"tag-featured-news","14":"tag-featurednews","15":"tag-guerra-israel-hamas","16":"tag-headlines","17":"tag-huelga","18":"tag-latest-news","19":"tag-latestnews","20":"tag-news","21":"tag-noticias","22":"tag-noticias-destacadas","23":"tag-noticiasdestacadas","24":"tag-palestina","25":"tag-protestas","26":"tag-spain","27":"tag-titulares","28":"tag-ultimas-noticias","29":"tag-ultimasnoticias"},"share_on_mastodon":{"url":"","error":""},"_links":{"self":[{"href":"https:\/\/www.europesays.com\/es\/wp-json\/wp\/v2\/posts\/178532","targetHints":{"allow":["GET"]}}],"collection":[{"href":"https:\/\/www.europesays.com\/es\/wp-json\/wp\/v2\/posts"}],"about":[{"href":"https:\/\/www.europesays.com\/es\/wp-json\/wp\/v2\/types\/post"}],"author":[{"embeddable":true,"href":"https:\/\/www.europesays.com\/es\/wp-json\/wp\/v2\/users\/2"}],"replies":[{"embeddable":true,"href":"https:\/\/www.europesays.com\/es\/wp-json\/wp\/v2\/comments?post=178532"}],"version-history":[{"count":0,"href":"https:\/\/www.europesays.com\/es\/wp-json\/wp\/v2\/posts\/178532\/revisions"}],"wp:featuredmedia":[{"embeddable":true,"href":"https:\/\/www.europesays.com\/es\/wp-json\/wp\/v2\/media\/178533"}],"wp:attachment":[{"href":"https:\/\/www.europesays.com\/es\/wp-json\/wp\/v2\/media?parent=178532"}],"wp:term":[{"taxonomy":"category","embeddable":true,"href":"https:\/\/www.europesays.com\/es\/wp-json\/wp\/v2\/categories?post=178532"},{"taxonomy":"post_tag","embeddable":true,"href":"https:\/\/www.europesays.com\/es\/wp-json\/wp\/v2\/tags?post=178532"}],"curies":[{"name":"wp","href":"https:\/\/api.w.org\/{rel}","templated":true}]}}