{"id":178543,"date":"2025-10-15T14:05:09","date_gmt":"2025-10-15T14:05:09","guid":{"rendered":"https:\/\/www.europesays.com\/es\/178543\/"},"modified":"2025-10-15T14:05:09","modified_gmt":"2025-10-15T14:05:09","slug":"no-hay-rivalidad-valtteri-bottas-se-deshace-en-elogios-para-checo-perez","status":"publish","type":"post","link":"https:\/\/www.europesays.com\/es\/178543\/","title":{"rendered":"\u00a1No hay rivalidad! Valtteri Bottas se deshace en elogios para Checo P\u00e9rez"},"content":{"rendered":"<blockquote class=\"wp-block-quote is-layout-flow wp-block-quote-is-layout-flow\">\n<p class=\"has-medium-font-size\">El finland\u00e9s reconoci\u00f3 que Checo es un piloto con el que se puede trabajar f\u00e1cilmente como compa\u00f1ero de equipo<\/p>\n<\/blockquote>\n<p><img fetchpriority=\"high\" decoding=\"async\" width=\"1024\" height=\"576\" src=\"https:\/\/www.europesays.com\/es\/wp-content\/uploads\/2025\/10\/gzrmwdhxqaebsus1-054100-1024x576.jpg\" alt=\"Checo P\u00e9rez y Valtteri Bottas son nuevo pilotos de @Cadillac_F1\" class=\"wp-image-1056085\"  \/>Checo P\u00e9rez y Valtteri Bottas son nuevo pilotos de @Cadillac_F1<\/p>\n<p>Valtteri <strong>Bottas dej\u00f3 claro que su llegada <a href=\"https:\/\/www.clarosports.com\/motor\/formula-1\/cadillac-destaca-a-checo-perez-y-su-amor-por-el-america\/\" rel=\"nofollow noopener\" target=\"_blank\">al nuevo equipo Cadillac en la F\u00f3rmula 1 2026<\/a> no traer\u00e1 rivalidades innecesarias con Sergio \u2018Checo\u2019 P\u00e9rez,<\/strong> su nuevo compa\u00f1ero de equipo. El finland\u00e9s <strong>destac\u00f3 que existe respeto mutuo entre ambos<\/strong> y que la prioridad ser\u00e1 trabajar en conjunto para fortalecer el proyecto estadounidense en su temporada de debut.<\/p>\n<p>El experimentado piloto, que actualmente funge como reserva de Mercedes, habl\u00f3 sobre la motivaci\u00f3n compartida que existe con P\u00e9rez, quien regresar\u00e1 a las pistas tras un a\u00f1o sab\u00e1tico.<strong> \u201cCreo que \u00e9l tiene tantas ganas como yo.<\/strong> Ha tenido un a\u00f1o diferente. Ha viajado menos que yo. Ha tenido tiempo de calidad con la familia, lo que a veces es bueno, una especie de reset. Pero lo est\u00e1 deseando. <strong>Creo que podemos trabajar muy bien juntos y que formaremos un buen equipo. Como d\u00fao de pilotos, realmente podemos poner al equipo en primer lugar<\/strong> y eso es exactamente lo que el equipo necesita para los pr\u00f3ximos a\u00f1os\u201d, declar\u00f3 Bottas a Crash.net.<\/p>\n<p>A lo largo de sus trayectorias, Bottas y P\u00e9rez se han enfrentado en varias ocasiones dentro de la parrilla, pero <strong>el finland\u00e9s asegur\u00f3 que ambos son lo suficientemente profesionales<\/strong> para dejar atr\u00e1s las batallas pasadas y enfocarse en un objetivo com\u00fan: hacer competitivo al nuevo equipo Cadillac F1.<\/p>\n<p>\u201cSiempre ha sido bueno. Siempre ha sido amable conmigo\u201d, reconoci\u00f3 Bottas sobre el piloto mexicano. \u201cSiempre le he tenido respeto. Ha sido genial. <strong><a href=\"https:\/\/www.clarosports.com\/motor\/formula-1\/checo-perez-visita-la-fabrica-de-cadillac-y-prepara-sus-primeras-pruebas-con-el-equipo\/\" rel=\"nofollow noopener\" target=\"_blank\">Me parece alguien con quien se puede trabajar f\u00e1cilmente, y yo lo soy. As\u00ed que deber\u00eda funcionar bien\u201d.<\/a><\/strong><\/p>\n<p>Las palabras del ex piloto de Mercedes reflejan una visi\u00f3n de cooperaci\u00f3n m\u00e1s que de competencia. Para Bottas, el secreto del \u00e9xito en un proyecto nuevo no est\u00e1 en la rivalidad interna, sino en <strong>el trabajo en conjunto y la suma de esfuerzos<\/strong> en la pista y fuera de ella.<\/p>\n<p>\u201cCreo que<strong> lo m\u00e1s importante es trabajar juntos y realmente hacer avanzar al equipo juntos, y no perder demasiado tiempo peleando entre nosotros\u201d,<\/strong> afirm\u00f3 el finland\u00e9s. Su enfoque apunta a la construcci\u00f3n de una base s\u00f3lida para Cadillac en su primera experiencia dentro de la F\u00f3rmula 1.<\/p>\n<p>El finland\u00e9s tambi\u00e9n se\u00f1al\u00f3 que, aunque las batallas en la pista son inevitables, espera que estas sirvan para elevar el rendimiento de ambos pilotos y del equipo en general. \u201cCreo que esa deber\u00eda ser la prioridad y ambos lo entendemos. De todos modos,<strong> esperemos que podamos desafiarnos bien en la pista. Eso nos ayudar\u00e1 a los dos a mejorar y a llegar m\u00e1s lejos. Eso estar\u00eda bien\u201d.<\/strong><\/p>\n<p>Con un mensaje de respeto, colaboraci\u00f3n y ambici\u00f3n compartida, Bottas busca marcar una nueva etapa en su carrera y en la de Checo P\u00e9rez. <strong><a href=\"https:\/\/www.clarosports.com\/motor\/formula-1\/checo-perez-tendra-el-apoyo-de-pagenaud-fittipaldi-y-eastwood-en-cadillac-f1\/\" rel=\"nofollow noopener\" target=\"_blank\">Cadillac, que debutar\u00e1 en 2026 como la und\u00e9cima escuder\u00eda de la parrilla,<\/a> conf\u00eda en que la experiencia de ambos pilotos sea clave<\/strong> para consolidar un proyecto que combina madurez, conocimiento t\u00e9cnico y compromiso colectivo.<\/p>\n<p>Te puede interesar:<\/p>\n","protected":false},"excerpt":{"rendered":"El finland\u00e9s reconoci\u00f3 que Checo es un piloto con el que se puede trabajar f\u00e1cilmente como compa\u00f1ero de&hellip;\n","protected":false},"author":2,"featured_media":178544,"comment_status":"","ping_status":"","sticky":false,"template":"","format":"standard","meta":{"footnotes":""},"categories":[270],"tags":[168,25,24,306,271,272,23,167],"class_list":{"0":"post-178543","1":"post","2":"type-post","3":"status-publish","4":"format-standard","5":"has-post-thumbnail","7":"category-formula-1","8":"tag-deportes","9":"tag-es","10":"tag-espana","11":"tag-f1","12":"tag-formula-1","13":"tag-formula1","14":"tag-spain","15":"tag-sports"},"share_on_mastodon":{"url":"","error":""},"_links":{"self":[{"href":"https:\/\/www.europesays.com\/es\/wp-json\/wp\/v2\/posts\/178543","targetHints":{"allow":["GET"]}}],"collection":[{"href":"https:\/\/www.europesays.com\/es\/wp-json\/wp\/v2\/posts"}],"about":[{"href":"https:\/\/www.europesays.com\/es\/wp-json\/wp\/v2\/types\/post"}],"author":[{"embeddable":true,"href":"https:\/\/www.europesays.com\/es\/wp-json\/wp\/v2\/users\/2"}],"replies":[{"embeddable":true,"href":"https:\/\/www.europesays.com\/es\/wp-json\/wp\/v2\/comments?post=178543"}],"version-history":[{"count":0,"href":"https:\/\/www.europesays.com\/es\/wp-json\/wp\/v2\/posts\/178543\/revisions"}],"wp:featuredmedia":[{"embeddable":true,"href":"https:\/\/www.europesays.com\/es\/wp-json\/wp\/v2\/media\/178544"}],"wp:attachment":[{"href":"https:\/\/www.europesays.com\/es\/wp-json\/wp\/v2\/media?parent=178543"}],"wp:term":[{"taxonomy":"category","embeddable":true,"href":"https:\/\/www.europesays.com\/es\/wp-json\/wp\/v2\/categories?post=178543"},{"taxonomy":"post_tag","embeddable":true,"href":"https:\/\/www.europesays.com\/es\/wp-json\/wp\/v2\/tags?post=178543"}],"curies":[{"name":"wp","href":"https:\/\/api.w.org\/{rel}","templated":true}]}}