{"id":178572,"date":"2025-10-15T14:20:07","date_gmt":"2025-10-15T14:20:07","guid":{"rendered":"https:\/\/www.europesays.com\/es\/178572\/"},"modified":"2025-10-15T14:20:07","modified_gmt":"2025-10-15T14:20:07","slug":"la-ue-respalda-a-espana-tras-la-amenaza-de-aranceles-de-trump-y-dice-que-respondera-adecuadamente-internacional","status":"publish","type":"post","link":"https:\/\/www.europesays.com\/es\/178572\/","title":{"rendered":"La UE respalda a Espa\u00f1a tras la amenaza de aranceles de Trump y dice que responder\u00e1 \u201cadecuadamente\u201d | Internacional"},"content":{"rendered":"<p class=\"\">La amenaza de <a href=\"https:\/\/elpais.com\/noticias\/donald-trump\/\" target=\"_self\" rel=\"nofollow noopener\" title=\"https:\/\/elpais.com\/noticias\/donald-trump\/\">Donald Trump<\/a> de imponer aranceles a Espa\u00f1a si no cumple con el gasto de 5% del PIB en defensa acordado en el marco de la OTAN topa con Bruselas. La Comisi\u00f3n Europea ha recordado este mi\u00e9rcoles \u2014una vez m\u00e1s\u2014 que el comercio es competencia exclusiva suya y que un ataque de este tipo contra un pa\u00eds miembro es algo a lo que deber\u00eda responder la UE como bloque. Y que as\u00ed lo har\u00e1 si llega el caso. \u201cResponderemos de manera adecuada, como siempre hacemos, ante cualquier medida tomada contra uno o m\u00e1s de nuestros Estados miembros\u201d, ha dicho un portavoz comunitario a una pregunta sobre <a href=\"https:\/\/elpais.com\/internacional\/2025-10-14\/trump-amenaza-a-espana-con-aranceles-por-no-subir-el-gasto-de-defensa-al-5-del-pib-tiene-que-ser-castigada.html\" target=\"_self\" rel=\"nofollow noopener\" title=\"https:\/\/elpais.com\/internacional\/2025-10-14\/trump-amenaza-a-espana-con-aranceles-por-no-subir-el-gasto-de-defensa-al-5-del-pib-tiene-que-ser-castigada.html\">las amenazas renovadas del presidente estadounidense a Espa\u00f1a<\/a>.<\/p>\n<p class=\"\">Sin embargo, la OTAN, la organizaci\u00f3n militar liderada por Estados Unidos, ha evitado criticar al estadounidense, que ha llegado a insinuar que la Alianza deber\u00eda expulsar a Espa\u00f1a por no llegar a ese 5% de su PIB en defensa. La expulsi\u00f3n no est\u00e1 recogida en los tratados de la organizaci\u00f3n, que dictan que esta solo puede abandonarse por voluntad propia. <\/p>\n<p class=\"\">El secretario general de la OTAN, Mark Rutte, ha elogiado al presidente estadounidense y ha defendido sus presiones de que se eleve el gasto militar. \u201cEl presidente Trump ha sido fundamental para el \u00e9xito de la Cumbre de la OTAN [en la que se acord\u00f3 la nueva meta para inversi\u00f3n en defensa]. Ya lo he dicho antes: sin \u00e9l, nunca habr\u00edamos llegado a este resultado del 5% del PIB, incluyendo el 3,5% de gasto cualificado\u201d, ha dicho Rutte este mi\u00e9rcoles en una rueda de prensa, tras una reuni\u00f3n en Bruselas de los ministros de Defensa de la Alianza. <\/p>\n<p class=\"\">\u201cSi alguien pensara que, sin Trump como presidente de Estados Unidos, habr\u00edamos logrado [esa meta], ser\u00eda una exageraci\u00f3n. Lo logramos gracias a \u00e9l y por dos razones: porque tenemos que alcanzar los objetivos de escalabilidad, y los necesitamos para que, si se activa el Art\u00edculo Cinco [de defensa colectiva], podamos hacer lo que sea necesario para combatir al adversario que nos ataca, ya sea Rusia, el terrorismo o cualquier otro; pero tambi\u00e9n porque ahora estamos a la par con EE UU. As\u00ed que \u00e9l est\u00e1 presionando mucho para que eso suceda. Yo tambi\u00e9n\u201d, ha remarcado.<\/p>\n<p class=\"\">Trump ha elevado y agudizado sus amenazas a Espa\u00f1a en las \u00faltimas semanas por no llegar al 5% de inversi\u00f3n en Defensa que los aliados de la OTAN acordaron cumplir (ante los reclamos de Estados Unidos) en la cumbre de La Haya el pasado junio. Un compromiso para el que Espa\u00f1a logr\u00f3 una salvaguardia al asegurar, en un cruce de cartas con el secretario general de la OTAN, Mark Rutte, que podr\u00eda cubrir sus compromisos con la Alianza gastando el 2,1% del PIB. \u201cEn La Haya tuvimos unanimidad entre los 32 aliados. Espa\u00f1a estuvo totalmente de acuerdo en los objetivos de capacidad\u201d, ha se\u00f1alado Rutte este mi\u00e9rcoles evitando concretar en ese compromiso reducido de Espa\u00f1a.<\/p>\n<p class=\"\">Pedro S\u00e1nchez ha sido muy claro. Espa\u00f1a no llegar\u00e1 a ese 5% de su PIB en inversiones militares, como volvi\u00f3 a recordar el martes durante una entrevista en la Cadena SER. \u201cEl gasto en Defensa es inamovible\u201d, dijo. \u201cCon un 2,1% damos respuesta a las capacidades que nos pide la Alianza Atl\u00e1ntica para poder hacer frente a los desaf\u00edos como la guerra de Putin en Ucrania\u201d, asegur\u00f3. La ministra de Defensa, Margarita Robles, ha sido un poco m\u00e1s laxa este mi\u00e9rcoles en Bruselas: \u201cLo que pase en 2030 o en 2035 nadie lo puede saber, ya veremos\u201d, ha apuntado a la salida de la reuni\u00f3n de ministros de Defensa. Espa\u00f1a y el resto de aliados tendr\u00e1n una reevaluaci\u00f3n del cumplimiento de las capacidades de la OTAN en 2029.<\/p>\n<p class=\"\">Lo que est\u00e1 claro es que el jefe de la Casa Blanca no est\u00e1 satisfecho con la postura de Espa\u00f1a. Ahora, Washington redobla su amenaza, de nuevo, ondeando la carta comercial. Pero mientras que en la OTAN se tiene un perfil bajo y se trata de evitar la cr\u00edtica a las amenazas de Trump, un miembro de la organizaci\u00f3n, en la Comisi\u00f3n Europea son claros. El Ejecutivo comunitario ha recordado que la UE ha cerrado un acuerdo bilateral comercial con Estados Unidos para frenar la escalada arancelaria con la que amenazaba Trump a todo el bloque. \u201cEsta es la plataforma para tender cualquier cuesti\u00f3n comercial o relacionada con el comercio\u201d, ha subrayado el portavoz, que no ha querido hablar del caso concreto espa\u00f1ol, puesto que, al menos por ahora, se trata de una cuesti\u00f3n \u201chipot\u00e9tica\u201d.<\/p>\n<p class=\"\">Durante la cumbre de La Haya de finales de junio, Trump ya amenaz\u00f3 a Espa\u00f1a con hacerle pagar con aranceles su desaf\u00edo a su demanda a todos los aliados de aumentar al 5% el gasto en defensa (3,5% en defensa estricta y 1,5% en gastos relacionados). Hasta hace unos pocos d\u00edas, el republicano no hab\u00eda vuelto a hacer menci\u00f3n de esta posibilidad, que tampoco evoc\u00f3 este lunes durante su saludo con S\u00e1nchez en <a href=\"https:\/\/elpais.com\/internacional\/2025-10-13\/trump-y-al-sisi-presiden-una-cumbre-en-egipto-para-apuntalar-el-plan-de-paz-en-gaza.html\" target=\"_self\" rel=\"nofollow noopener\" title=\"https:\/\/elpais.com\/internacional\/2025-10-13\/trump-y-al-sisi-presiden-una-cumbre-en-egipto-para-apuntalar-el-plan-de-paz-en-gaza.html\">la cumbre celebrada en la ciudad egipcia de Sharm el Sheij<\/a>.<\/p>\n","protected":false},"excerpt":{"rendered":"La amenaza de Donald Trump de imponer aranceles a Espa\u00f1a si no cumple con el gasto de 5%&hellip;\n","protected":false},"author":2,"featured_media":178573,"comment_status":"","ping_status":"","sticky":false,"template":"","format":"standard","meta":{"footnotes":""},"categories":[8],"tags":[4135,17,18,5853,1708,352,25,24,13,14,5850,11,19,20,9,10,15,16,2959,9771,1620,23,12,21,22,1617],"class_list":{"0":"post-178572","1":"post","2":"type-post","3":"status-publish","4":"format-standard","5":"has-post-thumbnail","7":"category-espana","8":"tag-aranceles","9":"tag-breaking-news","10":"tag-breakingnews","11":"tag-comercio-internacional","12":"tag-comision-europea","13":"tag-donald-trump","14":"tag-es","15":"tag-espana","16":"tag-featured-news","17":"tag-featurednews","18":"tag-guerra-comercial","19":"tag-headlines","20":"tag-latest-news","21":"tag-latestnews","22":"tag-news","23":"tag-noticias","24":"tag-noticias-destacadas","25":"tag-noticiasdestacadas","26":"tag-pedro-sanchez","27":"tag-relaciones-comerciales","28":"tag-relaciones-internacionales","29":"tag-spain","30":"tag-titulares","31":"tag-ultimas-noticias","32":"tag-ultimasnoticias","33":"tag-union-europea"},"share_on_mastodon":{"url":"","error":""},"_links":{"self":[{"href":"https:\/\/www.europesays.com\/es\/wp-json\/wp\/v2\/posts\/178572","targetHints":{"allow":["GET"]}}],"collection":[{"href":"https:\/\/www.europesays.com\/es\/wp-json\/wp\/v2\/posts"}],"about":[{"href":"https:\/\/www.europesays.com\/es\/wp-json\/wp\/v2\/types\/post"}],"author":[{"embeddable":true,"href":"https:\/\/www.europesays.com\/es\/wp-json\/wp\/v2\/users\/2"}],"replies":[{"embeddable":true,"href":"https:\/\/www.europesays.com\/es\/wp-json\/wp\/v2\/comments?post=178572"}],"version-history":[{"count":0,"href":"https:\/\/www.europesays.com\/es\/wp-json\/wp\/v2\/posts\/178572\/revisions"}],"wp:featuredmedia":[{"embeddable":true,"href":"https:\/\/www.europesays.com\/es\/wp-json\/wp\/v2\/media\/178573"}],"wp:attachment":[{"href":"https:\/\/www.europesays.com\/es\/wp-json\/wp\/v2\/media?parent=178572"}],"wp:term":[{"taxonomy":"category","embeddable":true,"href":"https:\/\/www.europesays.com\/es\/wp-json\/wp\/v2\/categories?post=178572"},{"taxonomy":"post_tag","embeddable":true,"href":"https:\/\/www.europesays.com\/es\/wp-json\/wp\/v2\/tags?post=178572"}],"curies":[{"name":"wp","href":"https:\/\/api.w.org\/{rel}","templated":true}]}}