{"id":178610,"date":"2025-10-15T14:41:09","date_gmt":"2025-10-15T14:41:09","guid":{"rendered":"https:\/\/www.europesays.com\/es\/178610\/"},"modified":"2025-10-15T14:41:09","modified_gmt":"2025-10-15T14:41:09","slug":"la-mayor-gestora-de-fondos-independiente-de-espana-bestinver-vendio-sus-acciones-de-sabadell-a-mercado-antes-de-que-finalizara-la-opa-el-mundo","status":"publish","type":"post","link":"https:\/\/www.europesays.com\/es\/178610\/","title":{"rendered":"La mayor gestora de fondos independiente de Espa\u00f1a, Bestinver, vendi\u00f3 sus acciones de Sabadell a mercado antes de que finalizara la OPA &#8211; El Mundo"},"content":{"rendered":"<ol>\n<li><a href=\"https:\/\/news.google.com\/rss\/articles\/CBMikwFBVV95cUxORVJtQ1pqMnZHVDRaWmUtcVd5TkU5TTBOUkhHYXN5S0NOVXZKc0E4MUZvQkhMZFRrN3loZmNhcWVSSUc2WGY5WTdBZWVueTJQMDFGaGNkMG1odDNMbGdlTFMyTDd4TERpWk9VV2xoaHd2aEVPeDVSTkNXT2lMRG8wREg0R2xUVlJ2WE1RbC1kcUxSUkHSAZMBQVVfeXFMT3RBNjQ2SDJCQTZOOTR1Yk1rSlBDUGpTX0pmOF9DbE8yVG1mSmlzZmJ1NjBmZ3V4NXlSMldDU0RsUVVzMWIwN3RZN1lWVTkzTklqa3ZqVDFtQnJGVGF4TzhuVGZ2aVV4WWh4cER6Q2NWbnhjMnEycm1sWkpCT1otd3NtaS05aWN1RFNBRS1YY3V2dElj?oc=5\" target=\"_blank\" rel=\"nofollow noopener\">La mayor gestora de fondos independiente de Espa\u00f1a, Bestinver, vendi\u00f3 sus acciones de Sabadell a mercado antes de que finalizara la OPA<\/a>&nbsp;&nbsp;El Mundo<\/li>\n<li><a href=\"https:\/\/news.google.com\/rss\/articles\/CBMiiAFBVV95cUxQSmxMM1EteDhOdWRaSmZidTBjT0hobDg0aWtHQ0hFckh0TXVxdF9xYnpPME5zMVlfR0tMa2xlS2liVWEwbzBOcFhER3p5aGd3NFFhMzhkVXpibnppc2xuaU9uX2NMRmxCNGVLdkFTaWYxOG40UjU2QmFQT0lxUkNVTF93cjJkNXFh0gGIAUFVX3lxTE1USDlJSGdlRXlXZmtsNElsUjZkTmpvZVNNQnFfXzhJRDhOenJIMkRGRnFDaGFwVHBQOUtxaU1aNlQxSDQ2SjMya0Fjb3ZYbEwzY2JJZ196VmpqZjVnb2dGV01qMkpJVDVCM2NiZ3RnMmRZSVM5S1JEb0I5aTBPWWdOd3E0N19TVy0?oc=5\" target=\"_blank\" rel=\"nofollow noopener\">Bestinver vende sus acciones de Sabadell y no acude a la opa<\/a>&nbsp;&nbsp;Expansi\u00f3n<\/li>\n<li><a href=\"https:\/\/news.google.com\/rss\/articles\/CBMi1wFBVV95cUxQOGFqZXlKeFNrTGwxMUN4dTFjbXNGS2FmY0QwS3JDYUczZVg2dUdlejRlNjhoT0NnWEZ4UDFNQUVvOEgzdHRiUnZJSUF6RVl5NmlwUjNpeG56azdia0NVY1Z3eEdBVWhwd3hRVlU0OVFHbHFNb3lHeUJ2REkzbW1yUHpuQ2ExMG9PZDZueHZnVEI1VEtGcDItRTRyV2hGcXZ6ZWhSQ2x1NzJlS1YwYXBuY19wa3FxY1Iwcl93ZHRvRjN3WWF6dU9oRGdBQ0I0cWQ0bUxyRnZONA?oc=5\" target=\"_blank\" rel=\"nofollow noopener\">Bestinver vendi\u00f3 en el mercado sus t\u00edtulos del Banco Sabadell y no acudi\u00f3 a la opa<\/a>&nbsp;&nbsp;Cinco D\u00edas<\/li>\n<li><a href=\"https:\/\/news.google.com\/rss\/articles\/CBMivgFBVV95cUxOVXRkVEExaHZSeElIS1lwVndMV3cxYTcxbnBiUzRxMlljN0dWN2xxYzg4WGY3cE9fLU1oeDF0THpINWNUNVlCMmVsYXN1NWJrRzdIQW9neC1oUEMtVU1YYzJRQWZOY3Rhb0JMaUZidXF6bXJyeVJOMi1HY19acEdDcUkwYk1GXzZKbXJ4SkxLSmhTYWViejNGVDNGbXItODlObk1NOHBRMDJobWtwTlMxZTJXc2NxdFUxbENwTkZB0gHDAUFVX3lxTE1VMzdwRHkyMkY0NV9MNXE3SmxaNmJFem5jUmEyX1JTM1ZXd3UwZ0k5NVZheUh5U2JDWEdJM3VGTGVNUGJNTzZNY1hacGo1Z0VCdWFPWUNLcUNrQWtJaWxYMU9TdlNoVzFiVkVYR0VwWHdIT2t5a3Z2QUY5eGJkS2tYWGo2aE50Q2NGZUVZMy1QdTlIMUtUVFp5TWVXb2IyZnZLbDdvcFItZXlnWXFPTUZOdlBNc1lZTHpGMGljMjg4RGp1QQ?oc=5\" target=\"_blank\" rel=\"nofollow noopener\">Bestinver (Acciona) prev\u00e9 el fracaso de una segunda OPA de BBVA: \u00abQuien no fue ahora, no ir\u00e1 despu\u00e9s\u00bb<\/a>&nbsp;&nbsp;OkDiario<\/li>\n<li><a href=\"https:\/\/news.google.com\/rss\/articles\/CBMipgFBVV95cUxQQTA5Z0pQVldFaVg3UTI2ZlpoSmtFanJXYU1yQ3ZROUZTeS1za0d5anVhSlhRZUNrcFNGTzFhNUR5WnhuWTZNZi1pLUpzSFNUQjg4Q3NGTHJQd1F4OWwtR2RMVEp2emxnY3hZdGZPX0otY2NoWmhWWkhNWklzeVBMTkNIaUhFU1Zkdy10UFZLZlU0TGtPZV9Hek9Ba2N0VkV2V2NaUkJB?oc=5\" target=\"_blank\" rel=\"nofollow noopener\">Bestinver vendi\u00f3 sus acciones del Sabadell en el mercado y no acudi\u00f3 a la OPA de BBVA<\/a>&nbsp;&nbsp;20Minutos<\/li>\n<\/ol>\n","protected":false},"excerpt":{"rendered":"La mayor gestora de fondos independiente de Espa\u00f1a, Bestinver, vendi\u00f3 sus acciones de Sabadell a mercado antes de&hellip;\n","protected":false},"author":2,"featured_media":178611,"comment_status":"","ping_status":"","sticky":false,"template":"","format":"standard","meta":{"footnotes":""},"categories":[80],"tags":[3287,3285,82,95,50955,94,25,24,23],"class_list":{"0":"post-178610","1":"post","2":"type-post","3":"status-publish","4":"format-standard","5":"has-post-thumbnail","7":"category-economia","8":"tag-banco-sabadell","9":"tag-bbva","10":"tag-business","11":"tag-economia","12":"tag-economia-dinero-inversion","13":"tag-economy","14":"tag-es","15":"tag-espana","16":"tag-spain"},"share_on_mastodon":{"url":"","error":""},"_links":{"self":[{"href":"https:\/\/www.europesays.com\/es\/wp-json\/wp\/v2\/posts\/178610","targetHints":{"allow":["GET"]}}],"collection":[{"href":"https:\/\/www.europesays.com\/es\/wp-json\/wp\/v2\/posts"}],"about":[{"href":"https:\/\/www.europesays.com\/es\/wp-json\/wp\/v2\/types\/post"}],"author":[{"embeddable":true,"href":"https:\/\/www.europesays.com\/es\/wp-json\/wp\/v2\/users\/2"}],"replies":[{"embeddable":true,"href":"https:\/\/www.europesays.com\/es\/wp-json\/wp\/v2\/comments?post=178610"}],"version-history":[{"count":0,"href":"https:\/\/www.europesays.com\/es\/wp-json\/wp\/v2\/posts\/178610\/revisions"}],"wp:featuredmedia":[{"embeddable":true,"href":"https:\/\/www.europesays.com\/es\/wp-json\/wp\/v2\/media\/178611"}],"wp:attachment":[{"href":"https:\/\/www.europesays.com\/es\/wp-json\/wp\/v2\/media?parent=178610"}],"wp:term":[{"taxonomy":"category","embeddable":true,"href":"https:\/\/www.europesays.com\/es\/wp-json\/wp\/v2\/categories?post=178610"},{"taxonomy":"post_tag","embeddable":true,"href":"https:\/\/www.europesays.com\/es\/wp-json\/wp\/v2\/tags?post=178610"}],"curies":[{"name":"wp","href":"https:\/\/api.w.org\/{rel}","templated":true}]}}