{"id":178615,"date":"2025-10-15T14:47:10","date_gmt":"2025-10-15T14:47:10","guid":{"rendered":"https:\/\/www.europesays.com\/es\/178615\/"},"modified":"2025-10-15T14:47:10","modified_gmt":"2025-10-15T14:47:10","slug":"con-17-anos-ya-iba-diciendo-que-iba-a-ser-campeon-de-la-ufc","status":"publish","type":"post","link":"https:\/\/www.europesays.com\/es\/178615\/","title":{"rendered":"Con 17 a\u00f1os ya iba diciendo que iba a ser campe\u00f3n de la UFC"},"content":{"rendered":"\n<ul class=\"bodyList bodyList--unordered\">\n<li class=\"bodyList__item\"><a href=\"https:\/\/www.elconfidencial.com\/deportes\/boxeo-y-artes-marciales\/2025-10-14\/ilia-topuria-dia-que-pierda-pelea-no-tengo-miedo-si-tiene-que-pasar-pasara_4227948\/\" target=\"_self\" rel=\"nofollow noopener\">Ilia Topuria, sobre qu\u00e9 sentir\u00e1 si pierde una pelea: \u00abNo tengo ning\u00fan miedo, si tiene que pasar, pasar\u00e1\u00bb<\/a><\/li>\n<li class=\"bodyList__item\"><a href=\"https:\/\/www.elconfidencial.com\/deportes\/boxeo-y-artes-marciales\/2025-10-12\/joel-alvarez-vicente-luque-ufc-rio-combate-resultado_4226674\/\" target=\"_self\" rel=\"nofollow noopener\">Joel \u00c1lvarez castiga a Luque con una lluvia de golpes en la UFC y debuta a lo grande en el welter<\/a><\/li>\n<\/ul>\n<p> <strong><a href=\"https:\/\/www.elconfidencial.com\/deportes\/boxeo-y-artes-marciales\/2025-07-16\/javi-climent-entrenador-ilia-topuria-me-ha-ensenado-creer-en-lo-que-valgo_4174321\/\" target=\"_self\" rel=\"nofollow noopener\">Javi Climent<\/a>,<\/strong> nacido en Alicante en 1993, era un <a href=\"https:\/\/www.elconfidencial.com\/deportes\/boxeo-y-artes-marciales\/2025-07-15\/javi-climent-entrenador-ilia-topuria-entrenador-joven-ventajas-mas-que-desventajas_4172896\/\" target=\"_self\" rel=\"nofollow noopener\">boxeador <\/a>que se rompi\u00f3 la mano con 24 a\u00f1os y dej\u00f3 de competir para convertirse en entrenador de este deporte. Desde <strong>2020 es el t\u00e9cnico de boxeo de <a href=\"https:\/\/www.elconfidencial.com\/deportes\/boxeo-y-artes-marciales\/2025-10-14\/topuria-oliveira-holloway-volkanovski-ufc_4227219\/\" target=\"_self\" rel=\"nofollow noopener\">Ilia Topuria. <\/a><\/strong> <\/p>\n<p> Ambos ya se conocen al entrenar juntos boxeo, pero fue el hermano del luchador, <strong>Aleksandre<\/strong>, el que lo recomend\u00f3 y desde entonces <a href=\"https:\/\/www.elconfidencial.com\/deportes\/boxeo-y-artes-marciales\/2025-07-20\/javi-climent-entrenador-ilia-topuria-boxeador-mas-importante-parte-mental-fisica_4176637\/\" target=\"_self\" rel=\"nofollow noopener\">han hecho historia juntos en la UFC. <\/a>El alicantino est\u00e1 especializado en el striking, parte de las Artes Marciales Mixtas enfocada en los golpes: pu\u00f1os, patadas, rodillas y codos. Es lo que los luchadores usan cuando est\u00e1n de pie, enfrent\u00e1ndose cara a cara con su oponente. <\/p>\n<p> En una entrevista en el <a href=\"https:\/\/www.youtube.com\/watch?v=yj2sDZR0E8E&amp;t=312s\" target=\"_blank\" rel=\"nofollow noopener\">&#8216;Podcast de Webpositer&#8217; <\/a>el entrenador de Topuria le preguntaron c\u00f3mo empez\u00f3 a trabajar con <a href=\"https:\/\/www.elconfidencial.com\/deportes\/boxeo-y-artes-marciales\/2025-10-07\/mensaje-topuria-proximo-combate-rey-esta-volviendo-nadie-esta-a-salvo_4223831\/\" target=\"_self\" rel=\"nofollow noopener\">Ilia<\/a>. <strong>\u00abYo lo conoc\u00ed en el gimnasio, el club de boxeo La Familia. Vino a entrenar con su hermano \u00c1lex<\/strong>. Ellos ven\u00edan del Climent Club y ven\u00edan buscando entrenar boxeo cl\u00e1sico, no quer\u00edan practicar boxeo de MMA ni nada, quer\u00edan juntarse con boxeadores y poder trabajar y mejorar despu\u00e9s en su \u00e1mbito\u00bb, explic\u00f3 Climent. <\/p>\n<p>              <img decoding=\"async\" class=\"inTextNews__img\" alt=\"Foto: topuria-oliveira-holloway-volkanovski-ufc\" src=\"https:\/\/www.europesays.com\/es\/wp-content\/uploads\/2025\/10\/f.elconfidencial.com\/original\/72b\/952\/e46\/72b952e46886405b4e39dad75bb40248.jpg\"  \/>     <\/p>\n<p>TE PUEDE INTERESAR<\/p>\n<p>      <a class=\"inTextNews__title\" href=\"https:\/\/www.elconfidencial.com\/deportes\/boxeo-y-artes-marciales\/2025-10-14\/topuria-oliveira-holloway-volkanovski-ufc_4227219\/\" onclick=\"window.ECCO.emit(&#039;amplitude&#039;, { dataEventName: &#039;click_related_article_module&#039;, data: { related_article_url: &#039;https:\/\/www.elconfidencial.com\/deportes\/boxeo-y-artes-marciales\/2025-10-14\/topuria-oliveira-holloway-volkanovski-ufc_4227219\/&#039;, related_article_author: &#039;Albert Ortega&#039;, related_article_section: &#039;boxeo-y-artes-marciales&#039; } })\" rel=\"nofollow noopener\" target=\"_blank\"> Por qu\u00e9 Ilia Topuria gana hasta sin pelear en la UFC y lo que dicen sobre \u00e9l sus propios rivales <\/a>   <\/p>\n<p>    Albert Ortega   <\/p>\n<p> \u00abYo ah\u00ed me encontraba en el equipo de competici\u00f3n y e<strong>llos que siempre han sido grandes deportistas y ten\u00edan nivel, entrenaban con nosotros<\/strong>. All\u00ed hice amistad con \u00e9l. Ellos ven\u00edan por temporadas, a lo mejor ven\u00edan dos meses, luego se dedicaban a las MMA y luego ven\u00edan otros dos meses\u00bb, coment\u00f3. <\/p>\n<p> El<strong> entrenador de Topuria<\/strong> record\u00f3 la convicci\u00f3n que ten\u00eda Ilia de llegar a ser campe\u00f3n de la UFC con solo <strong>17 a\u00f1os<\/strong>. <strong>\u00abEste chaval que ven\u00eda y me dec\u00eda que iba a ser campe\u00f3n de la UFC. <\/strong>Al final, hablando, yo me lo cre\u00eda de verdad, ya no por el nivel que ten\u00eda, que lo ten\u00eda, sino por la forma en la que te lo dec\u00eda, \u00e9l <strong>transmit\u00eda cre\u00e9rselo\u00bb<\/strong>. <\/p>\n","protected":false},"excerpt":{"rendered":"Ilia Topuria, sobre qu\u00e9 sentir\u00e1 si pierde una pelea: \u00abNo tengo ning\u00fan miedo, si tiene que pasar, pasar\u00e1\u00bb&hellip;\n","protected":false},"author":2,"featured_media":178616,"comment_status":"","ping_status":"","sticky":false,"template":"","format":"standard","meta":{"footnotes":""},"categories":[276],"tags":[168,25,24,23,167,343],"class_list":{"0":"post-178615","1":"post","2":"type-post","3":"status-publish","4":"format-standard","5":"has-post-thumbnail","7":"category-ufc","8":"tag-deportes","9":"tag-es","10":"tag-espana","11":"tag-spain","12":"tag-sports","13":"tag-ufc"},"share_on_mastodon":{"url":"","error":""},"_links":{"self":[{"href":"https:\/\/www.europesays.com\/es\/wp-json\/wp\/v2\/posts\/178615","targetHints":{"allow":["GET"]}}],"collection":[{"href":"https:\/\/www.europesays.com\/es\/wp-json\/wp\/v2\/posts"}],"about":[{"href":"https:\/\/www.europesays.com\/es\/wp-json\/wp\/v2\/types\/post"}],"author":[{"embeddable":true,"href":"https:\/\/www.europesays.com\/es\/wp-json\/wp\/v2\/users\/2"}],"replies":[{"embeddable":true,"href":"https:\/\/www.europesays.com\/es\/wp-json\/wp\/v2\/comments?post=178615"}],"version-history":[{"count":0,"href":"https:\/\/www.europesays.com\/es\/wp-json\/wp\/v2\/posts\/178615\/revisions"}],"wp:featuredmedia":[{"embeddable":true,"href":"https:\/\/www.europesays.com\/es\/wp-json\/wp\/v2\/media\/178616"}],"wp:attachment":[{"href":"https:\/\/www.europesays.com\/es\/wp-json\/wp\/v2\/media?parent=178615"}],"wp:term":[{"taxonomy":"category","embeddable":true,"href":"https:\/\/www.europesays.com\/es\/wp-json\/wp\/v2\/categories?post=178615"},{"taxonomy":"post_tag","embeddable":true,"href":"https:\/\/www.europesays.com\/es\/wp-json\/wp\/v2\/tags?post=178615"}],"curies":[{"name":"wp","href":"https:\/\/api.w.org\/{rel}","templated":true}]}}