{"id":178617,"date":"2025-10-15T14:49:23","date_gmt":"2025-10-15T14:49:23","guid":{"rendered":"https:\/\/www.europesays.com\/es\/178617\/"},"modified":"2025-10-15T14:49:23","modified_gmt":"2025-10-15T14:49:23","slug":"el-triple-reto-de-davidovich-en-el-tramo-final-de-la-temporada","status":"publish","type":"post","link":"https:\/\/www.europesays.com\/es\/178617\/","title":{"rendered":"El triple reto de Davidovich en el tramo final de la temporada"},"content":{"rendered":"<p>Se aproxima el final de la mejor temporada de Alejandro Davidovich (19\u00ba), suceda lo que suceda en las tres citas que le quedan por afrontar,  &#8230; con la inc\u00f3gnita adicional de si pretende estar en la Final a 8 de la Copa Davis o si sigue entrando en los planes de David Ferrer tras renunciar en Marbella. <\/p>\n<p class=\"v-p\">De esta forma, el malague\u00f1o encara tres grandes retos: el de conquistar la Ensaladera, un torneo del que apenas guarda buenos recuerdos, si es que al final compite en Bolonia; cerrar 2025 en el &#8216;top 20&#8217; mundial, y ganar su primer t\u00edtulo ATP, algo que se le sigue atragantando de forma muy sorprendente pese al nivel de excelencia alcanzado.<\/p>\n<p><img decoding=\"async\" loading=\"lazy\" src=\"https:\/\/www.europesays.com\/es\/wp-content\/uploads\/2025\/10\/bola-U60270371046wgG-650x455@Diario Sur.jpg\" class=\"v-a-img\" width=\"650\" height=\"455\" alt=\"\" data-voc-vtm-id=\"in-text-traffic\"\/><\/p>\n<p>EFE<\/p>\n<p><img loading=\"lazy\" decoding=\"async\" src=\"https:\/\/www.europesays.com\/es\/wp-content\/uploads\/2025\/10\/bola-U60270371046wgG-650x455@Diario Sur.jpg\" class=\"v-mdl__img-z\" width=\"650\" height=\"455\" alt=\"\"\/><\/p>\n<p class=\"v-p\">De hecho, este a\u00f1o ya jug\u00f3 tres finales, en Acapulco, Delray Beach y Washington, y en las dos \u00faltimas dispuso de bolas de partido ante Kecmanovic y De Mi\u00f1aur, respectivamente. Adem\u00e1s, nunca jug\u00f3 tantos partidos en un curso. Totaliza ya sesenta, los mismos que en su tope de 2023, pero con mejor balance de victorias y derrotas (37-23, frente al 32-28), y esta semana, en Bruselas, seguir\u00e1 sumando.<\/p>\n<p class=\"v-p\">En efecto, el malague\u00f1o reaparece este mi\u00e9rcoles ante el estadounidense Marcos Giron (50\u00ba), en octavos de final del ATP 250 de Bruselas. Es el cuarto favorito del cuadro y se benefici\u00f3 por ello de un &#8216;bye&#8217; en primera ronda. Ante el estadounidense, adem\u00e1s, tiene un buen cara a cara, con dos triunfos sin ceder un solo set, en 2022 en Montecarlo, y en 2023 en el US Open.<\/p>\n<p>\nDavidovich batir\u00e1 este mi\u00e9rcoles ante Giron su r\u00e9cord de partidos en una temporada, al superar los sesenta de 2023\n<\/p>\n<p class=\"v-p\">Los ATP 250 son los torneos m\u00e1s accesibles para estrenar la cuenta de titulos. Davidovich s\u00f3lo ha participado en cinco este a\u00f1o (Hong Kong. Adelaida, Delray Beach, Eastbourne y Los Cabos) y s\u00f3lo tendr\u00eda que ganar cuatro partidos en un cuadro en el que los principales favoritos son Lorenzo Mussetti, Felix Auger-Aliassime y Jiri Lehecka, que pelean a\u00fan por entrar en las ATP Finals. El canadiense es que va por la misma mitad del cuadro cara a unas hipot\u00e9ticas semifinales, al que ya derrot\u00f3 este a\u00f1o en Melbourne en una remontada de dos sets.<\/p>\n<p class=\"v-p\">Davidovich tiene opciones incluso de situarse decimosexto del &#8216;ranking&#8217;, con lo que lograr\u00eda su techo en este cap\u00edtulo, y tiene bien encaminado cerrar el a\u00f1o 2025 en el &#8216;top 20&#8217;, porque defiende pocos puntos. Estar\u00e1 la pr\u00f3xima semana en el ATP 500 de Basilea, como octavo favorito, y acabar\u00eda en el Masters 1.000 de Par\u00eds-Bercy, como decimoctavo cabeza de serie y defendiendo ah\u00ed una segunda ronda. <\/p>\n<p>\nEl malague\u00f1o no acudi\u00f3 a la llamada de Ferrer en Marbella priorizando su carrera en la ATP, y en pocos d\u00edas se conocer\u00e1 la convocatoria para la Final a 8\n<\/p>\n<p class=\"v-p\">El tercer gran reto es la Copa Davis. Por hache o por be, el rinconero nunca estuvo en la Final a 8 de M\u00e1laga, en sus tres ediciones, compitiendo como local. En 2022 renunci\u00f3 para recuperarse de unas molestias de rodilla y empezar mejor el siguiente curso; en 2023 no se logr\u00f3 el pase en Valencia en la fase de grupos previa, donde fue el n\u00famero uno espa\u00f1ol ante las bajas, y en 2024 su bajo momento de forma no le llev\u00f3 a ser convocado, en la retirada de Rafa Nadal, que tambi\u00e9n ocup\u00f3 una plaza sin estar entre los mejores por &#8216;ranking&#8217;.<\/p>\n<p class=\"v-p\">Pero Davidovich renunci\u00f3 en septiembre a estar en Marbella en la eliminatoria anterior. Prioriz\u00f3 su carrera en la ATP y esto tambi\u00e9n puede condicionar al capit\u00e1n, David Ferrer. Munar, Pedro Mart\u00ednez, Carre\u00f1o y Carball\u00e9s (que no compiti\u00f3) se ganaron de forma dram\u00e1tica el pase remontando un 0-2 ante la Dinamarca de Rune, mientras que Alcaraz (que pidi\u00f3 descansar), Davidovich y Granollers (lesionado) no estuvieron.<\/p>\n<p>\nAcudir a la Final a 8 supone el compromiso de competir hasta la pen\u00faltima semana de noviembre y quedarse casi sin vacaciones\n<\/p>\n<p class=\"v-p\">Ahora bien, es indudable que esta vez Ferrer sabe que el formato le da muchas opciones a Espa\u00f1a si partiera con Alcaraz y Davidovich para los individuales. El murciano, que s\u00f3lo tiene dos citas oficiales antes (Par\u00eds y las ATP Finals, esta la semana previa a la Davis y tambi\u00e9n en Italia), es muy probable que acuda, salvo lesi\u00f3n, y la inc\u00f3gnita es el rinconero.<\/p>\n<p class=\"v-p\">La tentaci\u00f3n de renunciar est\u00e1 ah\u00ed, porque le exige un sacrificio de seguir activo dos semanas entre su periplo en Par\u00eds y el torneo en Bolonia. Las vacaciones de los tenistas son muy breves. La campa\u00f1a empieza en torno al 30 de diciembre, m\u00e1s un mes previo de pretemporada. Estar en la Final a 8 implica competir hasta la semana del 18 al 23 de noviembre, y quedarse casi sin descanso. Ha habido tenistas que paran una semana o diez d\u00edas antes de la Davis, con un margen de tiempo posterior para llegar a punto al desenlace en el torneo de la Ensaladera. A final de esta semana o el pr\u00f3ximo lunes se conocer\u00e1 la lista de Ferrer, siempre sujeta a posibles cambios posteriores.<\/p>\n","protected":false},"excerpt":{"rendered":"Se aproxima el final de la mejor temporada de Alejandro Davidovich (19\u00ba), suceda lo que suceda en las&hellip;\n","protected":false},"author":2,"featured_media":178618,"comment_status":"","ping_status":"","sticky":false,"template":"","format":"standard","meta":{"footnotes":""},"categories":[274],"tags":[2911,168,25,24,1058,5575,23,167,1152,327,326,14238,13890],"class_list":{"0":"post-178617","1":"post","2":"type-post","3":"status-publish","4":"format-standard","5":"has-post-thumbnail","7":"category-tenis","8":"tag-davidovich","9":"tag-deportes","10":"tag-es","11":"tag-espana","12":"tag-final","13":"tag-reto","14":"tag-spain","15":"tag-sports","16":"tag-temporada","17":"tag-tenis","18":"tag-tennis","19":"tag-tramo","20":"tag-triple"},"share_on_mastodon":{"url":"","error":""},"_links":{"self":[{"href":"https:\/\/www.europesays.com\/es\/wp-json\/wp\/v2\/posts\/178617","targetHints":{"allow":["GET"]}}],"collection":[{"href":"https:\/\/www.europesays.com\/es\/wp-json\/wp\/v2\/posts"}],"about":[{"href":"https:\/\/www.europesays.com\/es\/wp-json\/wp\/v2\/types\/post"}],"author":[{"embeddable":true,"href":"https:\/\/www.europesays.com\/es\/wp-json\/wp\/v2\/users\/2"}],"replies":[{"embeddable":true,"href":"https:\/\/www.europesays.com\/es\/wp-json\/wp\/v2\/comments?post=178617"}],"version-history":[{"count":0,"href":"https:\/\/www.europesays.com\/es\/wp-json\/wp\/v2\/posts\/178617\/revisions"}],"wp:featuredmedia":[{"embeddable":true,"href":"https:\/\/www.europesays.com\/es\/wp-json\/wp\/v2\/media\/178618"}],"wp:attachment":[{"href":"https:\/\/www.europesays.com\/es\/wp-json\/wp\/v2\/media?parent=178617"}],"wp:term":[{"taxonomy":"category","embeddable":true,"href":"https:\/\/www.europesays.com\/es\/wp-json\/wp\/v2\/categories?post=178617"},{"taxonomy":"post_tag","embeddable":true,"href":"https:\/\/www.europesays.com\/es\/wp-json\/wp\/v2\/tags?post=178617"}],"curies":[{"name":"wp","href":"https:\/\/api.w.org\/{rel}","templated":true}]}}