{"id":178621,"date":"2025-10-15T14:51:08","date_gmt":"2025-10-15T14:51:08","guid":{"rendered":"https:\/\/www.europesays.com\/es\/178621\/"},"modified":"2025-10-15T14:51:08","modified_gmt":"2025-10-15T14:51:08","slug":"el-inexplicable-desaire-del-gp-de-brasil-a-franco-colapinto-que-genero-un-escandalo-en-redes","status":"publish","type":"post","link":"https:\/\/www.europesays.com\/es\/178621\/","title":{"rendered":"el inexplicable desaire del GP de Brasil a Franco Colapinto que gener\u00f3 un esc\u00e1ndalo en redes"},"content":{"rendered":"<p>El <strong>Gran Premio de <a href=\"https:\/\/eleditormendoza.com.ar\/brasil-a572\" class=\"agrupador\" rel=\"572 nofollow noopener\" target=\"_blank\">Brasil<\/a><\/strong> en Interlagos, la \u00fanica fecha sudamericana del calendario de la <strong><a href=\"https:\/\/eleditormendoza.com.ar\/formula-1-a184\" class=\"agrupador\" rel=\"184 nofollow noopener\" target=\"_blank\">F\u00f3rmula 1<\/a><\/strong>, se ha convertido en el epicentro de una pol\u00e9mica que trascendi\u00f3 la pista tras la publicaci\u00f3n del afiche oficial para la edici\u00f3n 2025 del evento, donde un <strong> ins\u00f3lito y llamativo \u00abdetalle\u00bb<\/strong> desat\u00f3 la furia de los fan\u00e1ticos argentinos en <a href=\"https:\/\/eleditormendoza.com.ar\/redes-sociales-a546\" class=\"agrupador\" rel=\"546 nofollow noopener\" target=\"_blank\">redes sociales<\/a>.<\/p>\n<p>  El desaire al argentino que encendi\u00f3 las redes sociales <\/p>\n<p>La foto oficial compartida por el <strong>GP de San Pablo<\/strong> en sus plataformas fue dise\u00f1ada para destacar a las principales estrellas de la F\u00f3rmula 1 y aparecen figuras de talla mundial como el campe\u00f3n <strong>Max Verstappen<\/strong>, junto a <strong>Lando Norris<\/strong>, <strong>Oscar Piastri<\/strong> y la leyenda <strong>Lewis Hamilton<\/strong>. La controversia se encendi\u00f3 porque, a pesar de incluir al piloto anfitri\u00f3n <strong>Gabriel Bortoleto<\/strong>, la imagen <strong>dej\u00f3 inexplicable y completamente afuera a Franco<\/strong>.<\/p>\n<p> Afiche Brasil F1   <\/p>\n<p>  <img decoding=\"async\" src=\"https:\/\/eleditormendoza.com.ar\/css-custom\/372\/lazy.svg\" data-td-src-property=\"https:\/\/media.eleditormendoza.com.ar\/p\/a836cf0d8cd3053cdb7dc3c7c27718da\/adjuntos\/372\/imagenes\/100\/067\/0100067307\/790x0\/smart\/afiche-brasil-f1.jpeg\" alt=\"El afiche de la pol\u00e9mica.\" title=\"El afiche de la pol\u00e9mica.\" width=\"790\" height=\"undefined\" id=\"60841-Libre-267766533_embed\"\/>    <\/p>\n<p>El afiche de la pol\u00e9mica.<\/p>\n<p>Es que Colapinto no solo es uno de los dos pilotos de Sudam\u00e9rica en el campeonato, sino que es el <strong>\u00fanico representante argentino en la m\u00e1xima y seguramente mucho p\u00fablico estar\u00e1 en el trazado.<\/strong> Esto fue interpretada como un <strong>\u00abdesaire\u00bb<\/strong> hacia el piloto argentino, y la publicaci\u00f3n se llen\u00f3 r\u00e1pidamente de comentarios de usuarios indignados. \u00abNo pueden ignorar a un piloto argentino que est\u00e1 en la m\u00e1xima categor\u00eda\u00bb, fue uno de los mensajes m\u00e1s replicados, remarcando la necesidad de mayor representaci\u00f3n sudamericana.<\/p>\n<p>  Altas expectativas para Colapinto en Interlagos <\/p>\n<p>M\u00e1s all\u00e1 del esc\u00e1ndalo generado por el afiche promocional, las expectativas deportivas sobre Franco Colapinto se mantienen muy altas, especialmente en su pa\u00eds. El <strong>Gran Premio de San Pablo<\/strong>, que se celebrar\u00e1 del 7 al 9 de noviembre, marcar\u00e1 la segunda participaci\u00f3n del argentino en el tradicional circuito brasile\u00f1o. El futuro de <strong>Colapinto en Alpine<\/strong> es cada vez m\u00e1s prometedor y los rumores en el paddock apuntan a que podr\u00eda ser confirmado como piloto titular para la temporada <strong>2026<\/strong>.<\/p>\n<p>A pesar de la pol\u00e9mica y el \u00abdetalle\u00bb de la organizaci\u00f3n, todo indica que Colapinto volver\u00e1 a contar con una <strong>gran hinchada nacional<\/strong> en las tribunas de Interlagos, demostrando ser, por m\u00e9rito propio, uno de los grandes protagonistas del fin de semana sudamericano.<\/p>\n","protected":false},"excerpt":{"rendered":"El Gran Premio de Brasil en Interlagos, la \u00fanica fecha sudamericana del calendario de la F\u00f3rmula 1, se&hellip;\n","protected":false},"author":2,"featured_media":71951,"comment_status":"","ping_status":"","sticky":false,"template":"","format":"standard","meta":{"footnotes":""},"categories":[270],"tags":[168,25,24,306,271,272,23,167],"class_list":{"0":"post-178621","1":"post","2":"type-post","3":"status-publish","4":"format-standard","5":"has-post-thumbnail","7":"category-formula-1","8":"tag-deportes","9":"tag-es","10":"tag-espana","11":"tag-f1","12":"tag-formula-1","13":"tag-formula1","14":"tag-spain","15":"tag-sports"},"share_on_mastodon":{"url":"","error":""},"_links":{"self":[{"href":"https:\/\/www.europesays.com\/es\/wp-json\/wp\/v2\/posts\/178621","targetHints":{"allow":["GET"]}}],"collection":[{"href":"https:\/\/www.europesays.com\/es\/wp-json\/wp\/v2\/posts"}],"about":[{"href":"https:\/\/www.europesays.com\/es\/wp-json\/wp\/v2\/types\/post"}],"author":[{"embeddable":true,"href":"https:\/\/www.europesays.com\/es\/wp-json\/wp\/v2\/users\/2"}],"replies":[{"embeddable":true,"href":"https:\/\/www.europesays.com\/es\/wp-json\/wp\/v2\/comments?post=178621"}],"version-history":[{"count":0,"href":"https:\/\/www.europesays.com\/es\/wp-json\/wp\/v2\/posts\/178621\/revisions"}],"wp:featuredmedia":[{"embeddable":true,"href":"https:\/\/www.europesays.com\/es\/wp-json\/wp\/v2\/media\/71951"}],"wp:attachment":[{"href":"https:\/\/www.europesays.com\/es\/wp-json\/wp\/v2\/media?parent=178621"}],"wp:term":[{"taxonomy":"category","embeddable":true,"href":"https:\/\/www.europesays.com\/es\/wp-json\/wp\/v2\/categories?post=178621"},{"taxonomy":"post_tag","embeddable":true,"href":"https:\/\/www.europesays.com\/es\/wp-json\/wp\/v2\/tags?post=178621"}],"curies":[{"name":"wp","href":"https:\/\/api.w.org\/{rel}","templated":true}]}}