{"id":178640,"date":"2025-10-15T15:02:10","date_gmt":"2025-10-15T15:02:10","guid":{"rendered":"https:\/\/www.europesays.com\/es\/178640\/"},"modified":"2025-10-15T15:02:10","modified_gmt":"2025-10-15T15:02:10","slug":"se-llama-clara-es-maquilladora-profesional-y-tambien-vive-en-cadiz","status":"publish","type":"post","link":"https:\/\/www.europesays.com\/es\/178640\/","title":{"rendered":"se llama Clara, es maquilladora profesional y tambi\u00e9n vive en C\u00e1diz"},"content":{"rendered":"<p style=\"\">Ya no es &#8216;Andy, el de <a href=\"https:\/\/www.abc.es\/gente\/motivo-real-ruptura-andy-lucas-lealtad-importante-20251012125123-nt.html\" target=\"_self\" data-voc-vtm-id=\"in-text-traffic\" title=\"Andy y Lucas\" data-mrf-link=\"www.abc.es\" rel=\"nofollow noopener\">Andy y Lucas<\/a>&#8216;, sino Andy Morales. La ruptura del d\u00fao ha sido tan medi\u00e1tica que ha dado el salto a las p\u00e1ginas de la cr\u00f3nica social y ha sido ahora cuando ha cobrado inter\u00e9s conocer m\u00e1s sobre <strong>la <\/strong> &#8230; <strong>vida sentimental del cantante<\/strong>. Y tampoco es que se vaya escondiendo. Ha reenviado <strong>un mensaje escrito por su novia<\/strong>, de la que ya se conocen detalles. Por ejemplo, que <strong>se llama Clara<\/strong>, que es maquilladora profesional y que le acompa\u00f1a en su nueva aventura.<\/p>\n<p class=\"voc-p\" style=\"\"><a href=\"https:\/\/www.abc.es\/gente\/andy-lucas-20250927065030-nt.html\" target=\"_self\" data-voc-vtm-id=\"in-text-traffic\" title=\"Andy y Lucas\" data-mrf-link=\"www.abc.es\" rel=\"nofollow noopener\">Andy y Lucas<\/a> ya no existen como d\u00fao. El viernes dieron su \u00faltimo concierto y en estos d\u00edas <strong>no han parado de airear trapos sucios<\/strong>. Pero ya son historia. Apenas unas horas despu\u00e9s de la despedida en Madrid, <a href=\"https:\/\/www.abc.es\/gente\/andy-andy-lucas-anuncia-primer-disco-solitario-20251011133444-nt.html\" target=\"_self\" data-voc-vtm-id=\"in-text-traffic\" title=\"Andy Morales anunci\u00f3 que emprend\u00eda nueva carrera en solitario\" data-mrf-link=\"www.abc.es\" rel=\"nofollow noopener\">Andy Morales anunci\u00f3 que emprend\u00eda nueva carrera en solitario<\/a>. Y en buena compa\u00f1\u00eda\u2026<\/p>\n<p class=\"voc-p\" style=\"\">Andy, llamado realmente <strong>Andr\u00e9s Morales Torrencoso<\/strong>, naci\u00f3 en C\u00e1diz el 28 de septiembre de 1982 en el seno de una <strong>familia humilde<\/strong> y buena parte de su infancia fue criado pr\u00e1cticamente por sus abuelos, quienes estuvieron m\u00e1s presentes que su padre, tal y como relat\u00f3 el propio Andy en televisi\u00f3n: \u00ab<strong>A m\u00ed me han criado mis abuelos<\/strong>. Mi padre estaba siempre trabajando. Cuando no estaba con mis abuelos, estaba con mi madre\u00bb.<\/p>\n<p>\nAndy Morales y Trini Bueno\n<\/p>\n<p class=\"voc-p\" style=\"\">Se convirti\u00f3 en padre con 24 a\u00f1os, con su hija Claudia, pero se desconoce la identidad de la madre. M\u00e1s tarde se reencontr\u00f3 con Trini Bueno, quien hab\u00eda sido <strong>su compa\u00f1era de instituto<\/strong>, pero a la que dej\u00f3 de ver porque en su d\u00eda se mud\u00f3 a Barcelona. Volvi\u00f3 a C\u00e1diz y en 2012 comenzaron una relaci\u00f3n. Apenas un a\u00f1o despu\u00e9s de empezar a salir, <strong>la joven sufri\u00f3 un terrible accidente de tr\u00e1fico<\/strong> que casi le hace perder la vida.<\/p>\n<p class=\"voc-p\" style=\"\">Se tuvo que someter a <strong>once cirug\u00edas<\/strong>, pero sali\u00f3 adelante. Y en 2018, Andy y Trini se casaron despu\u00e9s de seis a\u00f1os de relaci\u00f3n en la iglesia de Nuestra Se\u00f1ora de la Palma de C\u00e1diz. Ocurri\u00f3 unas pocas semanas despu\u00e9s de que la pareja tuviera a <strong>s<\/strong><strong>u hijo Andr\u00e9s<\/strong>.<\/p>\n<p class=\"voc-p\" style=\"\">Pero poco despu\u00e9s de casarse, Trini y Andy decidieron separarse, tal y como le confes\u00f3 el artista a la revista &#8216;Semana&#8217; en 2023. Tambi\u00e9n dijo que llevaba un a\u00f1o con otra mujer, Clara. \u00ab<strong>Es muy buena persona, tiene mucha paciencia<\/strong> y ah\u00ed estamos\u2026 Pero las heridas profundas no se curan de la noche al d\u00eda. Aunque estoy mucho mejor, prefiero ser cauto\u00bb, dijo el cantante.<\/p>\n<p>\nTres a\u00f1os con Clara\n<\/p>\n<p class=\"voc-p\" style=\"\">Y ah\u00ed siguen. Se llama Clara Gon\u00e7alves, es de C\u00e1diz y trabaja como maquilladora profesional. Acaba de compartir una imagen junto a Andy en la que pone: \u00ab\u00bfComo de bonito es compartir todo esto con tu pareja? <strong>Qu\u00e9 poco queda para empezar esta aventura<\/strong>\u00bb.<\/p>\n<p class=\"voc-p\" style=\"\">Makeup by Clari es su proyecto empresarial y la chica es muy activa en las redes sociales, donde expone sus trabajos. Tambi\u00e9n hay fotos de ella y l\u00edricos mensajes sobre sus estilismos. Este es uno de ellos: \u00abCada trazo y cada color cuentan una historia personal, hecha de pasi\u00f3n, prop\u00f3sito y autenticidad. <strong>Que cada rostro que toque se lleve un pedacito de esa magia<\/strong>\u00bb.<\/p>\n<p class=\"voc-p\" style=\"\">Y m\u00e1s, confirmando que vive d\u00edas ajetreados: \u00abNo os imagin\u00e1is el caos de estas semanas. No he tenido tiempo ni para respirar, pero hoy este maquillaje merec\u00eda ser recordado. Justo cuando iba directa a la ducha (s\u00ed, con el pelo ya casi mojado), he ca\u00eddo en que no me hab\u00eda hecho ninguna una foto. He salido corriendo, m\u00f3vil en mano y entre prisas y risas\u2026 \u00a1han salido estas cositas de aqu\u00ed! <strong>A veces las mejores ideas surgen en el \u00faltimo segundo<\/strong>\u2026\u00bb.<\/p>\n","protected":false},"excerpt":{"rendered":"Ya no es &#8216;Andy, el de Andy y Lucas&#8216;, sino Andy Morales. La ruptura del d\u00fao ha sido&hellip;\n","protected":false},"author":2,"featured_media":178641,"comment_status":"","ping_status":"","sticky":false,"template":"","format":"standard","meta":{"footnotes":""},"categories":[91],"tags":[16221,2193,9837,146,147,25,24,8500,50965,4126,6270,2032,23,1343],"class_list":{"0":"post-178640","1":"post","2":"type-post","3":"status-publish","4":"format-standard","5":"has-post-thumbnail","7":"category-entretenimiento","8":"tag-andy","9":"tag-cadiz","10":"tag-clara","11":"tag-entertainment","12":"tag-entretenimiento","13":"tag-es","14":"tag-espana","15":"tag-llama","16":"tag-maquilladora","17":"tag-morales","18":"tag-novia","19":"tag-profesional","20":"tag-spain","21":"tag-vive"},"share_on_mastodon":{"url":"","error":""},"_links":{"self":[{"href":"https:\/\/www.europesays.com\/es\/wp-json\/wp\/v2\/posts\/178640","targetHints":{"allow":["GET"]}}],"collection":[{"href":"https:\/\/www.europesays.com\/es\/wp-json\/wp\/v2\/posts"}],"about":[{"href":"https:\/\/www.europesays.com\/es\/wp-json\/wp\/v2\/types\/post"}],"author":[{"embeddable":true,"href":"https:\/\/www.europesays.com\/es\/wp-json\/wp\/v2\/users\/2"}],"replies":[{"embeddable":true,"href":"https:\/\/www.europesays.com\/es\/wp-json\/wp\/v2\/comments?post=178640"}],"version-history":[{"count":0,"href":"https:\/\/www.europesays.com\/es\/wp-json\/wp\/v2\/posts\/178640\/revisions"}],"wp:featuredmedia":[{"embeddable":true,"href":"https:\/\/www.europesays.com\/es\/wp-json\/wp\/v2\/media\/178641"}],"wp:attachment":[{"href":"https:\/\/www.europesays.com\/es\/wp-json\/wp\/v2\/media?parent=178640"}],"wp:term":[{"taxonomy":"category","embeddable":true,"href":"https:\/\/www.europesays.com\/es\/wp-json\/wp\/v2\/categories?post=178640"},{"taxonomy":"post_tag","embeddable":true,"href":"https:\/\/www.europesays.com\/es\/wp-json\/wp\/v2\/tags?post=178640"}],"curies":[{"name":"wp","href":"https:\/\/api.w.org\/{rel}","templated":true}]}}