{"id":178682,"date":"2025-10-15T15:28:15","date_gmt":"2025-10-15T15:28:15","guid":{"rendered":"https:\/\/www.europesays.com\/es\/178682\/"},"modified":"2025-10-15T15:28:15","modified_gmt":"2025-10-15T15:28:15","slug":"camiones-con-ayuda-humanitaria-vuelven-a-cruzar-el-paso-de-rafah-mientras-israel-sigue-atacando-en-gaza","status":"publish","type":"post","link":"https:\/\/www.europesays.com\/es\/178682\/","title":{"rendered":"Camiones con ayuda humanitaria vuelven a cruzar el paso de Rafah mientras Israel sigue atacando en Gaza"},"content":{"rendered":"<p class=\"article-text\">\n        Los camiones con ayuda humanitaria destinada a la poblaci\u00f3n de Gaza han vuelto a cruzar <a href=\"https:\/\/www.eldiario.es\/internacional\/ultima-hora-israel-gaza-directo_6_12681269_1116185.amp.html\" data-mrf-recirculation=\"links-noticia\" class=\"link\" rel=\"nofollow noopener\" target=\"_blank\">este mi\u00e9rcoles a trav\u00e9s del paso de Rafah,<\/a> despu\u00e9s de que Israel decidiera suspender ayer la entrada de cargamentos desde Egipto, informa la televisi\u00f3n egipcia Al Qahera News.\n    <\/p>\n<p class=\"article-text\">\n        Seg\u00fan ese medio, pr\u00f3ximo la Inteligencia egipcia, veh\u00edculos cargados con combustible y gas se han dirigido desde el cruce de Rafah hacia los pasos de Kerem Shalom y Al Auja, donde tienen que someterse a los controles israel\u00edes antes de acceder a la Franja de Gaza.\n    <\/p>\n<p class=\"article-text\">\n        Al Qahera News ha agregado que, de momento, no se ha abierto la parte gazat\u00ed del cruce fronterizo, que ha estado bajo control de Israel desde mayo de 2024.\n    <\/p>\n<p class=\"article-text\">\n        En el marco del actual acuerdo de alto el fuego, Israel deber\u00eda permitir la entrada a Gaza de cientos de camiones con suministros b\u00e1sicos cada d\u00eda, para paliar la hambruna y las ingentes necesidades de la poblaci\u00f3n despu\u00e9s de varios meses de bloqueo casi total.\n    <\/p>\n<p class=\"article-text\">\n        El martes, la ONU confirm\u00f3 que los cruces fronterizos de Israel a Gaza estaban cerrados y pidi\u00f3 al Gobierno israel\u00ed y a Ham\u00e1s respetar lo pactado para poder aumentar la entrega de ayuda humanitaria en el enclave palestino. La portavoz de la Oficina de Coordinaci\u00f3n Humanitaria de la ONU en Gaza, Olga Cherevko, dijo que el Gobierno israel\u00ed hab\u00eda notificado a la ONU un retraso o reducci\u00f3n en las operaciones humanitarias porque Ham\u00e1s no hab\u00eda entregado los cad\u00e1veres de rehenes a Israel.\n    <\/p>\n<p class=\"article-text\">\n        Seg\u00fan ha informado Reuters, el Coordinador de Actividades del Gobierno israel\u00ed en los Territorios (Cogat) dijo que, a partir del mi\u00e9rcoles, solo permitir\u00eda la entrada en Gaza de 300 camiones, la mitad de la cifra que dijo que esperaba diariamente durante el alto el fuego.\n    <\/p>\n<p class=\"article-text\">\n        La cadena Al Jazeera informa este mi\u00e9rcoles de que Israel sigue limitando el n\u00famero de camiones a los que permite entrar, mientras que la radio p\u00fablica israel\u00ed Kan recoge que no se recortart\u00e1 la cantidad de ayuda, despu\u00e9s de que en la noche del martes Ham\u00e1s entregara otros cuatro cuerpos de rehenes fallecidos. Del total de 28 rehenes muertos, el grupo palestino ha devuelto ocho cuerpos desde el lunes, aunque s\u00f3lo siete han sido identificados como rehenes. El Ej\u00e9rcito israel\u00ed ha confirmado este mi\u00e9rcoles que el octavo cuerpo no pertenece a ninguno de los rehenes.\n    <\/p>\n<p class=\"article-text\">\n        El grupo palestino ha alegado que localizar los cuerpos es dif\u00edcil y el Comit\u00e9 Internacional de la Cruz Roja (CICR) ha explicado que la entrega de los cuerpos a sus familiares \u201cpodr\u00eda tomar mucho m\u00e1s tiempo\u201d, debido, principalmente, a la complejidad de encontrar los restos, \u201cque pueden estar bajo los escombros considerando la intensidad del conflicto\u201d.\n    <\/p>\n<p>    Israel sigue abriendo fuego en Gaza<\/p>\n<p class=\"article-text\">\n        Mientras, en otra aparente violaci\u00f3n del acuerdo de alto el fuego, tanques y drones israel\u00edes han abierto fuego a primera hora de este mi\u00e9rcoles contra diferentes puntos del norte de la Franja y tambi\u00e9n en el sur, donde han alcanzado algunas de las tiendas de desplazados de la zona Al Mawasi, seg\u00fan la Agencia EFE.\n    <\/p>\n<p class=\"article-text\">\n        La agencia de noticias ha podido comprobar que durante m\u00e1s de 30 minutos tanques y drones israel\u00edes dispararon contra los puntos designados por Israel como \u201czona militarizada\u201d del barrio de Shujaiya, en Ciudad de Gaza, de la mayor parte de la cual se retiraron las tropas israel\u00edes el pasado viernes en el marco del acuerdo.\n    <\/p>\n<p class=\"article-text\">\n        En el barrio de Shujaiya, un dron israel\u00ed ha matado este mi\u00e9rcoles a dos palestinos, seg\u00fan ha informado el hospital Bautista de la capital tras recibir los cuerpos de los dos fallecidos, pese al alto el fuego. El punto que bombarde\u00f3 el dron ha sido la calle Hassanein de Shujaiya, seg\u00fan fuentes locales, designado como \u201czona roja o militarizada\u201d por el Ej\u00e9rcito a la que no pueden acercarse los palestinos.\n    <\/p>\n<p class=\"article-text\">\n        Este martes, las autoridades sanitarias de Gaza afirmaron que el ej\u00e9rcito israel\u00ed mat\u00f3 a seis palestinos en dos incidentes separados a lo largo de la Franja. En un comunicado, el Ej\u00e9rcito de Israel argument\u00f3 que eran \u201csospechosos\u201d y que hab\u00eda tratado de ahuyentarlos sin \u00e9xito. La relatora de la ONU Francesca Albanese<a href=\"https:\/\/x.com\/FranceskAlbs\/status\/1978033577548771573\" target=\"_blank\" data-mrf-recirculation=\"links-noticia\" class=\"link\" rel=\"nofollow\">\u00a0critc\u00f3 estos asesinatos en sus redes sociales:<\/a>\u00a0\u201cDe nuevo, &#8216;alto el fuego seg\u00fan Israel&#8217;= t\u00fa paras, yo disparo. Llamarlo &#8216;paz&#8217; es tanto un insulto como una distracci\u00f3n\u201d.\n    <\/p>\n<p class=\"article-text\">\n        El viernes a las 12.00 de Gaza entr\u00f3 en vigor el alto el fuego, pero hoy es el segundo d\u00eda en el que se registran ataques israel\u00edes contra el enclave palestino, despu\u00e9s de que Israel matara el martes a al menos seis personas tambi\u00e9n en el barrio de Shujaiya. Seg\u00fan el Ej\u00e9rcito israel\u00ed, los fallecidos eran gazat\u00edes que hab\u00edan traspasado la \u201cl\u00ednea amarilla\u201d del acuerdo de alto el fuego, pero el Ministerio de Sanidad palestino dijo que se trataba de personas que estaban intentando regresar a sus casas.\n    <\/p>\n<p class=\"article-text\">\n        La denominada \u201cl\u00ednea amarilla\u201d marca el punto al que se han retirado las tropas israel\u00edes, pero no est\u00e1 definida de forma precisa y los civiles no saben exactamente d\u00f3nde pueden moverse, lo cual les expone a los ataques del ej\u00e9rcito israel\u00ed.\n    <\/p>\n<p>\t\t<img decoding=\"async\" id=\"g-mapa_gaza10102025-D-img\" class=\"g-mapa_gaza10102025-D-img g-aiImg\" alt=\"\" src=\"https:\/\/www.europesays.com\/es\/wp-content\/uploads\/2025\/10\/34bb27f9-c8d2-420f-9f2f-7b2a0c59b8c5_source-aspect-ratio_default_0.jpg\"\/><\/p>\n<p class=\"g-pstyle0\">Primera l\u00ednea de retirada de las tropas israel\u00edes en Gaza<\/p>\n<p class=\"g-pstyle16\">GR\u00c1FICO: IGNACIO S\u00c1NCHEZ. FUENTE: MAPA COMPARTIDO POR EL PRESIDENTE DONALD TRUMP<\/p>\n<p>\t\t<img decoding=\"async\" id=\"g-mapa_gaza10102025-M-img\" class=\"g-mapa_gaza10102025-M-img g-aiImg\" alt=\"\" src=\"https:\/\/www.europesays.com\/es\/wp-content\/uploads\/2025\/10\/0683b811-f42c-41bc-b899-068cb63d2c72_source-aspect-ratio_default_0.jpg\"\/><\/p>\n<p class=\"g-pstyle0\">Primera l\u00ednea de retirada de las<\/p>\n<p class=\"g-pstyle0\">tropas israel\u00edes en Gaza<\/p>\n<p class=\"g-pstyle14\">GR\u00c1FICO: IGNACIO S\u00c1NCHEZ. <\/p>\n<p class=\"g-pstyle14\">FUENTE: MAPA COMPARTIDO POR EL PRESIDENTE DONALD TRUMP<\/p>\n<p class=\"article-text\">\n        Por otro lado, por primera vez desde en dos a\u00f1os, las fuerzas israel\u00edes van a reabrir al p\u00fablico la playa de Zikim, en el norte de Gaza, cerca de la frontera con Israel.\n    <\/p>\n<p class=\"article-text\">\n        El jefe del Estado Mayor del Ej\u00e9rcito, Eyal Zamir, ha aprobado la reapertura de la playa de Zikim a partir de este mi\u00e9rcoles, as\u00ed como la eliminaci\u00f3n de la zona militar cerrada impuesta en la zona desde el inicio de la guerra, seg\u00fan un comunicado del Ej\u00e9rcito.\n    <\/p>\n<p>    <a href=\"https:\/\/www.eldiario.es\/internacional\/theguardian\/genocidio-gaza-impulsado-boicot-global-israel-habiamos-visto-apoyo_1_12683032.html\" data-mrf-recirculation=\"saber-mas-abajo\" data-dl-event=\"saber-mas-abajo\" rel=\"nofollow noopener\" target=\"_blank\"><\/p>\n<p class=\"know-more__title\">C\u00f3mo el genocidio en Gaza ha impulsado el boicot global a Israel: \u201cNunca hab\u00edamos visto tanto apoyo\u201d\n<\/p>\n<p>            <img decoding=\"async\" class=\"lazy\" loading=\"lazy\" data-src=\"https:\/\/static.eldiario.es\/clip\/270c12a2-eb86-40b1-bf1e-4ab11106bdbb_16-9-aspect-ratio_default_0.jpg\" src=\"data:image\/svg+xml,%3Csvg xmlns=\" http:=\"\" viewbox=\"0 0 880 495\" alt=\"C\u00f3mo el genocidio en Gaza ha impulsado el boicot global a Israel: &quot;Nunca hab\u00edamos visto tanto apoyo&quot;\"\/><\/p>\n<p>                        <\/a><\/p>\n<p class=\"article-text\">\n        Con informaci\u00f3n de la Agencia EFE.\n    <\/p>\n","protected":false},"excerpt":{"rendered":"Los camiones con ayuda humanitaria destinada a la poblaci\u00f3n de Gaza han vuelto a cruzar este mi\u00e9rcoles a&hellip;\n","protected":false},"author":2,"featured_media":178683,"comment_status":"","ping_status":"","sticky":false,"template":"","format":"standard","meta":{"footnotes":""},"categories":[42],"tags":[50980,3229,17,18,20433,13,14,4513,694,11,44322,61,62,63,64,74,19,20,9,10,15,16,4797,35587,1262,12,21,22,739,65,66,67],"class_list":["post-178682","post","type-post","status-publish","format-standard","has-post-thumbnail","category-internacional","tag-abriendo","tag-ayuda","tag-breaking-news","tag-breakingnews","tag-cruce","tag-featured-news","tag-featurednews","tag-fuego","tag-gaza","tag-headlines","tag-humanitaria","tag-internacional","tag-international","tag-international-news","tag-internationalnews","tag-israel","tag-latest-news","tag-latestnews","tag-news","tag-noticias","tag-noticias-destacadas","tag-noticiasdestacadas","tag-pasar","tag-rafah","tag-sigue","tag-titulares","tag-ultimas-noticias","tag-ultimasnoticias","tag-vuelve","tag-world","tag-world-news","tag-worldnews"],"share_on_mastodon":{"url":"","error":""},"_links":{"self":[{"href":"https:\/\/www.europesays.com\/es\/wp-json\/wp\/v2\/posts\/178682","targetHints":{"allow":["GET"]}}],"collection":[{"href":"https:\/\/www.europesays.com\/es\/wp-json\/wp\/v2\/posts"}],"about":[{"href":"https:\/\/www.europesays.com\/es\/wp-json\/wp\/v2\/types\/post"}],"author":[{"embeddable":true,"href":"https:\/\/www.europesays.com\/es\/wp-json\/wp\/v2\/users\/2"}],"replies":[{"embeddable":true,"href":"https:\/\/www.europesays.com\/es\/wp-json\/wp\/v2\/comments?post=178682"}],"version-history":[{"count":0,"href":"https:\/\/www.europesays.com\/es\/wp-json\/wp\/v2\/posts\/178682\/revisions"}],"wp:featuredmedia":[{"embeddable":true,"href":"https:\/\/www.europesays.com\/es\/wp-json\/wp\/v2\/media\/178683"}],"wp:attachment":[{"href":"https:\/\/www.europesays.com\/es\/wp-json\/wp\/v2\/media?parent=178682"}],"wp:term":[{"taxonomy":"category","embeddable":true,"href":"https:\/\/www.europesays.com\/es\/wp-json\/wp\/v2\/categories?post=178682"},{"taxonomy":"post_tag","embeddable":true,"href":"https:\/\/www.europesays.com\/es\/wp-json\/wp\/v2\/tags?post=178682"}],"curies":[{"name":"wp","href":"https:\/\/api.w.org\/{rel}","templated":true}]}}