{"id":178732,"date":"2025-10-15T16:03:11","date_gmt":"2025-10-15T16:03:11","guid":{"rendered":"https:\/\/www.europesays.com\/es\/178732\/"},"modified":"2025-10-15T16:03:11","modified_gmt":"2025-10-15T16:03:11","slug":"le-paso-con-el-112-de-valencia","status":"publish","type":"post","link":"https:\/\/www.europesays.com\/es\/178732\/","title":{"rendered":"Le paso con el 112 de Valencia"},"content":{"rendered":"<p class=\"paragraph\" id=\"paragraph_1\">Los hijos de Antonio Morales Ayala cada vez tienen m\u00e1s claro que su padre podr\u00eda seguir vivo, en caso de que el accidente de este <a href=\"https:\/\/www.elespanol.com\/reportajes\/20250921\/emergencias-admite-hijos-ciclista-muerto-ccaa-alerta-entro-murcia-paso-alicante\/1003743931479_0.html?utm_cmp_rs=linksinline\" rel=\"nofollow noopener\" target=\"_blank\">ciclista <\/a>no se hubiera convertido en un asunto de competencias entre las comunidades aut\u00f3nomas de Murcia y la Valenciana. As\u00ed lo pone de manifiesto <strong>la transcripci\u00f3n de la llamada <\/strong><strong>con la que el 112 gestion\u00f3<\/strong><strong> el accidente<\/strong> y que figura en el proceso penal abierto en el Juzgado de Instrucci\u00f3n n\u00famero 1 de Orihuela.<\/p>\n<p class=\"paragraph\" id=\"paragraph_2\">\u201cLa transcripci\u00f3n de la llamada evidencia que <strong>no se prioriz\u00f3 enviar el recurso m\u00e1s pr\u00f3ximo a mi padre<\/strong>. Hab\u00eda m\u00e1s inter\u00e9s en saber en qu\u00e9 termino municipal se hab\u00eda ca\u00eddo que en atender la urgencia\u201d, tal y como reflexiona Antonio, uno de los tres hijos de este cabo de bomberos jubilado en el parque del Infante y\u00a0expresidente de la Pe\u00f1a Ciclista La P\u00e1jara de Puente Tocinos.<\/p>\n<p class=\"paragraph\" id=\"paragraph_3\">EL ESPA\u00d1OL ha accedido en exclusiva al <strong>documento de la Direcci\u00f3n General de Seguridad Ciudadana y Emergencias<\/strong> que \u201ccertifica que estas transcripciones son copia aut\u00e9ntica de la llamada atendida por el Servicio 112 de la Regi\u00f3n de Murcia\u201d. En concreto, a las 10.02 horas del mi\u00e9rcoles 10 de septiembre, cuando una mujer sali\u00f3 de su empresa alertada por la ca\u00edda que hab\u00eda sufrido Antonio, por culpa de un bache que hab\u00eda en la Vereda del Reino, y que le hizo estrellarse contra un poste de la luz.<\/p>\n<p><img decoding=\"async\" alt=\"Unos conos delimitan el bache que pis\u00f3 Antonio con su bicicleta y a unos metros, unas flores delatan la presencia del poste de la luz contra el que se choc\u00f3 este bombero jubilado en la Vereda del Reino.\" data-imgm=\"true\" height=\"180\" loading=\"lazy\"  src=\"https:\/\/www.europesays.com\/es\/wp-content\/uploads\/2025\/09\/1003743928802_258767370_1024x576.jpg\"  width=\"320\"\/><\/p>\n<p>                                                            Unos conos delimitan el bache que pis\u00f3 Antonio con su bicicleta y a unos metros, unas flores delatan la presencia del poste de la luz contra el que se choc\u00f3 este bombero jubilado en la Vereda del Reino.<\/p>\n<p>                    Cedidas<\/p>\n<p class=\"paragraph\" id=\"paragraph_4\"><strong>&#8211; Operadora:<\/strong> \u00bfEn qu\u00e9 le puedo ayudar?<\/p>\n<p class=\"paragraph\" id=\"paragraph_5\"><strong>&#8211; Llamante:<\/strong> Hola, buenas. Necesito una ambulancia porque un ciclista se ha ca\u00eddo en la carretera y est\u00e1 en el suelo y est\u00e1 mareado.<\/p>\n<p class=\"paragraph\" id=\"paragraph_6\">&#8211; Operadora: Pero, \u00bfque se ha ca\u00eddo en la carretera? \u00bfSigue en la carretera?<\/p>\n<p class=\"paragraph\" id=\"paragraph_7\">&#8211; Llamante: S\u00ed, est\u00e1 en una orilla. Lo tenemos\u2026 est\u00e1 el hombre\u2026, se ha ca\u00eddo y est\u00e1 en una orilla.<\/p>\n<p class=\"paragraph\" id=\"paragraph_8\">&#8211; Operadora: \u2026. En una v\u00eda p\u00fablica\u2026 <\/p>\n<p class=\"paragraph\" id=\"paragraph_9\">&#8211; Llamante: Est\u00e1 mareado.<\/p>\n<p class=\"paragraph\" id=\"paragraph_10\">&#8211; Operadora: Est\u00e1 mareado. \u00bfEn qu\u00e9 poblaci\u00f3n?<\/p>\n<p class=\"paragraph\" id=\"paragraph_11\">&#8211; Llamante: En Vereda del Rollo, 215. En Los Desamparados, Orihuela; que tambi\u00e9n estamos en Beniel.<\/p>\n<p class=\"paragraph\" id=\"paragraph_12\">A partir de la la cuarta pregunta, la operadora del 112 se centra en ubicar geogr\u00e1ficamente el aviso, a pesar de que<strong> el Tel\u00e9fono \u00danico de Emergencias te geoposiciona al llamar<\/strong>\u00a0y es evidente que la llamada ha entrado en el Servicio 112 de la Regi\u00f3n de Murcia.<\/p>\n<p class=\"paragraph\" id=\"paragraph_13\"><strong>&#8211; Operadora:<\/strong> \u00bfPero est\u00e1is en Alicante?<\/p>\n<p class=\"paragraph\" id=\"paragraph_14\"><strong>&#8211; Llamante:<\/strong> En Orihuela.<\/p>\n<p class=\"paragraph\" id=\"paragraph_15\">&#8211; Operadora: En Orihuela, entonces s\u00ed. Es que te ha saltado el 1-1-2 de Murcia.<\/p>\n<p class=\"paragraph\" id=\"paragraph_16\">&#8211; Llamante: La Vereda del Rollo, 215.<\/p>\n<p class=\"paragraph\" id=\"paragraph_17\">&#8211; Operadora: Est\u00e1 mareado. Vale, no cuelgue porque voy a tener que llamar al 1-1-2 de Alicante. \u00bfVale? No cuelgue.<\/p>\n<p class=\"paragraph\" id=\"paragraph_18\">&#8211; Llamante: \u00bfOye, y no me puedes mandar una de Beniel, que est\u00e1 m\u00e1s cerca, por favor?<\/p>\n<p class=\"paragraph\" id=\"paragraph_19\">La testigo del accidente recalca que el recurso asistencial m\u00e1s pr\u00f3ximo est\u00e1 en Beniel y que el estado de salud de Antonio ha empeorado. Pero <strong>la operadora sigue enfrascada en aclarar la ubicaci\u00f3n,<\/strong> para determinar si el aviso debe gestionarlo Murcia o la Comunidad Valenciana, en vez de enviar la ambulancia m\u00e1s cercana a este aficionado al ciclismo, padre de familia numerosa y superabuelo de 7 nietos.<\/p>\n<p><img decoding=\"async\" alt=\"WhatsApp Image 2025-10-15 at 10.59.03\" data-imgm=\"true\" height=\"180\" loading=\"lazy\"  src=\"https:\/\/www.europesays.com\/es\/wp-content\/uploads\/2025\/10\/1003743970018_259371058_1024x576.jpg\"  width=\"320\"\/><\/p>\n<p>                                                            WhatsApp Image 2025-10-15 at 10.59.03<\/p>\n<p class=\"paragraph\" id=\"paragraph_20\">&#8211; Operadora: Es que est\u00e1is en Orihuela\u2026 <\/p>\n<p class=\"paragraph\" id=\"paragraph_21\">&#8211; Llamante: Estoy al otro lado de la carretera\u2026 <\/p>\n<p class=\"paragraph\" id=\"paragraph_22\">&#8211; Operadora: Ya, pero es que eso est\u00e1 en Orihuela.<\/p>\n<p class=\"paragraph\" id=\"paragraph_23\">&#8211; Llamante: Es que est\u00e1 el hombre muy mareado, es mayor.<\/p>\n<p class=\"paragraph\" id=\"paragraph_24\">&#8211; Operadora: Ya, s\u00ed. Pero esp\u00e9rate, no cuelgues. Espera un momento que les llame. \u00bfVale? <\/p>\n<p class=\"paragraph\" id=\"paragraph_25\"><strong>&#8211; Operadora:<\/strong> Se\u00f1ora, le paso con el 1-1-2 de Valencia.<\/p>\n<p class=\"paragraph\" id=\"paragraph_26\">De forma que se moviliz\u00f3 una ambulancia desde Orihuela que no era una UCI m\u00f3vil, con m\u00e9dico, y que<strong> encima se perdi\u00f3<\/strong> porque no encontraba\u00a0el punto donde Antonio sufri\u00f3 su accidente y que divide ambas comunidades aut\u00f3nomas: la Vereda del Reino, como la llaman en Beniel, o la Vereda del Rollo, como la conocen en Orihuela. La ambulancia de traslado se lleg\u00f3 a dar la vuelta a la ciudad oriolana y tuvo que ser advertida por la Polic\u00eda Local de que deb\u00eda asistir al ciclista.<\/p>\n<p class=\"paragraph\" id=\"paragraph_27\">De hecho, un agente fue con el coche patrulla a buscarla y el pobre <strong>Antonio tuvo que aguantar 47 minutos tirado sobre el asfalto<\/strong>, dolorido por una lesi\u00f3n en las costillas, a pesar de que\u00a0el centro de salud de Beniel est\u00e1 a solo 4 minutos y 9 segundos.\u00a0Aquel mi\u00e9rcoles, termin\u00f3 muriendo\u00a0a las 11.10 horas en el Hospital Vega Baja, tras entrar en parada card\u00edaca.\u00a0<\/p>\n<p>                                                            Homenaje de los amigos de Antonio en la Vereda del Reino donde sufri\u00f3 la ca\u00edda que le cost\u00f3 la vida.<\/p>\n<p class=\"paragraph\" id=\"paragraph_28\">Antonio y su hermano, Ra\u00fal, no paran de leer el contenido de la transcripci\u00f3n de la llamada y no dan cr\u00e9dito. \u00abLa conclusi\u00f3n que sacamos es que hubo una emergencia grave y el 112 de Murcia la deriv\u00f3 a la Comunidad Valenciana. Y luego, cuando habl\u00f3 con la operadora de Valencia rebaj\u00f3 el nivel de la urgencia porque dijo que mi padre solo estaba mareado y en vez de ponerle una UCI m\u00f3vil, le asignaron una asistencial\u00bb.<\/p>\n<p class=\"paragraph\" id=\"paragraph_29\">El documento al que ha accedido este diario refleja que a las 10 horas y 4 minutos del mi\u00e9rcoles 10 de septiembre, se produce esta conversaci\u00f3n entre las salas del 112 de Murcia (MU) y la Comunidad Valenciana (CV).<\/p>\n<p class=\"paragraph\" id=\"paragraph_30\">&#8211; Operadora 112 -CV: Emergencias Comunidad Valenciana, hola.<\/p>\n<p class=\"paragraph\" id=\"paragraph_31\">&#8211; Operadora 112-MU: Hola, del 1-1-2 de Murcia.<\/p>\n<p class=\"paragraph\" id=\"paragraph_32\">&#8211; Operadora 112-CV: S\u00ed, d\u00edgame.<\/p>\n<p class=\"paragraph\" id=\"paragraph_33\">&#8211; Operadora 112-MU: Mira, nos informa que un ciclista se ha ca\u00eddo.<\/p>\n<p class=\"paragraph\" id=\"paragraph_34\">&#8211; Operadora 112-CV: S\u00ed.<\/p>\n<p class=\"paragraph\" id=\"paragraph_35\">&#8211; Operadora 112-MU: Est\u00e1 mareado.<\/p>\n<p class=\"paragraph\" id=\"paragraph_36\">&#8211; Operadora 112-CV: S\u00ed.<\/p>\n<p><img decoding=\"async\" alt=\"Antonio (1i) y Ra\u00fal (1d), el s\u00e1bado 13 de septiembre, sacando el ata\u00fad de su padre, Antonio Morales Ayala, para enterrarlo en Murcia.\" data-imgm=\"true\" height=\"180\" loading=\"lazy\"  src=\"https:\/\/www.europesays.com\/es\/wp-content\/uploads\/2025\/10\/1003743970117_259372030_1024x576.jpg\"  width=\"320\"\/><\/p>\n<p>                                                            Antonio (1i) y Ra\u00fal (1d), el s\u00e1bado 13 de septiembre, sacando el ata\u00fad de su padre, Antonio Morales Ayala, para enterrarlo en Murcia.<\/p>\n<p>                    Cedida<\/p>\n<p class=\"paragraph\" id=\"paragraph_38\">&#8211; Operadora 112-MU: Y est\u00e1n en la poblaci\u00f3n de Desamparados, de Orihuela,<\/p>\n<p class=\"paragraph\" id=\"paragraph_39\">&#8211; Operadora 112-CV: Vale, de Orihuela, en Desamparados. \u00bfQu\u00e9 direcci\u00f3n ha dicho? \u00bfalguna? <\/p>\n<p class=\"paragraph\" id=\"paragraph_40\">&#8211; Operadora 112-MU: En Vereda del Rollo.<\/p>\n<p class=\"paragraph\" id=\"paragraph_41\">&#8211; Operadora 112-CV: Vale. Los tiene en l\u00ednea, \u00bfverdad?<\/p>\n<p class=\"paragraph\" id=\"paragraph_42\">&#8211; Operadora 112-MU: S\u00ed, te lo paso.<\/p>\n<p class=\"paragraph\" id=\"paragraph_43\">&#8211; Operadora 112-MU: Lo que pasa es que est\u00e1 muy al l\u00edmite de Beniel, de Murcia. Entonces me dec\u00eda\u2026<\/p>\n<p class=\"paragraph\" id=\"paragraph_44\">&#8211; Operadora 112-MU: Que mandara una ambulancia de Murcia\u2026<\/p>\n<p class=\"paragraph\" id=\"paragraph_45\">&#8211; Operadora 112-CV: Hmmm<\/p>\n<p class=\"paragraph\" id=\"paragraph_46\">&#8211; Operadora 112-MU: Pero claro, est\u00e1n en Orihuela.<\/p>\n<p class=\"paragraph\" id=\"paragraph_47\">&#8211; Operadora 112-CV: Vale.<\/p>\n<p class=\"paragraph\" id=\"paragraph_48\">&#8211; Operadora 112-MU: Eso, pues ya tendr\u00edas que ser vosotros. Te lo paso, \u00bfvale?<\/p>\n<p class=\"paragraph\" id=\"paragraph_49\">&#8211; Operadora 112-CV: Vale, vale. P\u00e1samelo cuando quieras. Gracias.<\/p>\n<p class=\"paragraph\" id=\"paragraph_50\"> &#8211; Operadora 112-CV: Buen servicio.<\/p>\n<p class=\"paragraph\" id=\"paragraph_51\">Pues es el servicio se sald\u00f3 con la muerte de Antonio y un proceso penal que ha desatado<strong> una tormenta de competencias<\/strong> entre la Regi\u00f3n de Murcia y la Comunidad Valenciana. \u00abYa hemos contratado a un abogado para personarnos en el proceso penal que hay abierto en los juzgados de Orihuela, para depurar responsabilidades porque esto ha sido un homicidio imprudente\u00bb, seg\u00fan advierte Antonio, hijo del difunto cabo de bomberos. \u00abMi padre ten\u00eda 73 a\u00f1os y al d\u00eda siguiente habr\u00eda cumplido 74\u00bb.<\/p>\n","protected":false},"excerpt":{"rendered":"Los hijos de Antonio Morales Ayala cada vez tienen m\u00e1s claro que su padre podr\u00eda seguir vivo, en&hellip;\n","protected":false},"author":2,"featured_media":178733,"comment_status":"","ping_status":"","sticky":false,"template":"","format":"standard","meta":{"footnotes":""},"categories":[273],"tags":[40522,313,242,312,168,4978,25,24,23765,9743,4286,23,167],"class_list":{"0":"post-178732","1":"post","2":"type-post","3":"status-publish","4":"format-standard","5":"has-post-thumbnail","7":"category-ciclismo","8":"tag-beniel","9":"tag-ciclismo","10":"tag-comunidad-valenciana","11":"tag-cycling","12":"tag-deportes","13":"tag-emergencias","14":"tag-es","15":"tag-espana","16":"tag-orihuela","17":"tag-region-de-murcia-comunidad","18":"tag-reportajes","19":"tag-spain","20":"tag-sports"},"share_on_mastodon":{"url":"","error":""},"_links":{"self":[{"href":"https:\/\/www.europesays.com\/es\/wp-json\/wp\/v2\/posts\/178732","targetHints":{"allow":["GET"]}}],"collection":[{"href":"https:\/\/www.europesays.com\/es\/wp-json\/wp\/v2\/posts"}],"about":[{"href":"https:\/\/www.europesays.com\/es\/wp-json\/wp\/v2\/types\/post"}],"author":[{"embeddable":true,"href":"https:\/\/www.europesays.com\/es\/wp-json\/wp\/v2\/users\/2"}],"replies":[{"embeddable":true,"href":"https:\/\/www.europesays.com\/es\/wp-json\/wp\/v2\/comments?post=178732"}],"version-history":[{"count":0,"href":"https:\/\/www.europesays.com\/es\/wp-json\/wp\/v2\/posts\/178732\/revisions"}],"wp:featuredmedia":[{"embeddable":true,"href":"https:\/\/www.europesays.com\/es\/wp-json\/wp\/v2\/media\/178733"}],"wp:attachment":[{"href":"https:\/\/www.europesays.com\/es\/wp-json\/wp\/v2\/media?parent=178732"}],"wp:term":[{"taxonomy":"category","embeddable":true,"href":"https:\/\/www.europesays.com\/es\/wp-json\/wp\/v2\/categories?post=178732"},{"taxonomy":"post_tag","embeddable":true,"href":"https:\/\/www.europesays.com\/es\/wp-json\/wp\/v2\/tags?post=178732"}],"curies":[{"name":"wp","href":"https:\/\/api.w.org\/{rel}","templated":true}]}}