{"id":178801,"date":"2025-10-15T16:41:10","date_gmt":"2025-10-15T16:41:10","guid":{"rendered":"https:\/\/www.europesays.com\/es\/178801\/"},"modified":"2025-10-15T16:41:10","modified_gmt":"2025-10-15T16:41:10","slug":"un-paso-fronterizo-clave-para-la-entrada-de-ayuda-en-gaza-permanece-cerrado","status":"publish","type":"post","link":"https:\/\/www.europesays.com\/es\/178801\/","title":{"rendered":"Un paso fronterizo clave para la entrada de ayuda en Gaza permanece cerrado"},"content":{"rendered":"<p>    <img src=\"https:\/\/www.europesays.com\/es\/wp-content\/uploads\/2025\/10\/2025-10-15T113A083A49Z-90170880.jpg\" width=\"1024\" height=\"682\" alt=\"\" loading=\"eager\" decoding=\"sync\" fetchpriority=\"high\"\/><\/p>\n<p>            afp_tickers        <\/p>\n<p>        Este contenido fue publicado en    <\/p>\n<p>        15 octubre 2025 &#8211; 18:37\n<\/p>\n<p>El paso de Rafah, en la frontera entre Gaza y Egipto, permaneci\u00f3 cerrado el mi\u00e9rcoles pese a los informes de su reapertura para permitir la entrada masiva de ayuda humanitaria al territorio palestino, como estipula el acuerdo de alto el fuego entre Ham\u00e1s e Israel.<\/p>\n<p>Por la ma\u00f1ana, la radiotelevisi\u00f3n p\u00fablica israel\u00ed KAN afirm\u00f3 que la reapertura era inminente, pero fuentes humanitarias indicaron a la AFP que esto no hab\u00eda sucedido y una portavoz del gobierno ignor\u00f3 las preguntas sobre el tema.<\/p>\n<p>El jefe de las operaciones humanitarias de la ONU, Tom Fletcher, expres\u00f3 su frustraci\u00f3n porque la ayuda humanitaria a\u00fan no est\u00e1 fluyendo al devastado territorio palestino a pesar del alto el fuego.<\/p>\n<p>\u00abTal y como acord\u00f3 Ham\u00e1s, deben hacer todo lo posible por devolver urgentemente los cuerpos de todos los rehenes fallecidos. Tambi\u00e9n me preocupan profundamente las pruebas de violencia contra civiles en Gaza\u00bb, afirm\u00f3 Fletcher.<\/p>\n<p>\u00abTal y como acord\u00f3 Israel, deben permitir la llegada masiva de ayuda humanitaria \u2014 miles de camiones a la semana \u2014 de la que dependen tantas vidas y que el mundo ha exigido. Necesitamos que se abran m\u00e1s pasos fronterizos\u00bb, agreg\u00f3 Fletcher.<\/p>\n<p>\u2013 Entrega de rehenes muertos \u2013<\/p>\n<p>Mientras tanto, seg\u00fan el plan de Trump respaldado por los mediadores internacionales, se espera que Israel y Ham\u00e1s contin\u00faen con el intercambio de cuerpos, que tambi\u00e9n se top\u00f3 con un obst\u00e1culo inesperado el mi\u00e9rcoles.<\/p>\n<p>El acuerdo de alto el fuego permiti\u00f3 que los \u00faltimos 20 rehenes que segu\u00edan con vida y cautivos en Gaza regresaran a casa el lunes, a cambio de la liberaci\u00f3n de casi 2.000 prisioneros palestinos de c\u00e1rceles israel\u00edes, as\u00ed como el cese de los combates y los bombardeos.<\/p>\n<p>Ham\u00e1s tambi\u00e9n debe entregar los restos de todos los rehenes fallecidos, aunque por ahora solo ha devuelto a Israel ocho de los 28 cad\u00e1veres previstos.<\/p>\n<p>Uno de ellos, adem\u00e1s, no corresponde con el de ning\u00fan reh\u00e9n, afirm\u00f3 el ej\u00e9rcito israel\u00ed.<\/p>\n<p>El primer ministro israel\u00ed Benjamin Netanyahu afronta crecientes presiones internas para que se vincule la ayuda a Gaza al regreso de los restos de rehenes.<\/p>\n<p>El ministro de Seguridad Nacional, el ultraderechista Itamar Ben Gvir, inst\u00f3 a cortar el suministro de ayuda a Gaza si Ham\u00e1s no devuelve los restos de los soldados que a\u00fan se encuentran en el territorio.\u00a0<\/p>\n<p>Por su parte, Israel entreg\u00f3 el mi\u00e9rcoles otros 45 cuerpos de palestinos al Hospital Nasser, en el sur de Gaza, con lo que el n\u00famero total de cad\u00e1veres devueltos asciende a 90, inform\u00f3 el ministerio de Salud del territorio, gobernado por Ham\u00e1s.<\/p>\n<p>Seg\u00fan el plan de Trump, Israel debe entregar 15 cad\u00e1veres de palestinos por cada reh\u00e9n israel\u00ed fallecido devuelto.<\/p>\n<p>\u2013 Desarme \u00abquiz\u00e1 violento\u00bb \u2013<\/p>\n<p>La guerra en Gaza, desencadenada por el ataque de Ham\u00e1s a suelo israel\u00ed el 7 de octubre de 2023, provoc\u00f3 una cat\u00e1strofe humanitaria en el territorio palestino, que fue asediado por Israel.<\/p>\n<p>A finales de agosto, Naciones Unidas declar\u00f3 algunas zonas de Gaza en hambruna, una consideraci\u00f3n que Israel rechaza.<\/p>\n<p>La reanudaci\u00f3n de la entrada de ayuda humanitaria figura en el plan de 20 puntos del presidente estadounidense Donald Trump para el estrecho territorio.\u00a0<\/p>\n<p>Otro punto es el desarme de Ham\u00e1s, una exigencia rechazada por el grupo islamista, que gobierna Gaza desde 2007.<\/p>\n<p>El movimiento refuerza actualmente su control sobre las ciudades en ruinas del territorio, con una campa\u00f1a de represi\u00f3n en la que ejecuta a presuntos colaboradores.<\/p>\n<p>Ham\u00e1s public\u00f3 un video en su canal oficial en el que se ve la ejecuci\u00f3n en la calle de ocho supuestos sospechosos con los ojos vendados y arrodillados.\u00a0Las im\u00e1genes son aparentemente del lunes por la noche.<\/p>\n<p>En las \u00faltimas horas tambi\u00e9n se registraron enfrentamientos armados entre diversas unidades de seguridad de Ham\u00e1s y otros grupos palestinos armados, algunos de los cuales tendr\u00edan el respaldo de Israel.\u00a0<\/p>\n<p>\u00abNuestro mensaje es claro: no habr\u00e1 lugar para los forajidos ni para aquellos que amenacen la seguridad de los ciudadanos\u00bb, declar\u00f3 a la AFP una fuente de seguridad palestina en Gaza.<\/p>\n<p>La polic\u00eda armada del gobierno de Ham\u00e1s reanud\u00f3 las operaciones de patrullaje en las calles en el norte del territorio costero.<\/p>\n<p>Israel y Estados Unidos insisten en que el movimiento islamista no puede tener ning\u00fan papel en un futuro gobierno del enclave.\u00a0El plan de Trump establece que los miembros de Ham\u00e1s que acepten \u00abentregar sus armas\u00bb ser\u00e1n amnistiados.<\/p>\n<p>\u00abSi no se desarman, los desarmaremos nosotros\u00bb, declar\u00f3 Trump a los periodistas en la Casa Blanca un d\u00eda despu\u00e9s de visitar Oriente Medio para celebrar el alto el fuego en Gaza. \u00abY ser\u00e1 algo r\u00e1pido y quiz\u00e1 violento\u00bb.<\/p>\n<p>bur\/dc\/ser\/sag\/dbh\/hgs\/rnr<\/p>\n","protected":false},"excerpt":{"rendered":"afp_tickers Este contenido fue publicado en 15 octubre 2025 &#8211; 18:37 El paso de Rafah, en la frontera&hellip;\n","protected":false},"author":2,"featured_media":178802,"comment_status":"","ping_status":"","sticky":false,"template":"","format":"standard","meta":{"footnotes":""},"categories":[42],"tags":[17,18,636,13,14,11,61,62,63,64,19,20,9,10,15,16,90,12,21,22,65,66,67],"class_list":{"0":"post-178801","1":"post","2":"type-post","3":"status-publish","4":"format-standard","5":"has-post-thumbnail","7":"category-internacional","8":"tag-breaking-news","9":"tag-breakingnews","10":"tag-conflict","11":"tag-featured-news","12":"tag-featurednews","13":"tag-headlines","14":"tag-internacional","15":"tag-international","16":"tag-international-news","17":"tag-internationalnews","18":"tag-latest-news","19":"tag-latestnews","20":"tag-news","21":"tag-noticias","22":"tag-noticias-destacadas","23":"tag-noticiasdestacadas","24":"tag-ticker","25":"tag-titulares","26":"tag-ultimas-noticias","27":"tag-ultimasnoticias","28":"tag-world","29":"tag-world-news","30":"tag-worldnews"},"share_on_mastodon":{"url":"","error":""},"_links":{"self":[{"href":"https:\/\/www.europesays.com\/es\/wp-json\/wp\/v2\/posts\/178801","targetHints":{"allow":["GET"]}}],"collection":[{"href":"https:\/\/www.europesays.com\/es\/wp-json\/wp\/v2\/posts"}],"about":[{"href":"https:\/\/www.europesays.com\/es\/wp-json\/wp\/v2\/types\/post"}],"author":[{"embeddable":true,"href":"https:\/\/www.europesays.com\/es\/wp-json\/wp\/v2\/users\/2"}],"replies":[{"embeddable":true,"href":"https:\/\/www.europesays.com\/es\/wp-json\/wp\/v2\/comments?post=178801"}],"version-history":[{"count":0,"href":"https:\/\/www.europesays.com\/es\/wp-json\/wp\/v2\/posts\/178801\/revisions"}],"wp:featuredmedia":[{"embeddable":true,"href":"https:\/\/www.europesays.com\/es\/wp-json\/wp\/v2\/media\/178802"}],"wp:attachment":[{"href":"https:\/\/www.europesays.com\/es\/wp-json\/wp\/v2\/media?parent=178801"}],"wp:term":[{"taxonomy":"category","embeddable":true,"href":"https:\/\/www.europesays.com\/es\/wp-json\/wp\/v2\/categories?post=178801"},{"taxonomy":"post_tag","embeddable":true,"href":"https:\/\/www.europesays.com\/es\/wp-json\/wp\/v2\/tags?post=178801"}],"curies":[{"name":"wp","href":"https:\/\/api.w.org\/{rel}","templated":true}]}}