{"id":178821,"date":"2025-10-15T16:54:10","date_gmt":"2025-10-15T16:54:10","guid":{"rendered":"https:\/\/www.europesays.com\/es\/178821\/"},"modified":"2025-10-15T16:54:10","modified_gmt":"2025-10-15T16:54:10","slug":"el-patronato-de-urdaibai-inicia-el-proceso-para-incorporar-al-grupo-contrario-al-guggenheim","status":"publish","type":"post","link":"https:\/\/www.europesays.com\/es\/178821\/","title":{"rendered":"El Patronato de Urdaibai inicia el proceso para incorporar al grupo contrario al Guggenheim"},"content":{"rendered":"<p class=\"v-mdl-ath__p v-mdl-ath__p--6\">\nMi\u00e9rcoles, 15 de octubre 2025, 00:57<\/p>\n<p class=\"v-p\">El Consejo de Cooperaci\u00f3n del Patronato de Urdaibai fue informado en su \u00faltimo encuentro celebrado ayer por la tarde en la Torre Madariaga de Busturia del inicio del tr\u00e1mite para la incorporaci\u00f3n de la plataforma Guggenheim Urdaibai Stop (GUS), contraria al proyecto del museo bic\u00e9falo previsto en Murueta y Gernika, como nuevo miembro de este \u00f3rgano consultivo. La petici\u00f3n lanzada por el grupo en mayo de 2024 cumple los requisitos exigidos para participar en el foro de representaci\u00f3n ciudadana de la \u00fanica Reserva de la Biosfera de Euskadi.<\/p>\n<p class=\"v-p\">La aprobaci\u00f3n, sin embargo, no implica todav\u00eda la entrada efectiva de GUS en el Patronato de Urdaibai, el \u00f3rgano ejecutivo encargado de la gesti\u00f3n del enclave natural protegido. Para formalizar su admisi\u00f3n y someterla a votaci\u00f3n, sin embargo, habr\u00e1 que esperar antes a que se nombre al presidente o presidenta Patronato de Urdaibai, un cargo que contin\u00faa vacante y cuya designaci\u00f3n corresponde al Gobierno vasco. Todo apunta a que su designaci\u00f3n se llevar\u00e1 a cabo en la pr\u00f3xima reuni\u00f3n del \u00f3rgano ejecutivo, prevista para el pr\u00f3ximo d\u00eda 29. <\/p>\n<p class=\"v-p\">De hecho, la plataforma Guggenheim Urdaibai Stop solicit\u00f3 su ingreso en el Consejo de Cooperaci\u00f3n en mayo de 2024 y, ante la falta de respuesta por parte del patronato, remiti\u00f3 una segunda carta para conocer el estado del expediente. \u00abPero nos comunicaron que hasta la designaci\u00f3n del presidente no se podr\u00eda tramitar\u00bb, aclararon fuentes del grupo que se opone a la construcci\u00f3n del museo bic\u00e9falo en Urdaibai. <\/p>\n<p class=\"v-p\">La reuni\u00f3n del Consejo de Cooperaci\u00f3n de ayer sirvi\u00f3 tambi\u00e9n para reactivar su actividad ya que no se reun\u00eda \u00abdesde hace caso un a\u00f1o y medio; 17 meses\u00bb, concretaron molestos representantes de los diferentes colectivos que conforman el grupo y que rozan la quincena. En su \u00faltima sesi\u00f3n de ayer, sin embargo, resalt\u00f3 la poca participaci\u00f3n de los mismos ya que apenas se sentaron a la mesa para debatir el orden del d\u00eda Zain Dezagun Urdaibai, Apicultores de Bizkaia, Gernikazarra, Gernika Gogoratuz, Urremendi, la asociaci\u00f3n de embarcaciones de recreo de Portuondo y el sindicato Comisiones Obreras (CCOO) que destacaron la necesidad de recuperar la participaci\u00f3n y el debate sobre la gesti\u00f3n de Urdaibai. <\/p>\n<p class=\"v-p\">El Patronato de Urdaibai, adscrito al Departamento de Medio Ambiente del Gobierno vasco, arrastra un largo periodo de inactividad institucional. En los \u00faltimos meses se han producido varios cambios: Joseba Santorum asumi\u00f3 en febrero la direcci\u00f3n interina de la reserva, tras la marcha de Nicol\u00e1s Garc\u00eda-Borreguero, y el regreso del PNV a la gesti\u00f3n ambiental con el nuevo lehendakari Imanol Pradales ha abierto una nueva etapa del \u00f3rgano.<\/p>\n<p>Reporta un error<\/p>\n","protected":false},"excerpt":{"rendered":"Mi\u00e9rcoles, 15 de octubre 2025, 00:57 El Consejo de Cooperaci\u00f3n del Patronato de Urdaibai fue informado en su&hellip;\n","protected":false},"author":2,"featured_media":178822,"comment_status":"","ping_status":"","sticky":false,"template":"","format":"standard","meta":{"footnotes":""},"categories":[173],"tags":[229,233,231,230,23138,232,234,146,147,25,24,100,983,50998,6683,50997,8626,23,984],"class_list":{"0":"post-178821","1":"post","2":"type-post","3":"status-publish","4":"format-standard","5":"has-post-thumbnail","7":"category-arte-y-diseno","8":"tag-arte","9":"tag-arte-y-diseno","10":"tag-arts","11":"tag-arts-and-design","12":"tag-contrario","13":"tag-design","14":"tag-diseno","15":"tag-entertainment","16":"tag-entretenimiento","17":"tag-es","18":"tag-espana","19":"tag-grupo","20":"tag-guggenheim","21":"tag-incorporar","22":"tag-inicia","23":"tag-patronato","24":"tag-proceso","25":"tag-spain","26":"tag-urdaibai"},"share_on_mastodon":{"url":"","error":""},"_links":{"self":[{"href":"https:\/\/www.europesays.com\/es\/wp-json\/wp\/v2\/posts\/178821","targetHints":{"allow":["GET"]}}],"collection":[{"href":"https:\/\/www.europesays.com\/es\/wp-json\/wp\/v2\/posts"}],"about":[{"href":"https:\/\/www.europesays.com\/es\/wp-json\/wp\/v2\/types\/post"}],"author":[{"embeddable":true,"href":"https:\/\/www.europesays.com\/es\/wp-json\/wp\/v2\/users\/2"}],"replies":[{"embeddable":true,"href":"https:\/\/www.europesays.com\/es\/wp-json\/wp\/v2\/comments?post=178821"}],"version-history":[{"count":0,"href":"https:\/\/www.europesays.com\/es\/wp-json\/wp\/v2\/posts\/178821\/revisions"}],"wp:featuredmedia":[{"embeddable":true,"href":"https:\/\/www.europesays.com\/es\/wp-json\/wp\/v2\/media\/178822"}],"wp:attachment":[{"href":"https:\/\/www.europesays.com\/es\/wp-json\/wp\/v2\/media?parent=178821"}],"wp:term":[{"taxonomy":"category","embeddable":true,"href":"https:\/\/www.europesays.com\/es\/wp-json\/wp\/v2\/categories?post=178821"},{"taxonomy":"post_tag","embeddable":true,"href":"https:\/\/www.europesays.com\/es\/wp-json\/wp\/v2\/tags?post=178821"}],"curies":[{"name":"wp","href":"https:\/\/api.w.org\/{rel}","templated":true}]}}