{"id":178825,"date":"2025-10-15T16:56:08","date_gmt":"2025-10-15T16:56:08","guid":{"rendered":"https:\/\/www.europesays.com\/es\/178825\/"},"modified":"2025-10-15T16:56:08","modified_gmt":"2025-10-15T16:56:08","slug":"silvia-intxaurrondo-destaca-el-45-de-la-hora-de-la-1-en-madrid-donde-quintuplica-a-telecinco","status":"publish","type":"post","link":"https:\/\/www.europesays.com\/es\/178825\/","title":{"rendered":"Silvia Intxaurrondo destaca el 45% de &#8216;La hora de La 1&#8217; en Madrid, donde quintuplica a Telecinco"},"content":{"rendered":"<p class=\"article-text\">\n        Las <strong>audiencias <\/strong>de nuestra televisi\u00f3n contin\u00faan generando reacciones, m\u00e1xime teniendo en cuenta el <a href=\"https:\/\/www.eldiario.es\/vertele\/audiencias-tv\/la-1-rtve-dispara-audiencias-radiografia-explosivo-auge-programas-diarios_1_12679932.html\" target=\"_blank\" data-mrf-recirculation=\"links-noticia\" class=\"link\" rel=\"nofollow noopener\">ascenso exponencial<\/a> que <strong>RTVE <\/strong>est\u00e1 viviendo en carnes propias. Impensable era hace escasos dos a\u00f1os que<strong> La 1<\/strong> pudiese coronarse en una jornada regular, y much\u00edsimo menos que el t\u00edtulo de &#8216;<strong>Reina de las ma\u00f1anas<\/strong>&#8216; quedase en manos de la p\u00fablica. En este contexto, la propia <strong>Silvia Intxaurrondo<\/strong> ha puesto la lupa en los \u00edndices durante la jornada del mi\u00e9rcoles, 15 de octubre, para presumir del enorme rendimiento de <strong>La hora de La 1<\/strong><strong> <\/strong>en la <strong>Comunidad de Madrid<\/strong>.\n    <\/p>\n<p>    <a href=\"https:\/\/www.eldiario.es\/vertele\/audiencias-tv\/tardes-asi-va-lucha-revolucion-fulgurante-crecimiento-rtve-la-1-antena-3-telecinco-directo-al-grano-sonsoles-pasapalabra-el-tiempo-justo_1_12663713.html\" data-mrf-recirculation=\"saber-mas\" data-dl-event=\"saber-mas\" rel=\"nofollow noopener\" target=\"_blank\"><\/p>\n<p class=\"know-more__title\">As\u00ed va la lucha por las audiencias de las tardes, en plena revoluci\u00f3n por el fulgurante crecimiento de RTVE<\/p>\n<p>            <img decoding=\"async\" class=\"lazy\" loading=\"lazy\" data-src=\"https:\/\/static.eldiario.es\/clip\/c06cd838-928e-4d6e-a532-2a86115139bb_16-9-aspect-ratio_default_0.jpg\" src=\"data:image\/svg+xml,%3Csvg xmlns=\" http:=\"\" viewbox=\"0 0 880 495\" alt=\"As\u00ed va la lucha por las audiencias de las tardes, en plena revoluci\u00f3n por el fulgurante crecimiento de RTVE\"\/><\/p>\n<p>                        <\/a><\/p>\n<p class=\"article-text\">\n        A modo de contexto, <strong>Kantar Media <\/strong>ofrece cada d\u00eda los datos de audiencia <strong>segmentados en las regiones<\/strong> que componen el pa\u00eds y una denominada \u201cresto\u201d. De este modo, se puede conocer si un formato tiene m\u00e1s \u00e9xito en unos lugares que en otros, adem\u00e1s de establecer comparaciones en estricta coincidencia con formatos que emiten los canales auton\u00f3micos. El panel de la compa\u00f1\u00eda registra el comportamiento de los espectadores en <strong>15 \u00e1mbitos territoriales<\/strong>, siendo la Comunidad de Madrid uno de ellos.\n    <\/p>\n<p class=\"article-text\">\n        De los <strong>5.920 aud\u00edmetros<\/strong> que se reparten a lo largo y ancho de la geograf\u00eda espa\u00f1ola, <strong>550 se ubican en la capital<\/strong>. Esta cantidad de herramientas de medici\u00f3n representan a una poblaci\u00f3n total de <strong>6.738.897 personas<\/strong>. El reparto se elige con el fin de que la muestra en cuesti\u00f3n sea representativa de toda la sociedad espa\u00f1ola, siendo clave otros par\u00e1metros como el sexo, la edad, en n\u00famero de personas que componen esa familia en concreto o la clase social, entre otros.\n    <\/p>\n<p class=\"article-text\">\n        Una vez comprendida la coyuntura, se procede a exponer el comentario p\u00fablico de <strong>Silvia Intxaurrondo<\/strong>. La periodista ha destacado el resultado de La Hora de La 1 a trav\u00e9s de sus <strong>redes sociales<\/strong>, con un \u201c<strong>gracias<\/strong>\u201d dedicado a sus seguidores en la Comunidad de Madrid. En la regi\u00f3n, el espacio matinal de RTVE firm\u00f3 un<strong> 45.1% de cuota <\/strong>y coloc\u00e1ndose alrededor de los 120.000 espectadores. La emisi\u00f3n del programa en <strong>simulcast <\/strong>\u2014La 1 y Canal 24 Horas\u2014 escal\u00f3 hasta el<strong> 47.7%<\/strong> de share.\n    <\/p>\n<blockquote class=\"twitter-tweet\" data-lang=\"es\"><p><a href=\"https:\/\/twitter.com\/X\/status\/1978434805231489345?ref_src=twsrc%5Etfw\" rel=\"nofollow noopener\" target=\"_blank\"><\/p><\/blockquote>\n<p>    Silvia Intxaurrondo detalla las audiencias en coincidencia<\/p>\n<p class=\"article-text\">\n        La presentadora ha destacado tambi\u00e9n las audiencias en<strong> estricta coincidencia<\/strong>, de nuevo centrada en la Comunidad de Madrid, aventajando a sus competidores principales.\n    <\/p>\n<p>    <a href=\"https:\/\/www.eldiario.es\/vertele\/audiencias-tv\/la-1-rtve-dispara-audiencias-radiografia-explosivo-auge-programas-diarios_1_12679932.html\" data-mrf-recirculation=\"saber-mas-abajo\" data-dl-event=\"saber-mas-abajo\" rel=\"nofollow noopener\" target=\"_blank\"><\/p>\n<p class=\"know-more__title\">La 1 dispara sus audiencias: radiograf\u00eda del explosivo auge de sus programas diarios en RTVE\n<\/p>\n<p>            <img decoding=\"async\" class=\"lazy\" loading=\"lazy\" data-src=\"https:\/\/static.eldiario.es\/clip\/0b40740a-04a9-489b-a114-ba6d7e0578d3_16-9-aspect-ratio_default_0.jpg\" src=\"data:image\/svg+xml,%3Csvg xmlns=\" http:=\"\" viewbox=\"0 0 880 495\" alt=\"La 1 dispara sus audiencias: radiograf\u00eda del explosivo auge de sus programas diarios en RTVE\"\/><\/p>\n<p>                        <\/a><\/p>\n<ul>\n<li><strong>laSexta <\/strong>(Aruser@s: El humoring + Aruser@s): <strong>12.3%<\/strong><\/li>\n<li><strong>Antena 3<\/strong> (Noticias de la ma\u00f1ana + Espejo P\u00fablico): <strong>10.5%<\/strong><\/li>\n<li><strong>Telecinco<\/strong> (Informativos Telecinco Matinal + La mirada cr\u00edtica + El programa de AR): <strong>8.7%<\/strong><\/li>\n<\/ul>\n<p class=\"article-text\">\n        Cabe mencionar que estas audiencias se corresponden con la emisi\u00f3n de La hora de La 1 que tuvo lugar el pasado <a href=\"https:\/\/www.eldiario.es\/vertele\/audiencias-tv\/martes-14-octubre-2025-gran-dia-la-1-espana-la-revuelta-prime-time-record-silvia-intxaurrondo_1_12684492.html\" target=\"_blank\" data-mrf-recirculation=\"links-noticia\" class=\"link\" rel=\"nofollow noopener\">lunes 13 de octubre<\/a>. <strong>A nivel nacional<\/strong>, el espacio de RTVE se apunt\u00f3 <strong>r\u00e9cord de temporada<\/strong> al firmar un <strong>22.3% y 399.000 <\/strong>seguidores. Haciendo t\u00e1ndem con Ma\u00f1aneros 360, la principal cadena estatal de nuestro pa\u00eds volvi\u00f3 a hacerse con el control de la franja matinal (18.6%) de nuestra televisi\u00f3n.\n    <\/p>\n<p>                                <script async src=\"https:\/\/platform.twitter.com\/widgets.js\" charset=\"utf-8\"><\/script><\/p>\n","protected":false},"excerpt":{"rendered":"Las audiencias de nuestra televisi\u00f3n contin\u00faan generando reacciones, m\u00e1xime teniendo en cuenta el ascenso exponencial que RTVE est\u00e1&hellip;\n","protected":false},"author":2,"featured_media":178826,"comment_status":"","ping_status":"","sticky":false,"template":"","format":"standard","meta":{"footnotes":""},"categories":[171],"tags":[3099,18596,1072,146,147,25,24,1458,39327,205,25439,15615,23,692,214],"class_list":{"0":"post-178825","1":"post","2":"type-post","3":"status-publish","4":"format-standard","5":"has-post-thumbnail","7":"category-tv","8":"tag-3099","9":"tag-18596","10":"tag-destaca","11":"tag-entertainment","12":"tag-entretenimiento","13":"tag-es","14":"tag-espana","15":"tag-hora","16":"tag-intxaurrondo","17":"tag-madrid","18":"tag-quintuplica","19":"tag-silvia","20":"tag-spain","21":"tag-telecinco","22":"tag-tv"},"share_on_mastodon":{"url":"","error":""},"_links":{"self":[{"href":"https:\/\/www.europesays.com\/es\/wp-json\/wp\/v2\/posts\/178825","targetHints":{"allow":["GET"]}}],"collection":[{"href":"https:\/\/www.europesays.com\/es\/wp-json\/wp\/v2\/posts"}],"about":[{"href":"https:\/\/www.europesays.com\/es\/wp-json\/wp\/v2\/types\/post"}],"author":[{"embeddable":true,"href":"https:\/\/www.europesays.com\/es\/wp-json\/wp\/v2\/users\/2"}],"replies":[{"embeddable":true,"href":"https:\/\/www.europesays.com\/es\/wp-json\/wp\/v2\/comments?post=178825"}],"version-history":[{"count":0,"href":"https:\/\/www.europesays.com\/es\/wp-json\/wp\/v2\/posts\/178825\/revisions"}],"wp:featuredmedia":[{"embeddable":true,"href":"https:\/\/www.europesays.com\/es\/wp-json\/wp\/v2\/media\/178826"}],"wp:attachment":[{"href":"https:\/\/www.europesays.com\/es\/wp-json\/wp\/v2\/media?parent=178825"}],"wp:term":[{"taxonomy":"category","embeddable":true,"href":"https:\/\/www.europesays.com\/es\/wp-json\/wp\/v2\/categories?post=178825"},{"taxonomy":"post_tag","embeddable":true,"href":"https:\/\/www.europesays.com\/es\/wp-json\/wp\/v2\/tags?post=178825"}],"curies":[{"name":"wp","href":"https:\/\/api.w.org\/{rel}","templated":true}]}}