{"id":178829,"date":"2025-10-15T16:58:11","date_gmt":"2025-10-15T16:58:11","guid":{"rendered":"https:\/\/www.europesays.com\/es\/178829\/"},"modified":"2025-10-15T16:58:11","modified_gmt":"2025-10-15T16:58:11","slug":"me-buscaba-la-vida-en-la-calle","status":"publish","type":"post","link":"https:\/\/www.europesays.com\/es\/178829\/","title":{"rendered":"Me buscaba la vida en la calle"},"content":{"rendered":"<p id=\"eTAA9jOWxx\" data-wc=\"103\">Este viernes 17 de octubre llega a la gran pantalla &#8216;La Deuda&#8217;, la pel\u00edcula <strong>escrita, dirigida y protagonizada por Daniel Guzm\u00e1n<\/strong> que inaugur\u00f3 el \u00faltimo Festival de M\u00e1laga. El actor, conocido por sus diferentes papeles en series como Aqu\u00ed no hay quien viva, asisti\u00f3 a La Revuelta\u00a0para promocionar este drama social que trata una de las problem\u00e1ticas actuales que afecta sobre todo a los j\u00f3venes: el <strong>acceso a una vivienda digna y la precariedad,<\/strong> entre otras cuestiones. Un proyecto en el que tambi\u00e9n aparecen <strong>actores como Itziar Itu\u00f1o, Susana Abaitua o<\/strong><a class=\"hm-link ho-link\" href=\"https:\/\/www.hola.com\/actualidad\/20250118740985\/luis-tosar-asi-es-familia-luisa-mayol\/\" data-mrf-recirculation=\"article-body-link\" rel=\"nofollow noopener\" target=\"_blank\">\u00a0Luis Tosar<\/a>, y que supone el tercer filme de Daniel Guzm\u00e1n.\u00a0<\/p>\n<p> <img src=\"https:\/\/www.europesays.com\/es\/wp-content\/uploads\/2025\/10\/bef619563d82-564544117179009373422969825253848569936088744n.jpg\"   width=\"819\" height=\"1024\" loading=\"lazy\" decoding=\"async\" alt=\"Daniel Guzm\u00e1n hablando con Broncano\" fetchpriority=\"auto\" class=\"image ho-image\"\/>\u00a9 RTVE<\/p>\n<p id=\"efRyxdolcH\" data-wc=\"158\">La Deuda nos cuenta la historia de Lucas (interpretado por <strong>Daniel Guzm\u00e1n<\/strong>), un chico de 47 a\u00f1os que intenta conseguir dinero de cualquier forma para pagar una deuda que amenaza a Antonia (interpretada por <strong>Rosario Garc\u00eda<\/strong>), una anciana que convive con Lucas en un piso c\u00e9ntrico. \u00ab<strong>Es una pel\u00edcula muy emocional<\/strong> que intenta buscar la luz en personas que lo tienen dif\u00edcil\u00bb aseguraba. El actor tambi\u00e9n habl\u00f3 sobre las dificultades que tuvo de joven para salir adelante \u00abdesde los 14, cuando mis padres se separaron, hasta los 20, <strong>yo me buscaba la vida en la calle<\/strong>\u00bb adem\u00e1s de mencionar los diferentes oficios que hab\u00eda tenido antes de dedicarse al mundo del cine. <a class=\"hm-link ho-link\" href=\"https:\/\/www.hola.com\/actualidad\/20250826852077\/veronica-echegui-daniel-guzman-enfermedad\/\" data-mrf-recirculation=\"article-body-link\" rel=\"nofollow noopener\" target=\"_blank\">Daniel Guzm\u00e1n<\/a> confes\u00f3 que hab\u00eda trabajado varios veranos como alba\u00f1il e incluso dentro del mundo de la hosteler\u00eda, puestos de trabajo que defini\u00f3 como muy duros y sacrificados. \u00ab<strong>Mi padre me obligaba a trabaja<\/strong><strong>r<\/strong> para que entendiera el valor de estudiar\u00bb confesaba el actor entre risas.<\/p>\n<p> <img src=\"https:\/\/www.europesays.com\/es\/wp-content\/uploads\/2025\/10\/f3cdba8a550b-daniel-guzman-broncano.jpg\"   width=\"819\" height=\"1024\" loading=\"lazy\" decoding=\"async\" alt=\"Daniel Guzm\u00e1n y David Broncano en 'La Revuelta' \" fetchpriority=\"auto\" class=\"image ho-image\"\/>\u00a9 RTVE<\/p>\n<p id=\"etUMfRhJErz\" data-wc=\"102\">La pel\u00edcula tambi\u00e9n da protagonismo a la situaci\u00f3n de los ancianos, un <strong>tema recurrente en el cine de Guzm\u00e1n<\/strong> por su cercana relaci\u00f3n con su abuela, un factor fundamental en la construcci\u00f3n de la personalidad del director. \u00abMe hizo entender la educaci\u00f3n, la empat\u00eda y el respeto\u00bb afirmaba. Tras la promoci\u00f3n del filme, <a class=\"hm-link ho-link\" href=\"https:\/\/www.hola.com\/actualidad\/20250907854336\/david-broncano-de-rubio-el-cambio-de-look\/\" data-mrf-recirculation=\"article-body-link\" rel=\"nofollow noopener\" target=\"_blank\">David Broncano<\/a> ha pasado a la parte final donde se pone a los invitados en una tesitura comprometida. Fiel al formato, Daniel Guzm\u00e1n se enfrentaba a la pregunta cl\u00e1sica relacionada con el dinero y aludi\u00f3 a que estaba atravesando dificultades econ\u00f3micas debido a la realizaci\u00f3n de esta pel\u00edcula independiente<\/p>\n<p> <img src=\"https:\/\/www.europesays.com\/es\/wp-content\/uploads\/2025\/10\/b3e2d396fa1e-565061944179009373302969825779224691668032233n.jpg\"   width=\"819\" height=\"1024\" loading=\"lazy\" decoding=\"async\" alt=\"Daniel Guzm\u00e1n en 'La Revuelta' \" fetchpriority=\"auto\" class=\"image ho-image\"\/>\u00a9 RTVE<\/p>\n","protected":false},"excerpt":{"rendered":"Este viernes 17 de octubre llega a la gran pantalla &#8216;La Deuda&#8217;, la pel\u00edcula escrita, dirigida y protagonizada&hellip;\n","protected":false},"author":2,"featured_media":178830,"comment_status":"","ping_status":"","sticky":false,"template":"","format":"standard","meta":{"footnotes":""},"categories":[169],"tags":[517,177,146,147,25,24,176,175,23,807],"class_list":{"0":"post-178829","1":"post","2":"type-post","3":"status-publish","4":"format-standard","5":"has-post-thumbnail","7":"category-cine","8":"tag-actualidad","9":"tag-cine","10":"tag-entertainment","11":"tag-entretenimiento","12":"tag-es","13":"tag-espana","14":"tag-film","15":"tag-movies","16":"tag-spain","17":"tag-television"},"share_on_mastodon":{"url":"","error":""},"_links":{"self":[{"href":"https:\/\/www.europesays.com\/es\/wp-json\/wp\/v2\/posts\/178829","targetHints":{"allow":["GET"]}}],"collection":[{"href":"https:\/\/www.europesays.com\/es\/wp-json\/wp\/v2\/posts"}],"about":[{"href":"https:\/\/www.europesays.com\/es\/wp-json\/wp\/v2\/types\/post"}],"author":[{"embeddable":true,"href":"https:\/\/www.europesays.com\/es\/wp-json\/wp\/v2\/users\/2"}],"replies":[{"embeddable":true,"href":"https:\/\/www.europesays.com\/es\/wp-json\/wp\/v2\/comments?post=178829"}],"version-history":[{"count":0,"href":"https:\/\/www.europesays.com\/es\/wp-json\/wp\/v2\/posts\/178829\/revisions"}],"wp:featuredmedia":[{"embeddable":true,"href":"https:\/\/www.europesays.com\/es\/wp-json\/wp\/v2\/media\/178830"}],"wp:attachment":[{"href":"https:\/\/www.europesays.com\/es\/wp-json\/wp\/v2\/media?parent=178829"}],"wp:term":[{"taxonomy":"category","embeddable":true,"href":"https:\/\/www.europesays.com\/es\/wp-json\/wp\/v2\/categories?post=178829"},{"taxonomy":"post_tag","embeddable":true,"href":"https:\/\/www.europesays.com\/es\/wp-json\/wp\/v2\/tags?post=178829"}],"curies":[{"name":"wp","href":"https:\/\/api.w.org\/{rel}","templated":true}]}}