{"id":178831,"date":"2025-10-15T16:59:08","date_gmt":"2025-10-15T16:59:08","guid":{"rendered":"https:\/\/www.europesays.com\/es\/178831\/"},"modified":"2025-10-15T16:59:08","modified_gmt":"2025-10-15T16:59:08","slug":"frenkie-de-jong-resiste-las-embestidas-del-barcelona-y-firma-hasta-2029-futbol-deportes","status":"publish","type":"post","link":"https:\/\/www.europesays.com\/es\/178831\/","title":{"rendered":"Frenkie De Jong resiste las embestidas del Barcelona y firma hasta 2029 | F\u00fatbol | Deportes"},"content":{"rendered":"<p class=\"\"><a href=\"https:\/\/elpais.com\/deportes\/futbol\/2025-03-05\/cuando-hansi-flick-encontro-su-barca.html\" target=\"_blank\" rel=\"noreferrer nofollow noopener\" title=\"https:\/\/elpais.com\/deportes\/futbol\/2025-03-05\/cuando-hansi-flick-encontro-su-barca.html\">Frenkie de Jong<\/a> estar\u00e1 ligado al Barcelona hasta 2029. \u00c9xito de Deco, sin duda de Hansi Flick, pero, sobre todas las cosas, del neerland\u00e9s. \u201cComo siempre he dicho, siempre he so\u00f1ado con jugar en el Bar\u00e7a. Y ahora que estoy viviendo ese sue\u00f1o, quiero estirarlo muchos a\u00f1os m\u00e1s. Me encuentro muy bien en el club, en la ciudad, con los compa\u00f1eros y con la junta directiva\u201d, subray\u00f3 De Jong. No fue dif\u00edcil, para \u00e9l, la decisi\u00f3n de estirar su v\u00ednculo con el Barcelona por tres temporadas m\u00e1s. S\u00ed lo fue, en cambio, la transici\u00f3n: el neerland\u00e9s pas\u00f3 de ser el jugador del futuro de la junta de Josep Maria Bartomeu a sufrir al aparato medi\u00e1tico de Joan Laporta y compa\u00f1\u00eda, dispuesto a sacarlo del club. De Jong resisti\u00f3. \u201cPor mucho ruido que hubiera a su alrededor, \u00e9l siempre tuvo claro qu\u00e9 se quer\u00eda\u201d, destacan desde el entorno del futbolista. As\u00ed lo hizo.<\/p>\n<p>M\u00e1s informaci\u00f3n<\/p>\n<p class=\"\"><a href=\"https:\/\/elpais.com\/deportes\/futbol\/2025-10-09\/joan-laporta-se-aleja-de-la-superliga-queremos-que-haya-un-acuerdo-y-volvamos-a-la-uefa.html\" target=\"_blank\" rel=\"noreferrer nofollow noopener\" title=\"https:\/\/elpais.com\/deportes\/futbol\/2025-10-09\/joan-laporta-se-aleja-de-la-superliga-queremos-que-haya-un-acuerdo-y-volvamos-a-la-uefa.html\">La llegada de Laporta a la presidencia parec\u00eda destinada<\/a> a borrar a De Jong del Barcelona. El neerland\u00e9s no solo era fichaje de Bartomeu, sino que tambi\u00e9n hab\u00eda firmado el aplazamiento de la mayor parte de su contrato durante el COVID. Es decir, hab\u00eda rebajado sustancialmente su salario en 2020 y 2021 para cobrar el diferido durante los a\u00f1os 2022, 2023, 2024, 2025 y 2026. \u201cDe Jong me gusta; lo que no me gustan son sus n\u00fameros. Ni los que tiene en el campo ni los que tiene en los despachos\u201d, sosten\u00edan, con m\u00e1s veneno que iron\u00eda, en el \u00e1rea deportiva que lideraba Mateu Alemany, hoy en el Atl\u00e9tico de Madrid. El club hasta amenaz\u00f3 con denunciar el contrato que hab\u00eda firmado con Bartomeu \u2014\u201chab\u00eda indicios de criminalidad\u201d, dec\u00edan\u2014 y organiz\u00f3 un par de off the record con la prensa para intentar forzar su salida a la Premier.<\/p>\n<p class=\"\">\u00c9l, mientras tanto, no dec\u00eda ni mu. No era calma, era resignaci\u00f3n. La llegada de Deco a la direcci\u00f3n deportiva le trajo cierta esperanza a De Jong. Una de las primeras decisiones que tom\u00f3 el actual director deportivo azulgrana fue la de intentar reunirse con su agente, Ali Dursun. Pero, para sorpresa de Frenkie y de Deco, las negociaciones no avanzaban. Al contrario, parec\u00eda que siempre estaban a punto de romperse. \u201c<a href=\"https:\/\/elpais.com\/deportes\/2022-08-08\/el-barca-ve-indicios-de-delito-en-las-renovaciones-de-de-jong-lenglet-pique-y-ter-stegen.html\" target=\"_blank\" rel=\"noreferrer nofollow noopener\" title=\"https:\/\/elpais.com\/deportes\/2022-08-08\/el-barca-ve-indicios-de-delito-en-las-renovaciones-de-de-jong-lenglet-pique-y-ter-stegen.html\">Dursun quer\u00eda que se fuera libre a Inglaterra para cobrar la comisi\u00f3n\u201d, alertaban desde el Barcelona.<\/a><\/p>\n<p class=\"\">Fue en ese momento cuando la alianza entre Dursun y De Jong comenz\u00f3 a resquebrajarse. \u201cNos parece bien que \u00e9l solo se quiera dedicar a jugar, pero en un momento tiene que abrir los ojos. Le afecta a \u00e9l\u201d, comentaban desde el club. Tanto le afect\u00f3 que, entre los problemas en el tobillo y el runr\u00fan de su elevado salario, la hinchada azulgrana lo comenz\u00f3 a pitar. \u201c\u00bfSe ha sentido infravalorado?\u201d, le cuestionaron este mi\u00e9rcoles a De Jong. \u201cNo, ni por mis compa\u00f1eros ni por el club. Eso es m\u00e1s cosa vuestra\u201d, dispar\u00f3. No enga\u00f1a: en el vestuario es uno de los preferidos; hasta el mismo Lamine Yamal lo eleva a la categor\u00eda de uno de sus mejores socios. Sus detractores, entonces, estaban fuera de la Ciudad Deportiva y no eran m\u00e1s que voceros de quienes lo quer\u00edan vender, sumado a alg\u00fan payaso medi\u00e1tico deseoso de m\u00e1s ruido.<\/p>\n<p class=\"\">Pero incluso hasta la tormenta necesita un segundo de calma para recordar por qu\u00e9 empez\u00f3 a rugir. Y esa calma lleg\u00f3 con Hansi Flick. De Jong record\u00f3 por qu\u00e9 era de los mejores jugadores de la plantilla y recuper\u00f3 el protagonismo en el campo. Mientras tanto Deco saldaba las facturas pendientes que el club ten\u00eda con Dursun. Liberado de su agente, a De Jong se lo peleaban los grandes representantes de Europa. Pero fiel a su estilo, se refugi\u00f3 en tres compatriotas suyos \u2014S\u00e9bastien Ledure, Woutser Janssens y Wendy Rommedahl\u2014 para que negociaran con Deco su nuevo contrato. \u201cNo voy a decir lo que voy a cobrar. Siempre se ha exagerado mucho y eso ha afectado c\u00f3mo la gente me ha visto; si la gente lee eso en los peri\u00f3dicos, que, si Frenkie es el mejor pagado, ha sido culpa vuestra. Yo estoy contento de haber renovado por el Bar\u00e7a\u201d, se defendi\u00f3 De Jong. Ocupar\u00e1, eso s\u00ed, el segundo escalaf\u00f3n de la escala salarial: por detr\u00e1s de Lamine Yamal, pero en la misma l\u00ednea que Raphinha y Pedri.<\/p>\n<p class=\"\">De Jong dom\u00f3 el ruido exterior como doma el juego en el campo y ya es el octavo extranjero con m\u00e1s partidos en el Bar\u00e7a (267): \u201cQuiero estar aqu\u00ed muchos a\u00f1os y ganar muchos t\u00edtulos; ahora mismo me ilusiona el proyecto deportivo con jugadores tan buenos y tan j\u00f3venes\u201d.<\/p>\n","protected":false},"excerpt":{"rendered":"Frenkie de Jong estar\u00e1 ligado al Barcelona hasta 2029. \u00c9xito de Deco, sin duda de Hansi Flick, pero,&hellip;\n","protected":false},"author":2,"featured_media":178832,"comment_status":"","ping_status":"","sticky":false,"template":"","format":"standard","meta":{"footnotes":""},"categories":[93],"tags":[1540,26426,168,1539,25,24,881,4970,282,1538,4467,23,167],"class_list":{"0":"post-178831","1":"post","2":"type-post","3":"status-publish","4":"format-standard","5":"has-post-thumbnail","7":"category-deportes","8":"tag-competiciones","9":"tag-de-jong","10":"tag-deportes","11":"tag-entrenadores","12":"tag-es","13":"tag-espana","14":"tag-fc-barcelona","15":"tag-flick","16":"tag-futbol","17":"tag-futbolistas","18":"tag-joan-laporta","19":"tag-spain","20":"tag-sports"},"share_on_mastodon":{"url":"","error":""},"_links":{"self":[{"href":"https:\/\/www.europesays.com\/es\/wp-json\/wp\/v2\/posts\/178831","targetHints":{"allow":["GET"]}}],"collection":[{"href":"https:\/\/www.europesays.com\/es\/wp-json\/wp\/v2\/posts"}],"about":[{"href":"https:\/\/www.europesays.com\/es\/wp-json\/wp\/v2\/types\/post"}],"author":[{"embeddable":true,"href":"https:\/\/www.europesays.com\/es\/wp-json\/wp\/v2\/users\/2"}],"replies":[{"embeddable":true,"href":"https:\/\/www.europesays.com\/es\/wp-json\/wp\/v2\/comments?post=178831"}],"version-history":[{"count":0,"href":"https:\/\/www.europesays.com\/es\/wp-json\/wp\/v2\/posts\/178831\/revisions"}],"wp:featuredmedia":[{"embeddable":true,"href":"https:\/\/www.europesays.com\/es\/wp-json\/wp\/v2\/media\/178832"}],"wp:attachment":[{"href":"https:\/\/www.europesays.com\/es\/wp-json\/wp\/v2\/media?parent=178831"}],"wp:term":[{"taxonomy":"category","embeddable":true,"href":"https:\/\/www.europesays.com\/es\/wp-json\/wp\/v2\/categories?post=178831"},{"taxonomy":"post_tag","embeddable":true,"href":"https:\/\/www.europesays.com\/es\/wp-json\/wp\/v2\/tags?post=178831"}],"curies":[{"name":"wp","href":"https:\/\/api.w.org\/{rel}","templated":true}]}}