{"id":178838,"date":"2025-10-15T17:03:09","date_gmt":"2025-10-15T17:03:09","guid":{"rendered":"https:\/\/www.europesays.com\/es\/178838\/"},"modified":"2025-10-15T17:03:09","modified_gmt":"2025-10-15T17:03:09","slug":"las-empresas-tecnologicas-de-la-region-de-murcia-visitan-gitex-global-dubai","status":"publish","type":"post","link":"https:\/\/www.europesays.com\/es\/178838\/","title":{"rendered":"Las empresas tecnol\u00f3gicas de la Regi\u00f3n de Murcia visitan &#8216;GITEX Global Dub\u00e1i&#8217;"},"content":{"rendered":"<p class=\"v-mdl-ath__p v-mdl-ath__p--6\">\nMi\u00e9rcoles, 15 de octubre 2025, 16:20<\/p>\n<p class=\"v-p\">La delegaci\u00f3n empresarial de la Regi\u00f3n de Murcia particip\u00f3 este mi\u00e9rcoles en la feria &#8216;GITEX Global&#8217;, uno de los \u00abmayores encuentros\u00bb tecnol\u00f3gicos del mundo, respresentano el ecosistema innovador de la Regi\u00f3n en los Emiratos \u00c1rabes Unidos. Durante la jornada, las empresas que participan en esta misi\u00f3n, las cuales son &#8216;startups&#8217;, pymes altamente innovadoras y centros tecnol\u00f3gicos punteros en soluciones digitales, inteligencia artificial y tecnolog\u00edas aplicadas a las ciudades inteligentes, as\u00ed como inversores, mantuvieron reuniones estrat\u00e9gicas con entidades como &#8216;Dubai Internet City&#8217; y &#8216;Dubai Municipality&#8217;, instituciones clave en la transformaci\u00f3n tecnol\u00f3gica, &#8216;smart cities&#8217; y tecnolog\u00edas disruptivas.<\/p>\n<p class=\"v-p\">La participaci\u00f3n en &#8216;GITEX Global&#8217; forma parte de la Misi\u00f3n Tecnol\u00f3gica a Dub\u00e1i 2025, organizada por la Consejer\u00eda de Empresa, Empleo y Econom\u00eda Social, a trav\u00e9s del Instituto de Fomento, que busca fortalecer la proyecci\u00f3n internacional del tejido innovador regional y atraer inversiones hacia la Regi\u00f3n. La consejera de Empresa, Empleo y Econom\u00eda Social, Marisa L\u00f3pez Arag\u00f3n, destac\u00f3 que \u00abla Regi\u00f3n de Murcia ha venido a Dub\u00e1i a mostrar su capacidad tecnol\u00f3gica, su talento y su visi\u00f3n global. Nuestras &#8216;startups&#8217; compiten al nivel de los principales polos de innovaci\u00f3n internacional, y esta misi\u00f3n abre la puerta a nuevas alianzas estrat\u00e9gicas con ecosistemas l\u00edderes en tecnolog\u00edas disruptivas\u00bb.<\/p>\n<p class=\"v-p\">El evento re\u00fane a m\u00e1s de 200.000 profesionales del sector tecnol\u00f3gico y a &#8216;startups&#8217; e inversores de m\u00e1s de 100 pa\u00edses, convirti\u00e9ndose en un escaparate mundial de innovaci\u00f3n en \u00e1reas como la inteligencia artificial, la ciberseguridad, la rob\u00f3tica o el metaverso.<\/p>\n<p>Reporta un error<\/p>\n","protected":false},"excerpt":{"rendered":"Mi\u00e9rcoles, 15 de octubre 2025, 16:20 La delegaci\u00f3n empresarial de la Regi\u00f3n de Murcia particip\u00f3 este mi\u00e9rcoles en&hellip;\n","protected":false},"author":2,"featured_media":178839,"comment_status":"","ping_status":"","sticky":false,"template":"","format":"standard","meta":{"footnotes":""},"categories":[80],"tags":[82,6802,95,94,2308,25,24,50999,4975,1478,6192,23,28618,2985],"class_list":{"0":"post-178838","1":"post","2":"type-post","3":"status-publish","4":"format-standard","5":"has-post-thumbnail","7":"category-economia","8":"tag-business","9":"tag-dubai","10":"tag-economia","11":"tag-economy","12":"tag-empresas","13":"tag-es","14":"tag-espana","15":"tag-gitex","16":"tag-global","17":"tag-murcia","18":"tag-region","19":"tag-spain","20":"tag-tecnologicas","21":"tag-visitan"},"share_on_mastodon":{"url":"","error":""},"_links":{"self":[{"href":"https:\/\/www.europesays.com\/es\/wp-json\/wp\/v2\/posts\/178838","targetHints":{"allow":["GET"]}}],"collection":[{"href":"https:\/\/www.europesays.com\/es\/wp-json\/wp\/v2\/posts"}],"about":[{"href":"https:\/\/www.europesays.com\/es\/wp-json\/wp\/v2\/types\/post"}],"author":[{"embeddable":true,"href":"https:\/\/www.europesays.com\/es\/wp-json\/wp\/v2\/users\/2"}],"replies":[{"embeddable":true,"href":"https:\/\/www.europesays.com\/es\/wp-json\/wp\/v2\/comments?post=178838"}],"version-history":[{"count":0,"href":"https:\/\/www.europesays.com\/es\/wp-json\/wp\/v2\/posts\/178838\/revisions"}],"wp:featuredmedia":[{"embeddable":true,"href":"https:\/\/www.europesays.com\/es\/wp-json\/wp\/v2\/media\/178839"}],"wp:attachment":[{"href":"https:\/\/www.europesays.com\/es\/wp-json\/wp\/v2\/media?parent=178838"}],"wp:term":[{"taxonomy":"category","embeddable":true,"href":"https:\/\/www.europesays.com\/es\/wp-json\/wp\/v2\/categories?post=178838"},{"taxonomy":"post_tag","embeddable":true,"href":"https:\/\/www.europesays.com\/es\/wp-json\/wp\/v2\/tags?post=178838"}],"curies":[{"name":"wp","href":"https:\/\/api.w.org\/{rel}","templated":true}]}}