{"id":17884,"date":"2025-08-01T06:08:10","date_gmt":"2025-08-01T06:08:10","guid":{"rendered":"https:\/\/www.europesays.com\/es\/17884\/"},"modified":"2025-08-01T06:08:10","modified_gmt":"2025-08-01T06:08:10","slug":"el-regreso-de-mcgregor-cerca-se-somete-a-un-test-antidopaje","status":"publish","type":"post","link":"https:\/\/www.europesays.com\/es\/17884\/","title":{"rendered":"El regreso de McGregor, cerca: se somete a un test antidopaje"},"content":{"rendered":"<p class=\"\">El <b>culebr\u00f3n del regreso de <\/b><a href=\"https:\/\/as.com\/noticias\/conor-anthony-mcgregor\/\" target=\"_self\" rel=\"nofollow noopener\" title=\"https:\/\/as.com\/noticias\/conor-anthony-mcgregor\/\"><b>Conor McGregor<\/b><\/a><b> <\/b>sigue. Tras un par\u00f3n de varios meses en el que el nombre del irland\u00e9s solo se ve\u00eda en titulares junto a pol\u00e9micas por casos fuera de la jaula, su vuelta a la competici\u00f3n podr\u00eda estar cerca. The Notorious comparti\u00f3 un v\u00eddeo en sus redes sociales en el que <b>asegura que est\u00e1 de vuelta en el circuito de pruebas antidopaje de la UFC <\/b>para poder pelear nuevamente. <\/p>\n<blockquote class=\"twitter-tweet\">\n<p lang=\"en\" dir=\"ltr\">Conor McGregor says he\u2019s officially back in the UFC\u2019s testing pool \ud83d\udc40<\/p>\n<p>\u201cI gave my first blood test, that\u2019s what the plaster is on my shoulder. I am ECSTATIC! I\u2019m in SHAPE!\u201d<\/p>\n<p>\ud83c\udfa5 <a href=\"https:\/\/twitter.com\/TheNotoriousMMA?ref_src=twsrc%5Etfw\" rel=\"nofollow noopener\" target=\"_blank\">@TheNotoriousMMA<\/a> <a href=\"https:\/\/t.co\/qEYz3Zq0MX\" rel=\"nofollow\">pic.twitter.com\/qEYz3Zq0MX<\/a><\/p>\n<p>\u2014 Championship Rounds (@ChampRDS) <a href=\"https:\/\/twitter.com\/ChampRDS\/status\/1950350396007825827?ref_src=twsrc%5Etfw\" rel=\"nofollow noopener\" target=\"_blank\">July 30, 2025<\/a><\/p><\/blockquote>\n<p class=\"\">\u201c<b>Me hice mi primer an\u00e1lisis de sangre, y eso es lo que significa la tirita en mi hombro.<\/b> \u00a1Estoy emocionado! \u00a1Estoy en forma!\u201d, grit\u00f3 el irland\u00e9s en el v\u00eddeo que comparti\u00f3. Con una especie de ba\u00f1ador azul y con <a href=\"https:\/\/as.com\/tikitakas\/videos\/mcgregor-vuelve-a-revolucionar-las-redes-con-su-nuevo-corte-de-pelo-lleva-mas-de-4m-de-visitas-v\/\" target=\"_self\" rel=\"nofollow noopener\" title=\"https:\/\/as.com\/tikitakas\/videos\/mcgregor-vuelve-a-revolucionar-las-redes-con-su-nuevo-corte-de-pelo-lleva-mas-de-4m-de-visitas-v\/\">un corte de pelo bastante estrafalario<\/a>, con una cresta y una barba larga. As\u00ed luc\u00eda McGregor, que <b>se\u00f1alaba la tirita en su brazo izquierdo<\/b> para luego ponerse a hacer sombra ante la c\u00e1mara. <\/p>\n<p class=\"\">Para poder competir en la UFC, <b>los peleadores tienen que someterse a unos test antidopaje peri\u00f3dicos para garantizar que est\u00e1n limpios<\/b>. Ese fue el primer problema que se encontr\u00f3 Conor cuando quiso regresar a la compa\u00f1\u00eda tras su dura lesi\u00f3n, en la que <a href=\"https:\/\/as.com\/masdeporte\/2021\/07\/11\/polideportivo\/1625980207_087081.html\" target=\"_self\" rel=\"nofollow noopener\" title=\"https:\/\/as.com\/masdeporte\/2021\/07\/11\/polideportivo\/1625980207_087081.html\">se parti\u00f3 la tibia en su tercera pelea con Dustin Poirier en 2021<\/a>. Sus problemas para ingresar le mantuvieron alejado de la jaula. <\/p>\n<p class=\"\">Tras varios intentos de volver, llegando incluso a anunciarse el combate y siendo baja el irland\u00e9s por romperse el dedo peque\u00f1o del pie izquierdo,<b> ya nadie conf\u00eda en los anuncios hasta que <\/b><b>The Notorious<\/b><b> est\u00e9 subido en el oct\u00e1gono<\/b> y suene la campana de inicio de la pelea. Seg\u00fan \u00e9l, est\u00e1 en proceso, pero lleva asegurando lo mismo desde hace un par de a\u00f1os. Habr\u00e1 que esperar hasta la confirmaci\u00f3n de Dana White y, <b>aun as\u00ed, seguir\u00eda siendo un riesgo. <\/b><\/p>\n<p>Noticias relacionadas<a href=\"https:\/\/as.com\/masdeporte\/polideportivo\/de-ridder-remonta-en-una-guerra-con-whittaker-n\/\" class=\"s_m_w\" title=\"El holand\u00e9s se impone por decisi\u00f3n dividida (48-47, 47-48 y 47-48) al neozeland\u00e9s en una pelea de infarto en el UFC Abu Dabi.\" data-tb-link=\"\" rel=\"nofollow noopener\" target=\"_blank\"><img decoding=\"async\" src=\"https:\/\/www.europesays.com\/es\/wp-content\/uploads\/2025\/08\/WXZCY2NCTFK25CAGFZBIYOSMIA.jpg\" alt=\"De Ridder remonta en una guerra con Whittaker\" class=\"\" height=\"1\" width=\"1\"   loading=\"lazy\" data-tb-thumbnail=\"\"\/><\/a><a href=\"https:\/\/as.com\/masdeporte\/polideportivo\/tsarukyan-se-burla-de-topuria-persiguiendo-un-pato-n\/\" class=\"s_m_w\" title=\"El armenio comparti\u00f3 un v\u00eddeo en sus redes sociales yendo detr\u00e1s de un pato, haciendo referencia a que el hispanogeorgiano est\u00e1 huyendo de \u00e9l.  \" data-tb-link=\"\" rel=\"nofollow noopener\" target=\"_blank\"><img decoding=\"async\" src=\"https:\/\/www.europesays.com\/es\/wp-content\/uploads\/2025\/08\/22676AS5EVCRVDMJZMPMJQL4I4.jpeg\" alt=\"Tsarukyan se burla de Topuria... \u00a1persiguiendo un pato!\" class=\"\" height=\"1\" width=\"1\"   loading=\"lazy\" data-tb-thumbnail=\"\"\/><\/a><\/p>\n<p class=\"\"><b>\u00a1Tus opiniones importan!<\/b> Comenta en los art\u00edculos y suscr\u00edbete gratis a nuestra <a href=\"https:\/\/asfan.as.com\/newsletters\/\" target=\"_blank\" rel=\"nofollow noopener\" title=\"https:\/\/asfan.as.com\/newsletters\/\">newsletter<\/a> y a las alertas informativas en la <a href=\"https:\/\/as.com\/aplicacion-de-as-n\/\" target=\"_blank\" rel=\"nofollow noopener\" title=\"https:\/\/as.com\/aplicacion-de-as-n\/\">App<\/a> o el canal de <a href=\"https:\/\/www.whatsapp.com\/channel\/0029VaAasdA7j6g745nz9M10\" target=\"_blank\" rel=\"nofollow noopener\" title=\"https:\/\/www.whatsapp.com\/channel\/0029VaAasdA7j6g745nz9M10\">WhatsApp<\/a>. <\/p>\n<p class=\"\">\u00bfBuscas licenciar contenido? Haz clic <a href=\"https:\/\/profesional.elpais.com\/soluciones-sindicacion?utm_medium=interno&amp;utm_source=crosslinking&amp;utm_campaign=sindicacion_as_pie_articulos\" target=\"_blank\" rel=\"nofollow noopener\" title=\"https:\/\/profesional.elpais.com\/soluciones-sindicacion?utm_medium=interno&amp;utm_source=crosslinking&amp;utm_campaign=sindicacion_as_pie_articulos\">aqu\u00ed<\/a><\/p>\n<p><script async src=\"https:\/\/platform.twitter.com\/widgets.js\" charset=\"utf-8\"><\/script><\/p>\n","protected":false},"excerpt":{"rendered":"El culebr\u00f3n del regreso de Conor McGregor sigue. Tras un par\u00f3n de varios meses en el que el&hellip;\n","protected":false},"author":2,"featured_media":17885,"comment_status":"","ping_status":"","sticky":false,"template":"","format":"standard","meta":{"footnotes":""},"categories":[276],"tags":[168,25,24,23,167,343],"class_list":{"0":"post-17884","1":"post","2":"type-post","3":"status-publish","4":"format-standard","5":"has-post-thumbnail","7":"category-ufc","8":"tag-deportes","9":"tag-es","10":"tag-espana","11":"tag-spain","12":"tag-sports","13":"tag-ufc"},"share_on_mastodon":{"url":"","error":""},"_links":{"self":[{"href":"https:\/\/www.europesays.com\/es\/wp-json\/wp\/v2\/posts\/17884","targetHints":{"allow":["GET"]}}],"collection":[{"href":"https:\/\/www.europesays.com\/es\/wp-json\/wp\/v2\/posts"}],"about":[{"href":"https:\/\/www.europesays.com\/es\/wp-json\/wp\/v2\/types\/post"}],"author":[{"embeddable":true,"href":"https:\/\/www.europesays.com\/es\/wp-json\/wp\/v2\/users\/2"}],"replies":[{"embeddable":true,"href":"https:\/\/www.europesays.com\/es\/wp-json\/wp\/v2\/comments?post=17884"}],"version-history":[{"count":0,"href":"https:\/\/www.europesays.com\/es\/wp-json\/wp\/v2\/posts\/17884\/revisions"}],"wp:featuredmedia":[{"embeddable":true,"href":"https:\/\/www.europesays.com\/es\/wp-json\/wp\/v2\/media\/17885"}],"wp:attachment":[{"href":"https:\/\/www.europesays.com\/es\/wp-json\/wp\/v2\/media?parent=17884"}],"wp:term":[{"taxonomy":"category","embeddable":true,"href":"https:\/\/www.europesays.com\/es\/wp-json\/wp\/v2\/categories?post=17884"},{"taxonomy":"post_tag","embeddable":true,"href":"https:\/\/www.europesays.com\/es\/wp-json\/wp\/v2\/tags?post=17884"}],"curies":[{"name":"wp","href":"https:\/\/api.w.org\/{rel}","templated":true}]}}