{"id":178850,"date":"2025-10-15T17:13:10","date_gmt":"2025-10-15T17:13:10","guid":{"rendered":"https:\/\/www.europesays.com\/es\/178850\/"},"modified":"2025-10-15T17:13:10","modified_gmt":"2025-10-15T17:13:10","slug":"heineken-celebra-la-formula-1-con-una-coleccion-inspirada-en-los-circuitos","status":"publish","type":"post","link":"https:\/\/www.europesays.com\/es\/178850\/","title":{"rendered":"Heineken celebra la F\u00f3rmula 1 con una colecci\u00f3n inspirada en los circuitos"},"content":{"rendered":"<p class=\"has-text-align-center\">Heineken Sud\u00e1frica present\u00f3 una colecci\u00f3n especial de botellas inspiradas en los circuitos m\u00e1s emblem\u00e1ticos de la F\u00f3rmula 1, una propuesta que combina dise\u00f1o, exclusividad y la emoci\u00f3n del deporte motor para conectar con los fan\u00e1ticos del automovilismo.<\/p>\n<p>Heineken contin\u00faa acelerando su v\u00ednculo con la F\u00f3rmula 1 al presentar en Sud\u00e1frica una nueva colecci\u00f3n que traslada la emoci\u00f3n de las pistas al universo del<strong> dise\u00f1o premium<\/strong>.<\/p>\n<p>La colecci\u00f3n incluye<strong> seis botellas de edici\u00f3n especial<\/strong> que rinden homenaje a los circuitos de Canad\u00e1, Espa\u00f1a, Pa\u00edses Bajos, Brasil, Gran Breta\u00f1a e Italia, pensadas para los coleccionistas y fan\u00e1ticos del automovilismo.<\/p>\n<p><a href=\"https:\/\/www.europesays.com\/es\/wp-content\/uploads\/2025\/10\/HKN-Racetrack-full-range-image.png\"><img loading=\"lazy\" decoding=\"async\" width=\"750\" height=\"750\" src=\"https:\/\/www.europesays.com\/es\/wp-content\/uploads\/2025\/10\/HKN-Racetrack-full-range-image.png\" alt=\"\" class=\"wp-image-145184\"  \/><\/a><\/p>\n<p>Por su parte, <strong>Alex Drake<\/strong>, director de marca de Heineken Sud\u00e1frica, se\u00f1al\u00f3 que \u201cesta campa\u00f1a es una celebraci\u00f3n global, con Heineken lanzando botellas para despertar la emoci\u00f3n y la pasi\u00f3n por la F\u00f3rmula 1, de una manera en la que nadie quede fuera. Con las botellas de edici\u00f3n especial, quisimos llevar la experiencia premium de la F1 al hogar, celebrando el deporte que todos conocemos y amamos\u201d.<\/p>\n<p>Asimismo, durante el festival <strong>Luxurious Marble Circus<\/strong> en Gauteng, Heineken present\u00f3 adem\u00e1s una <strong>versi\u00f3n exclusiva <\/strong>inspirada en la F1, destacada por su acabado refinado y su estructura esf\u00e9rica, s\u00edmbolo de innovaci\u00f3n y cuidado en cada detalle.<\/p>\n<p><a href=\"https:\/\/static.mercadonegro.pe\/wp-content\/uploads\/2025\/10\/15114902\/G2kGD42XIAAKOaJ.jpeg\" rel=\"nofollow noopener\" target=\"_blank\"><img loading=\"lazy\" decoding=\"async\" width=\"1024\" height=\"1024\" src=\"https:\/\/www.europesays.com\/es\/wp-content\/uploads\/2025\/10\/G2kGD42XIAAKOaJ-1024x1024.jpeg\" alt=\"\" class=\"wp-image-145182\"  \/><\/a><\/p>\n<p>Sobre ello,<strong> Warrick Wyngaard<\/strong>, gerente de comunicaci\u00f3n y marketing de Heineken Sud\u00e1frica, coment\u00f3 que \u201ccada detalle de esta botella es una perfecta declaraci\u00f3n de innovaci\u00f3n y artesan\u00eda\u2026 es un acabado puro, por dentro y por fuera\u201d.<\/p>\n<p><strong>Rumbo al World Tour en Ciudad del Cabo<\/strong><\/p>\n<p>El lanzamiento en el Luxurious Marble Circus marc\u00f3 s\u00f3lo el inicio de una gira global que Heineken prepara junto a la F\u00f3rmula 1. La marca anunci\u00f3 que su pr\u00f3ximo gran evento ser\u00e1 el <strong>Heineken World Tour<\/strong>, que llegar\u00e1 a <strong>Ciudad del Cabo <\/strong>el 30 de noviembre de 2025.<\/p>\n<p>As\u00ed, esta experiencia transformar\u00e1 las calles de la ciudad en un escenario automovil\u00edstico con autos F1 reales, transmisiones en vivo del Gran Premio de Qatar y actividades inmersivas pensadas para acercar la emoci\u00f3n del deporte a los fan\u00e1ticos.\u00a0<\/p>\n<p>Adem\u00e1s, seg\u00fan la marca, el World Tour busca expandir la presencia de la F\u00f3rmula 1 fuera de los circuitos tradicionales, <strong>fusionando entretenimiento, dise\u00f1o y cultura urbana<\/strong> bajo el sello premium de Heineken.<\/p>\n<p><a href=\"https:\/\/static.mercadonegro.pe\/wp-content\/uploads\/2025\/10\/15114945\/G2kGFpBXoAA2LoI.jpeg\" rel=\"nofollow noopener\" target=\"_blank\"><img loading=\"lazy\" decoding=\"async\" width=\"1024\" height=\"1024\" src=\"https:\/\/www.europesays.com\/es\/wp-content\/uploads\/2025\/10\/G2kGFpBXoAA2LoI-1024x1024.jpeg\" alt=\"\" class=\"wp-image-145183\"  \/><\/a><\/p>\n","protected":false},"excerpt":{"rendered":"Heineken Sud\u00e1frica present\u00f3 una colecci\u00f3n especial de botellas inspiradas en los circuitos m\u00e1s emblem\u00e1ticos de la F\u00f3rmula 1,&hellip;\n","protected":false},"author":2,"featured_media":178851,"comment_status":"","ping_status":"","sticky":false,"template":"","format":"standard","meta":{"footnotes":""},"categories":[270],"tags":[51000,8744,34383,5327,168,234,51001,51002,25,24,51003,51004,306,271,272,23394,51005,51006,2736,8266,23,167],"class_list":{"0":"post-178850","1":"post","2":"type-post","3":"status-publish","4":"format-standard","5":"has-post-thumbnail","7":"category-formula-1","8":"tag-activaciones-de-marca","9":"tag-alcohol","10":"tag-branding","11":"tag-cabo","12":"tag-deportes","13":"tag-diseno","14":"tag-diseno-de-envases","15":"tag-edicion-especial","16":"tag-es","17":"tag-espana","18":"tag-eventos-internacionales","19":"tag-experiencias-de-marca","20":"tag-f1","21":"tag-formula-1","22":"tag-formula1","23":"tag-heineken","24":"tag-heineken-sudafrica","25":"tag-luxurious-marble-circus","26":"tag-marketing","27":"tag-marketing-deportivo","28":"tag-spain","29":"tag-sports"},"share_on_mastodon":{"url":"","error":""},"_links":{"self":[{"href":"https:\/\/www.europesays.com\/es\/wp-json\/wp\/v2\/posts\/178850","targetHints":{"allow":["GET"]}}],"collection":[{"href":"https:\/\/www.europesays.com\/es\/wp-json\/wp\/v2\/posts"}],"about":[{"href":"https:\/\/www.europesays.com\/es\/wp-json\/wp\/v2\/types\/post"}],"author":[{"embeddable":true,"href":"https:\/\/www.europesays.com\/es\/wp-json\/wp\/v2\/users\/2"}],"replies":[{"embeddable":true,"href":"https:\/\/www.europesays.com\/es\/wp-json\/wp\/v2\/comments?post=178850"}],"version-history":[{"count":0,"href":"https:\/\/www.europesays.com\/es\/wp-json\/wp\/v2\/posts\/178850\/revisions"}],"wp:featuredmedia":[{"embeddable":true,"href":"https:\/\/www.europesays.com\/es\/wp-json\/wp\/v2\/media\/178851"}],"wp:attachment":[{"href":"https:\/\/www.europesays.com\/es\/wp-json\/wp\/v2\/media?parent=178850"}],"wp:term":[{"taxonomy":"category","embeddable":true,"href":"https:\/\/www.europesays.com\/es\/wp-json\/wp\/v2\/categories?post=178850"},{"taxonomy":"post_tag","embeddable":true,"href":"https:\/\/www.europesays.com\/es\/wp-json\/wp\/v2\/tags?post=178850"}],"curies":[{"name":"wp","href":"https:\/\/api.w.org\/{rel}","templated":true}]}}