{"id":178858,"date":"2025-10-15T17:17:12","date_gmt":"2025-10-15T17:17:12","guid":{"rendered":"https:\/\/www.europesays.com\/es\/178858\/"},"modified":"2025-10-15T17:17:12","modified_gmt":"2025-10-15T17:17:12","slug":"el-cuadro-de-colon-atacado-con-pintura-por-activistas-en-el-museo-naval-tiene-danos-mas-graves-de-lo-que-se-pensaba","status":"publish","type":"post","link":"https:\/\/www.europesays.com\/es\/178858\/","title":{"rendered":"El cuadro de Col\u00f3n atacado con pintura por activistas en el Museo Naval tiene da\u00f1os m\u00e1s graves de lo que se pensaba"},"content":{"rendered":"<p class=\"c-paragraph\">El pasado domingo\u00a0dos activistas de un colectivo vegetariano atacaban con pintura roja el cuadro <b>Primer homenaje a Crist\u00f3bal Col\u00f3n, de Jos\u00e9 Garnelo, que data de 1892<\/b>, en el Museo Naval de Madrid, da\u00f1\u00e1ndolo seriamente.\u00a0<\/p>\n<p class=\"c-paragraph\">La directora t\u00e9cnica del Museo Naval, Berta Gasca, explicaba poco despu\u00e9s que todo el mundo se moviliz\u00f3 <b>\u00abdesde el primer momento para ver c\u00f3mo se pod\u00eda arreglar\u00bb, y lo hicieron \u00abcon el horror\u00bb<\/b> de ver lo que hab\u00eda pasado al cuadro.<\/p>\n<p class=\"c-paragraph\">A pesar de la celeridad en la respuesta con una limpieza de urgencia para evitar que la pintura provocara m\u00e1s da\u00f1os, la pintura ha quedado da\u00f1ada y deber\u00e1 ser restaurada completamente. <b>En concreto, el barniz est\u00e1 perjudicado y se han introducido part\u00edculas de pigmento rojo<\/b> en algunas zonas, adem\u00e1s de haberse da\u00f1ado el marco.\u00a0<\/p>\n<p class=\"c-paragraph\">\u00abEl da\u00f1o puede no haber sido mucho, pero requiere de una restauraci\u00f3n completa <b>porque el barniz va a haber que regenerarlo<\/b> donde se ha quedado blanquecino a causa del agua, por eso hay brillos distintos\u00bb, ha explicado Regina.<\/p>\n<p class=\"c-paragraph\">El equipo deber\u00e1 ahora elaborar un informe sobre lo ocurrido y las personas implicadas, as\u00ed como las t\u00e9cnicas y materiales utilizados en la intervenci\u00f3n de urgencia para poner una denuncia y una reclamaci\u00f3n y repercutir todo eso a las responsables del acto. <b>Posteriormente, se acometer\u00e1 un proyecto de restauraci\u00f3n completa del cuadro<\/b>, que antes del acto vand\u00e1lico se encontraba en buen estado y muy bien conservado.<\/p>\n<p class=\"c-paragraph\">El ataque tambi\u00e9n <b>ha da\u00f1ado un ca\u00f1\u00f3n exhibido en el Museo Naval <\/b>junto al cuadro, una vitrina que tambi\u00e9n est\u00e1 a su lado y el marco de otro cuadro adyacente.<\/p>\n<p class=\"c-paragraph\">Regina Zurdo, conservadora restauradora de bienes culturales del Museo Naval de Madrid, <b>mostraba a la prensa c\u00f3mo ha sido la limpieza urgente del cuadro sobre Crist\u00f3bal Col\u00f3n<\/b>. Ella y\u00a0otras siete personas limpiaron el cuadro en pocas horas.<\/p>\n<p class=\"c-paragraph\">Zurdo ha explicado que, si bien la pintura empleada conten\u00eda un pigmento acuoso,<b> eso no significa que \u00e9ste sea \u00abinocuo\u00bb,<\/b> ya que fue arrojada mucha cantidad de pintura que, al disolverse con agua, da\u00f1\u00f3 capas de barniz, se col\u00f3 por recovecos del lienzo y del marco e, incluso colore\u00f3 algunas zonas.<\/p>\n<p class=\"c-paragraph\">\u00abPor donde ca\u00eda ca\u00edan churretes, se ve muy bien, <b>por donde ca\u00eda un goter\u00f3n, a su paso por la obra, ha da\u00f1ado el barniz\u00bb<\/b>, explicaba Zurdo, que mostraba que donde hab\u00eda faltantes o poros la pintura penetr\u00f3.\u00a0<\/p>\n<p class=\"c-paragraph\">\u00abEs que lo mismo ha te\u00f1ido la preparaci\u00f3n original [la capa m\u00e1s profunda, por debajo de la pict\u00f3rica] <b>y no hay manera de sacarlo<\/b>. Bueno, hay que seguir trabajando, pero por el momento no hemos podido ir m\u00e1s all\u00e1\u00bb, hac\u00eda ver la conservadora restauradora.<\/p>\n<p class=\"c-paragraph\">\u00abLa mancha ha levantado algunas zonas en las que se ha perdido de la preparaci\u00f3n\u00bb, explicaba, mientras que hac\u00eda ver el barniz ha quedado tambi\u00e9n disparejo: \u00ab<b>Al retirar las gotas hemos retirado tambi\u00e9n restos de poluci\u00f3n<\/b>, con lo cual ahora se queda la limpieza desigual\u00bb, conclu\u00eda sobre los da\u00f1os, que obligar\u00e1n a una restauraci\u00f3n integral de la obra, que tiene un formato de seis metros de ancho por tres de alto.<\/p>\n","protected":false},"excerpt":{"rendered":"El pasado domingo\u00a0dos activistas de un colectivo vegetariano atacaban con pintura roja el cuadro Primer homenaje a Crist\u00f3bal&hellip;\n","protected":false},"author":2,"featured_media":178859,"comment_status":"","ping_status":"","sticky":false,"template":"","format":"standard","meta":{"footnotes":""},"categories":[173],"tags":[229,233,231,230,36564,14779,24171,5835,232,234,146,147,25,24,503,23],"class_list":{"0":"post-178858","1":"post","2":"type-post","3":"status-publish","4":"format-standard","5":"has-post-thumbnail","7":"category-arte-y-diseno","8":"tag-arte","9":"tag-arte-y-diseno","10":"tag-arts","11":"tag-arts-and-design","12":"tag-atacado","13":"tag-colon","14":"tag-con","15":"tag-cuadro","16":"tag-design","17":"tag-diseno","18":"tag-entertainment","19":"tag-entretenimiento","20":"tag-es","21":"tag-espana","22":"tag-pintura","23":"tag-spain"},"share_on_mastodon":{"url":"","error":""},"_links":{"self":[{"href":"https:\/\/www.europesays.com\/es\/wp-json\/wp\/v2\/posts\/178858","targetHints":{"allow":["GET"]}}],"collection":[{"href":"https:\/\/www.europesays.com\/es\/wp-json\/wp\/v2\/posts"}],"about":[{"href":"https:\/\/www.europesays.com\/es\/wp-json\/wp\/v2\/types\/post"}],"author":[{"embeddable":true,"href":"https:\/\/www.europesays.com\/es\/wp-json\/wp\/v2\/users\/2"}],"replies":[{"embeddable":true,"href":"https:\/\/www.europesays.com\/es\/wp-json\/wp\/v2\/comments?post=178858"}],"version-history":[{"count":0,"href":"https:\/\/www.europesays.com\/es\/wp-json\/wp\/v2\/posts\/178858\/revisions"}],"wp:featuredmedia":[{"embeddable":true,"href":"https:\/\/www.europesays.com\/es\/wp-json\/wp\/v2\/media\/178859"}],"wp:attachment":[{"href":"https:\/\/www.europesays.com\/es\/wp-json\/wp\/v2\/media?parent=178858"}],"wp:term":[{"taxonomy":"category","embeddable":true,"href":"https:\/\/www.europesays.com\/es\/wp-json\/wp\/v2\/categories?post=178858"},{"taxonomy":"post_tag","embeddable":true,"href":"https:\/\/www.europesays.com\/es\/wp-json\/wp\/v2\/tags?post=178858"}],"curies":[{"name":"wp","href":"https:\/\/api.w.org\/{rel}","templated":true}]}}