{"id":178866,"date":"2025-10-15T17:21:20","date_gmt":"2025-10-15T17:21:20","guid":{"rendered":"https:\/\/www.europesays.com\/es\/178866\/"},"modified":"2025-10-15T17:21:20","modified_gmt":"2025-10-15T17:21:20","slug":"demian-bichir-regresa-al-cine-de-terror-para-mostrar-la-verdadera-cara-de-los-mexicanos","status":"publish","type":"post","link":"https:\/\/www.europesays.com\/es\/178866\/","title":{"rendered":"Demian Bichir regresa al cine de terror para mostrar la verdadera cara de los mexicanos"},"content":{"rendered":"<p itemprop=\"description\" class=\"sc__font-paragraph\"><a itemprop=\"url\" href=\"https:\/\/www.eluniversal.com.mx\/tag\/demian-bichir\/\" target=\"_blank\" rel=\"noreferrer nofollow noopener\" title=\"https:\/\/www.eluniversal.com.mx\/tag\/demian-bichir\/\"><b>Demian Bichir<\/b><\/a> regresa al <b>cine de terror<\/b>, esta vez como parte de otra franquicia, la del \u00ab<b>Tel\u00e9fono Negro<\/b>\u00ab. Sin embargo, m\u00e1s que sustos y pesadillas, el mexicano encontr\u00f3 en esta historia la ventana perfecta para <b>representar a los mexicanos<\/b> lejos de los <b>estereotipos<\/b>. <\/p>\n<p itemprop=\"description\" class=\"sc__font-paragraph\">En la trama, Bichir da vida a Mando, el supervisor de un campamento y que ser\u00e1 una de las principales figuras de apoyo para los hermanos Gwen y Finney. <\/p>\n<p itemprop=\"description\" class=\"sc__font-paragraph\">\u00abMando es un hombre \u00edntegro, un <b>esp\u00edritu inquebrantable<\/b>, alguien que est\u00e1 dispuesto a <b>ayudar a los dem\u00e1s<\/b> con todo lo que tiene, en este caso a los chicos. As\u00ed somos los mexicanos, a m\u00ed me parece maravilloso que hayan hecho mexicano al personaje\u201d, dijo el actor durante la premier de la cinta en la CDMX. <\/p>\n<p itemprop=\"description\" class=\"sc__font-paragraph\"><b>Lee tambi\u00e9n <\/b><a itemprop=\"url\" href=\"https:\/\/www.eluniversal.com.mx\/espectaculos\/demian-bichir-se-une-al-universo-de-terror-de-blumhouse-formara-parte-de-la-secuela-de-telefono-negro\/\" rel=\"nofollow noopener\" target=\"_blank\"><b>Demian Bichir se une al universo de terror de Blumhouse; formar\u00e1 parte de la secuela de \u201cTel\u00e9fono negro\u201d<\/b><\/a><\/p>\n<p itemprop=\"description\" class=\"sc__font-paragraph\">Aunque la primera parte de esta historia se convirti\u00f3 en una de las <b>pel\u00edculas favoritas<\/b> de los amantes del g\u00e9nero, Bichir asegura que la secuela es mejor, y es que no s\u00f3lo asusta, sino que sumerge al p\u00fablico en una espiral de <b>miedo psicol\u00f3gico<\/b>. <\/p>\n<p itemprop=\"description\" class=\"sc__font-paragraph\">\u00abEsta es mejor por muchas razones. Lo que m\u00e1s me llam\u00f3 la atenci\u00f3n de la otra es que es totalmente inusual, un terror que la mayor\u00eda de las veces es a base de efectos de sonido y aqu\u00ed, lo que se genera, es una pel\u00edcula verdaderamente hermosa\u201d, agreg\u00f3. <\/p>\n<p itemprop=\"description\" class=\"sc__font-paragraph\">\u00abTelefono Negro 2\u00bb llega a las salas de cine este pr\u00f3ximo <b>16 de octubre<\/b> y en ella, el mexicano, comparte cr\u00e9ditos con el nominado al Oscar Ethan Hawke. <\/p>\n<p itemprop=\"description\" class=\"sc__font-paragraph\">Adem\u00e1s de continuar con la historia de \u00abEl Raptor\u00bb y sus cr\u00edmenes, Bichir afirm\u00f3 que la cinta har\u00e1 llorar a m\u00e1s de uno. <\/p>\n<p itemprop=\"description\" class=\"sc__font-paragraph\">Lee tambi\u00e9n <\/p>\n","protected":false},"excerpt":{"rendered":"Demian Bichir regresa al cine de terror, esta vez como parte de otra franquicia, la del \u00abTel\u00e9fono Negro\u00ab.&hellip;\n","protected":false},"author":2,"featured_media":178867,"comment_status":"","ping_status":"","sticky":false,"template":"","format":"standard","meta":{"footnotes":""},"categories":[169],"tags":[177,3951,51009,146,147,25,24,176,175,23,51010],"class_list":{"0":"post-178866","1":"post","2":"type-post","3":"status-publish","4":"format-standard","5":"has-post-thumbnail","7":"category-cine","8":"tag-cine","9":"tag-cine-de-terror","10":"tag-demian-bichir","11":"tag-entertainment","12":"tag-entretenimiento","13":"tag-es","14":"tag-espana","15":"tag-film","16":"tag-movies","17":"tag-spain","18":"tag-telefono-negro"},"share_on_mastodon":{"url":"","error":""},"_links":{"self":[{"href":"https:\/\/www.europesays.com\/es\/wp-json\/wp\/v2\/posts\/178866","targetHints":{"allow":["GET"]}}],"collection":[{"href":"https:\/\/www.europesays.com\/es\/wp-json\/wp\/v2\/posts"}],"about":[{"href":"https:\/\/www.europesays.com\/es\/wp-json\/wp\/v2\/types\/post"}],"author":[{"embeddable":true,"href":"https:\/\/www.europesays.com\/es\/wp-json\/wp\/v2\/users\/2"}],"replies":[{"embeddable":true,"href":"https:\/\/www.europesays.com\/es\/wp-json\/wp\/v2\/comments?post=178866"}],"version-history":[{"count":0,"href":"https:\/\/www.europesays.com\/es\/wp-json\/wp\/v2\/posts\/178866\/revisions"}],"wp:featuredmedia":[{"embeddable":true,"href":"https:\/\/www.europesays.com\/es\/wp-json\/wp\/v2\/media\/178867"}],"wp:attachment":[{"href":"https:\/\/www.europesays.com\/es\/wp-json\/wp\/v2\/media?parent=178866"}],"wp:term":[{"taxonomy":"category","embeddable":true,"href":"https:\/\/www.europesays.com\/es\/wp-json\/wp\/v2\/categories?post=178866"},{"taxonomy":"post_tag","embeddable":true,"href":"https:\/\/www.europesays.com\/es\/wp-json\/wp\/v2\/tags?post=178866"}],"curies":[{"name":"wp","href":"https:\/\/api.w.org\/{rel}","templated":true}]}}