{"id":178878,"date":"2025-10-15T17:27:08","date_gmt":"2025-10-15T17:27:08","guid":{"rendered":"https:\/\/www.europesays.com\/es\/178878\/"},"modified":"2025-10-15T17:27:08","modified_gmt":"2025-10-15T17:27:08","slug":"el-gobierno-frances-presentara-en-noviembre-una-enmienda-para-suspender-la-reforma-de-las-pensiones","status":"publish","type":"post","link":"https:\/\/www.europesays.com\/es\/178878\/","title":{"rendered":"El Gobierno franc\u00e9s presentar\u00e1 en noviembre una enmienda para suspender la reforma de las pensiones"},"content":{"rendered":"<p>\n  Por&amp;nbsp<b>Euronews &amp; agencias<\/b>\n<\/p>\n<p>\n         Publicado<br \/>\n            15\/10\/2025 &#8211; 18:29 CEST\n            <\/p>\n<p>          <img decoding=\"async\" class=\"c-ad__placeholder__logo\" src=\"https:\/\/static.euronews.com\/website\/images\/logos\/logo-euronews-stacked-outlined-72x72-grey-9.svg\" width=\"72\" height=\"72\" alt=\"\" loading=\"lazy\"\/><br \/>\n          PUBLICIDAD<\/p>\n<p>El Ejecutivo franc\u00e9s presentar\u00e1 en noviembre <a href=\"https:\/\/es.euronews.com\/2025\/10\/14\/primer-ministro-frances-suspende-reforma-pensiones-hasta-elecciones-de-2027\" rel=\"nofollow noopener\" target=\"_blank\"><strong>una enmienda al Parlamento para suspender la reforma de las pensiones<\/strong><\/a> hasta las elecciones presidenciales de 2027, seg\u00fan anunci\u00f3 el primer ministro S\u00e9bastien Lecornu esta semana. \u00abEl Gobierno tiene que presentar una enmienda al proyecto de ley de financiaci\u00f3n de la Seguridad Social en noviembre\u00bb, declar\u00f3 Lecornu ante la Asamblea Nacional durante su primera sesi\u00f3n de preguntas al Ejecutivo.<\/p>\n<p>El primer ministro subray\u00f3 que la decisi\u00f3n final recaer\u00e1 en los diputados: \u00abCon esta enmienda del Gobierno corresponder\u00e1 al Parlamento decidir y, por tanto, <strong>corresponder\u00e1 a cada uno de los que estamos aqu\u00ed expresar<\/strong>, en los t\u00e9rminos m\u00e1s claros, nuestras convicciones. Se trata de decir lo que queremos para las pensiones, no s\u00f3lo para hoy, sino tambi\u00e9n para el futuro\u00bb, afirm\u00f3.<\/p>\n<p>La propuesta gubernamental busca aplazar la aplicaci\u00f3n del <a href=\"https:\/\/es.euronews.com\/business\/2025\/05\/27\/el-retraso-de-la-edad-de-jubilacion-en-europa-en-cifras\" rel=\"nofollow noopener\" target=\"_blank\"><strong>aumento progresivo de la edad de jubilaci\u00f3n a 64 a\u00f1os<\/strong><\/a> y la extensi\u00f3n del periodo de cotizaci\u00f3n. A cambio, el Ejecutivo espera que los socialistas no presenten de inmediato una moci\u00f3n de censura.<\/p>\n<p>La ministra de Cuentas P\u00fablicas, Am\u00e9lie de Montchalin, precis\u00f3 el martes ante la Comisi\u00f3n de Finanzas de la Asamblea Nacional que <strong>la suspensi\u00f3n ser\u00e1 introducida mediante una enmienda<\/strong> al Proyecto de Ley de Financiaci\u00f3n de la Seguridad Social (PLFSS).<\/p>\n<p>La v\u00edspera, el ministro de Trabajo, Jean-Pierre Farandou, hab\u00eda dejado entrever esta posibilidad durante una entrevista en el informativo de las 20:00 de &#8216;France 2&#8217;, <strong>aunque sin ofrecer detalles concretos<\/strong>.<\/p>\n<p>Cr\u00edticas de la oposici\u00f3n<\/p>\n<p>La medida ha suscitado fuertes reacciones en la oposici\u00f3n. El l\u00edder de los diputados de Horizontes, Paul Christophe, consider\u00f3 que la suspensi\u00f3n \u00abes peligrosamente f\u00e1cil\u00bb ante <a href=\"https:\/\/es.euronews.com\/business\/2025\/06\/01\/que-paises-tienen-las-pensiones-mas-altas-y-mas-bajas-de-europa\" rel=\"nofollow noopener\" target=\"_blank\">la actual situaci\u00f3n demogr\u00e1fica<\/a>, por la que \u00abpagaremos el precio tarde o temprano\u00bb. Desde Francia Insumisa (LFI), <strong>su coordinador Manuel Bompard critic\u00f3 duramente el m\u00e9todo elegido<\/strong>:<\/p>\n<p>\u00abPasar por una enmienda al PLFSS significa que el Partido Socialista <strong>tendr\u00e1 que votar a favor de la reducci\u00f3n de las pensiones<\/strong> durante cuatro a\u00f1os o de la reducci\u00f3n de las indemnizaciones para las personas con enfermedades cr\u00f3nicas. \u00bfC\u00f3mo se nos puede tomar el pelo as\u00ed?\u00bb, escribi\u00f3 en X.<\/p>\n<p>Por su parte, el diputado de Agrupaci\u00f3n Nacional (RN), Jean-Philippe Tanguy, desafi\u00f3 a los socialistas a demostrar que <strong>disponen de los medios necesarios para lograr efectivamente la suspensi\u00f3n de la reforma<\/strong>. A su juicio, el Consejo Constitucional podr\u00eda considerar que la enmienda es \u00abdisplicente\u00bb, es decir, que no guarda una relaci\u00f3n directa con la financiaci\u00f3n de la Seguridad Social.<\/p>\n<p>Un asesor del Ejecutivo rechaz\u00f3 esa interpretaci\u00f3n: \u00abLas pensiones entran de lleno en el \u00e1mbito de aplicaci\u00f3n del PLFSS\u00bb, asegur\u00f3. El presidente de la Comisi\u00f3n de Finanzas, \u00c9ric Coquerel (LFI), <strong>inst\u00f3 al Gobierno a tramitar una ley espec\u00edfica si el PLFSS \u00abno se adopta\u00bb<\/strong> o si su examen parlamentario \u00abse prolonga m\u00e1s all\u00e1 de los 50 d\u00edas previstos\u00bb.<\/p>\n<p>Finalmente, el primer ministro Lecornu indic\u00f3 que el Ejecutivo espera recibir propuestas de la conferencia social <strong>prevista para la primavera<\/strong>, y sugiri\u00f3 transferir la gesti\u00f3n del <a href=\"https:\/\/es.euronews.com\/business\/2025\/09\/02\/la-silenciosa-reforma-de-las-pensiones-que-podria-transformar-la-economia-europea\" rel=\"nofollow noopener\" target=\"_blank\">sistema de pensiones<\/a> a los interlocutores sociales.<\/p>\n","protected":false},"excerpt":{"rendered":"Por&amp;nbspEuronews &amp; agencias Publicado 15\/10\/2025 &#8211; 18:29 CEST PUBLICIDAD El Ejecutivo franc\u00e9s presentar\u00e1 en noviembre una enmienda al&hellip;\n","protected":false},"author":2,"featured_media":178879,"comment_status":"","ping_status":"","sticky":false,"template":"","format":"standard","meta":{"footnotes":""},"categories":[42],"tags":[17,18,13,14,317,11,61,62,63,64,19,20,1464,9,10,15,16,35851,51011,12,21,22,65,66,67],"class_list":{"0":"post-178878","1":"post","2":"type-post","3":"status-publish","4":"format-standard","5":"has-post-thumbnail","7":"category-internacional","8":"tag-breaking-news","9":"tag-breakingnews","10":"tag-featured-news","11":"tag-featurednews","12":"tag-francia","13":"tag-headlines","14":"tag-internacional","15":"tag-international","16":"tag-international-news","17":"tag-internationalnews","18":"tag-latest-news","19":"tag-latestnews","20":"tag-ley","21":"tag-news","22":"tag-noticias","23":"tag-noticias-destacadas","24":"tag-noticiasdestacadas","25":"tag-politica-francesa","26":"tag-reforma-de-las-jubilaciones","27":"tag-titulares","28":"tag-ultimas-noticias","29":"tag-ultimasnoticias","30":"tag-world","31":"tag-world-news","32":"tag-worldnews"},"share_on_mastodon":{"url":"","error":""},"_links":{"self":[{"href":"https:\/\/www.europesays.com\/es\/wp-json\/wp\/v2\/posts\/178878","targetHints":{"allow":["GET"]}}],"collection":[{"href":"https:\/\/www.europesays.com\/es\/wp-json\/wp\/v2\/posts"}],"about":[{"href":"https:\/\/www.europesays.com\/es\/wp-json\/wp\/v2\/types\/post"}],"author":[{"embeddable":true,"href":"https:\/\/www.europesays.com\/es\/wp-json\/wp\/v2\/users\/2"}],"replies":[{"embeddable":true,"href":"https:\/\/www.europesays.com\/es\/wp-json\/wp\/v2\/comments?post=178878"}],"version-history":[{"count":0,"href":"https:\/\/www.europesays.com\/es\/wp-json\/wp\/v2\/posts\/178878\/revisions"}],"wp:featuredmedia":[{"embeddable":true,"href":"https:\/\/www.europesays.com\/es\/wp-json\/wp\/v2\/media\/178879"}],"wp:attachment":[{"href":"https:\/\/www.europesays.com\/es\/wp-json\/wp\/v2\/media?parent=178878"}],"wp:term":[{"taxonomy":"category","embeddable":true,"href":"https:\/\/www.europesays.com\/es\/wp-json\/wp\/v2\/categories?post=178878"},{"taxonomy":"post_tag","embeddable":true,"href":"https:\/\/www.europesays.com\/es\/wp-json\/wp\/v2\/tags?post=178878"}],"curies":[{"name":"wp","href":"https:\/\/api.w.org\/{rel}","templated":true}]}}