{"id":178886,"date":"2025-10-15T17:32:07","date_gmt":"2025-10-15T17:32:07","guid":{"rendered":"https:\/\/www.europesays.com\/es\/178886\/"},"modified":"2025-10-15T17:32:07","modified_gmt":"2025-10-15T17:32:07","slug":"topuria-para-principios-de-2026-es-una-posibilidad","status":"publish","type":"post","link":"https:\/\/www.europesays.com\/es\/178886\/","title":{"rendered":"Topuria para principios de 2026: \u00abEs una posibilidad\u00bb"},"content":{"rendered":"<p data-start=\"297\" data-end=\"694\">La UFC y su calendario del 2025 da sus \u00faltimos coletazos antes de la llegada de un nuevo curso y la entrada en vigor del nuevo y sonado acuerdo de transmisi\u00f3n de la promoci\u00f3n con Paramount+ y CBS, que promete ser todo un antes y un despu\u00e9s para las artes marciales mixtas.<\/p>\n<p data-start=\"297\" data-end=\"694\">La empresa tiene en mente poder ofrecer una cartelera de nivel para este estreno, y entre algunos de los nombres sobre la mesa de cara a dicha cita no es otro que el del espa\u00f1ol Ilia Topuria, actual campe\u00f3n de peso ligero y cuyo pr\u00f3ximo combate todav\u00eda no ha sido definido.<\/p>\n<p data-start=\"297\" data-end=\"694\">El panorama para los titulares de la UFC que a\u00fan no han tenido compromisos confirmados en 2025 apunta a que no habr\u00e1 grandes regresos hasta 2026, coincidiendo con el inicio del nuevo acuerdo de transmisi\u00f3n de la promoci\u00f3n con Paramount+ y CBS. Entre los protagonistas de esta nueva etapa se encuentra Ilia Topuria,<\/p>\n<p data-start=\"696\" data-end=\"1290\">Durante la rueda de prensa de las \u201cContender Series\u201d celebrada el martes por la noche, Dana White, presidente de la UFC, habl\u00f3 sobre los planes para la primera cartelera en Paramount+. \u201cHoy se realiz\u00f3 el emparejamiento y hoy empezamos a trabajar en la primera cartelera de Paramount. Siempre intentaremos ofrecer las mejores carteleras posibles. Tenemos una excelente relaci\u00f3n con ESPN, y como ya hemos hablado antes, todo el mundo ya lo est\u00e1 notando. Han sido excelentes con nosotros y con el deporte. Queremos ofrecerles una \u00faltima cartelera espectacular\u201d, declar\u00f3 White ante los periodistas.<\/p>\n<p data-start=\"1292\" data-end=\"1623\">Aunque todav\u00eda no se ha confirmado oficialmente el siguiente duelo de Topuria, White indic\u00f3 que incluir al campe\u00f3n en la cartelera de Paramount+ es \u201cuna posibilidad\u201d.<\/p>\n<p data-start=\"1292\" data-end=\"1623\">As\u00ed, el pr\u00f3ximo oponente de \u201cEl Matador\u201d, seg\u00fan indican todos los reportes, ser\u00eda el estadounidense Justin Gaethje en su primera defensa por la corona del ligero y en el mencionado primer evento de la UFC de 2026, coincidiendo con el nuevo acuerdo de retransmisi\u00f3n.<\/p>\n<p data-start=\"1292\" data-end=\"1623\">Se aleja de esta forma la posibilidad, por el momento, de ver un cara a cara entre Ilia y su archienemigo Paddy Pimblett, cuyo nombre ha sido otro de los que m\u00e1s suerte ha sonado como aspirante a la corona del hispano-georgiano, as\u00ed como el de otro potencial rival como ser\u00eda Arman Tsarukyan, quien ya viene de confirmar su pr\u00f3xima pelea frente a Dan Hooker.<\/p>\n","protected":false},"excerpt":{"rendered":"La UFC y su calendario del 2025 da sus \u00faltimos coletazos antes de la llegada de un nuevo&hellip;\n","protected":false},"author":2,"featured_media":178887,"comment_status":"","ping_status":"","sticky":false,"template":"","format":"standard","meta":{"footnotes":""},"categories":[276],"tags":[168,25,24,23,167,343],"class_list":{"0":"post-178886","1":"post","2":"type-post","3":"status-publish","4":"format-standard","5":"has-post-thumbnail","7":"category-ufc","8":"tag-deportes","9":"tag-es","10":"tag-espana","11":"tag-spain","12":"tag-sports","13":"tag-ufc"},"share_on_mastodon":{"url":"","error":""},"_links":{"self":[{"href":"https:\/\/www.europesays.com\/es\/wp-json\/wp\/v2\/posts\/178886","targetHints":{"allow":["GET"]}}],"collection":[{"href":"https:\/\/www.europesays.com\/es\/wp-json\/wp\/v2\/posts"}],"about":[{"href":"https:\/\/www.europesays.com\/es\/wp-json\/wp\/v2\/types\/post"}],"author":[{"embeddable":true,"href":"https:\/\/www.europesays.com\/es\/wp-json\/wp\/v2\/users\/2"}],"replies":[{"embeddable":true,"href":"https:\/\/www.europesays.com\/es\/wp-json\/wp\/v2\/comments?post=178886"}],"version-history":[{"count":0,"href":"https:\/\/www.europesays.com\/es\/wp-json\/wp\/v2\/posts\/178886\/revisions"}],"wp:featuredmedia":[{"embeddable":true,"href":"https:\/\/www.europesays.com\/es\/wp-json\/wp\/v2\/media\/178887"}],"wp:attachment":[{"href":"https:\/\/www.europesays.com\/es\/wp-json\/wp\/v2\/media?parent=178886"}],"wp:term":[{"taxonomy":"category","embeddable":true,"href":"https:\/\/www.europesays.com\/es\/wp-json\/wp\/v2\/categories?post=178886"},{"taxonomy":"post_tag","embeddable":true,"href":"https:\/\/www.europesays.com\/es\/wp-json\/wp\/v2\/tags?post=178886"}],"curies":[{"name":"wp","href":"https:\/\/api.w.org\/{rel}","templated":true}]}}