{"id":178892,"date":"2025-10-15T17:36:11","date_gmt":"2025-10-15T17:36:11","guid":{"rendered":"https:\/\/www.europesays.com\/es\/178892\/"},"modified":"2025-10-15T17:36:11","modified_gmt":"2025-10-15T17:36:11","slug":"el-dia-que-checo-perez-se-subio-al-podio-con-red-bull-pese-a-estar-enfermo","status":"publish","type":"post","link":"https:\/\/www.europesays.com\/es\/178892\/","title":{"rendered":"El d\u00eda que Checo P\u00e9rez se subi\u00f3 al podio con Red Bull pese a estar enfermo"},"content":{"rendered":"<p>Restan algunos meses para que<b> <\/b><a class=\"Link\" href=\"https:\/\/www.tvazteca.com\/aztecadeportes\/checo-perez\" target=\"_blank\" rel=\"nofollow noopener\"><br \/>\n        <b>Checo P\u00e9rez haga su regreso triunfal a la F1<\/b><br \/>\n      <\/a><b> <\/b>luego de un a\u00f1o de ausencia, esto despu\u00e9s de ser contratado por <b>Cadillac<\/b>, escuder\u00eda que har\u00e1 su debut en la m\u00e1xima categor\u00eda del automovilismo. Ahora bien, \u00bfsab\u00edas que hubo una ocasi\u00f3n en que el mexicano se subi\u00f3 al podio estando <b>enfermo<\/b>?<\/p>\n<p class=\"VideoEnhancement-title\">Checo Per\u00e9z, predicciones para su carrera en el Gran Premio de M\u00e9xico <\/p>\n<p>Este hecho ocurri\u00f3 cuando formaba parte de<b> Red Bull, <\/b>su \u00faltimo equipo antes de <b>Cadillac<\/b>. En aquel momento, <b>Checo P\u00e9rez<\/b> trataba de consolidarse como el compa\u00f1ero ideal para <b>Max Verstappen,<\/b> por lo que el haber subido al podio estando enfermo gener\u00f3 un gran reconocimiento para \u00e9l al interior de la escuder\u00eda.<\/p>\n<p>\u00bfCheco P\u00e9rez qued\u00f3 en el podio del GP de Estados Unidos 2021 estando enfermo?\n<\/p>\n<p>La respuesta es s\u00ed. Esto ocurri\u00f3 hace cuatro a\u00f1os, cuando el <b>Gran Premio de Estados Unido<\/b>s presenci\u00f3 el liderato de <b>Max Verstappen, <\/b>el segundo lugar de <b>Lewis Hamilton <\/b>y el tercer puesto de un <b>Checo P\u00e9rez<\/b> que obtuvo este sitio pese a haber llegado enfermo al GP de Norteam\u00e9rica.<\/p>\n<p>Te puede interesar: <a class=\"Link\" href=\"https:\/\/www.tvazteca.com\/aztecadeportes\/video-entrada-dr-wagner-iii-lucha-nxt-lexis-king-ac-notas\" target=\"_blank\" rel=\"follow nofollow noopener\"><br \/>\n        As\u00ed fue la brutal entrada de Dr. Wagner III en su debut en NXT (VIDEO)<br \/>\n      <\/a><\/p>\n<p>Te puede interesar: <a class=\"Link\" href=\"https:\/\/www.tvazteca.com\/aztecadeportes\/rodrigo-huescas-video-recuperacion-mundial-2026-ac-notas\" target=\"_blank\" rel=\"follow nofollow noopener\"><br \/>\n        Rodrigo Huescas comparte video con miras al Mundial 2026. \u00bfEstar\u00e1 listo?<br \/>\n      <\/a><\/p>\n<p>La carrera se dio en un momento en el que <b>Max y Lewis<\/b> se estaban jugando el liderato de pilotos, por lo que, desde <b>Red Bull,<\/b> sab\u00edan que <b>Checo P\u00e9rez t<\/b>en\u00eda que sumar para quedarse con el campeonato de constructoras. Fue as\u00ed como el mexicano amaneci\u00f3 con un <b>severo dolor de est\u00f3mago <\/b>que le impidi\u00f3 estar al cien por ciento.<\/p>\n<p>Por si esto fuera poco, desde la primera vuelta <b>el sistema de hidrataci\u00f3n del monoplaza fall\u00f3, por lo que Checo P\u00e9rez tuvo que competir de esa forma. <\/b>Para la vuelta 20 el mexicano (seg\u00fan sus palabras) estaba agotado y comenzaba a perder la fuerza en las piernas y las manos; no obstante, se las ingeni\u00f3 para quedarse con el<b> tercer lugar y subir al podio<\/b>, en la que es considerada una de las carreras m\u00e1s complicadas en su etapa como conductor profesional.<\/p>\n<p>\u00bfCu\u00e1ndo har\u00e1 su debut Checo P\u00e9rez en Cadillac?\n<\/p>\n<p>Con m\u00e1s de una d\u00e9cada de experiencia en la m\u00e1xima categor\u00eda del automovilismo, as\u00ed como con 38 podios en su espalda, <a class=\"Link\" href=\"https:\/\/www.tvazteca.com\/aztecadeportes\/checo-perez-calienta-motores-enmedio-rumores-regreso-formula-uno\" target=\"_blank\" rel=\"nofollow noopener\"><br \/>\n        <b>Checo P\u00e9rez se dice listo para volver a la F\u00f3rmula 1 en la temporada 2026<\/b><br \/>\n      <\/a><b>. <\/b>Su carrera de debut en <b>Cadillac <\/b>se llevar\u00e1 a cabo el fin de semana del 6 al 8 de marzo dentro del Gran Premio de Australia.<\/p>\n","protected":false},"excerpt":{"rendered":"Restan algunos meses para que Checo P\u00e9rez haga su regreso triunfal a la F1 luego de un a\u00f1o&hellip;\n","protected":false},"author":2,"featured_media":178893,"comment_status":"","ping_status":"","sticky":false,"template":"","format":"standard","meta":{"footnotes":""},"categories":[270],"tags":[5332,168,12820,25,24,306,271,272,51012,51013,23,167],"class_list":{"0":"post-178892","1":"post","2":"type-post","3":"status-publish","4":"format-standard","5":"has-post-thumbnail","7":"category-formula-1","8":"tag-checo-perez","9":"tag-deportes","10":"tag-enfermo","11":"tag-es","12":"tag-espana","13":"tag-f1","14":"tag-formula-1","15":"tag-formula1","16":"tag-gp-de-estados-unidos-2021","17":"tag-podio-con-red-bull","18":"tag-spain","19":"tag-sports"},"share_on_mastodon":{"url":"","error":""},"_links":{"self":[{"href":"https:\/\/www.europesays.com\/es\/wp-json\/wp\/v2\/posts\/178892","targetHints":{"allow":["GET"]}}],"collection":[{"href":"https:\/\/www.europesays.com\/es\/wp-json\/wp\/v2\/posts"}],"about":[{"href":"https:\/\/www.europesays.com\/es\/wp-json\/wp\/v2\/types\/post"}],"author":[{"embeddable":true,"href":"https:\/\/www.europesays.com\/es\/wp-json\/wp\/v2\/users\/2"}],"replies":[{"embeddable":true,"href":"https:\/\/www.europesays.com\/es\/wp-json\/wp\/v2\/comments?post=178892"}],"version-history":[{"count":0,"href":"https:\/\/www.europesays.com\/es\/wp-json\/wp\/v2\/posts\/178892\/revisions"}],"wp:featuredmedia":[{"embeddable":true,"href":"https:\/\/www.europesays.com\/es\/wp-json\/wp\/v2\/media\/178893"}],"wp:attachment":[{"href":"https:\/\/www.europesays.com\/es\/wp-json\/wp\/v2\/media?parent=178892"}],"wp:term":[{"taxonomy":"category","embeddable":true,"href":"https:\/\/www.europesays.com\/es\/wp-json\/wp\/v2\/categories?post=178892"},{"taxonomy":"post_tag","embeddable":true,"href":"https:\/\/www.europesays.com\/es\/wp-json\/wp\/v2\/tags?post=178892"}],"curies":[{"name":"wp","href":"https:\/\/api.w.org\/{rel}","templated":true}]}}