{"id":178898,"date":"2025-10-15T17:39:12","date_gmt":"2025-10-15T17:39:12","guid":{"rendered":"https:\/\/www.europesays.com\/es\/178898\/"},"modified":"2025-10-15T17:39:12","modified_gmt":"2025-10-15T17:39:12","slug":"woody-allen-dice-que-no-tiene-nada-que-comentar-sobre-gaza-y-alberto-san-juan-le-responde-de-una-forma-que-lo-dice-todo","status":"publish","type":"post","link":"https:\/\/www.europesays.com\/es\/178898\/","title":{"rendered":"Woody Allen dice que no tiene nada que comentar sobre Gaza y Alberto San Juan le responde de una forma que lo dice todo"},"content":{"rendered":"<p>El actor Alberto San Juan,<a href=\"https:\/\/www.huffingtonpost.es\/virales\/alberto-san-juan-define-milei-cinco-palabras-nadie-medalla-ayuso.html\" rel=\"nofollow noopener\" target=\"_blank\"> ganador de dos Premios Goya,<\/a> <b>ha respondido de una forma tan breve como contundente a Woody Allen <\/b>despu\u00e9s que \u00e9ste, durante una entrevista en <a href=\"https:\/\/www.lasexta.com\/programas\/el-intermedio\/respuesta-woody-allen-cuando-thais-villas-pregunta-gaza-podria-anadir-comentario-inteligente_2025100168dda3e52aac281a5cb716d8.html\" target=\"_blank\" rel=\"nofollow noopener\">El Intermedio<\/a>, no se pronunciara <a href=\"https:\/\/www.huffingtonpost.es\/sociedad\/servicios-minimos-huelga-general-15-octubre-asi-impacta-trenes-renfe-transporte-publico.html\" rel=\"nofollow noopener\" target=\"_blank\">sobre Gaza.<\/a><\/p>\n<p>El director asegur\u00f3 que, a pesar de que habla mucho sobre la cultura jud\u00eda en sus pel\u00edculas, \u00ab<b>no podr\u00eda a\u00f1adir un comentario inteligente<\/b>\u00bb sobre lo que est\u00e1 pasando en Gaza \u00abm\u00e1s all\u00e1 de esos clich\u00e9s que empleamos cuando queremos decir que queremos poner fin a tanta brutalidad\u00bb.<\/p>\n<p><b>\u00abEs un asunto muy complicado<\/b> con posiciones muy enfrentadas desde lo emocional y s\u00f3lo sabemos lo que leemos en la prensa. Un d\u00eda la prensa dice una cosa y al d\u00eda siguiente alguien dice lo contrario, as\u00ed que no s\u00e9, no tengo nada que a\u00f1adir que sea inteligente\u00bb, afirm\u00f3.<\/p>\n<p>\u00abCuando la gente me hace estas preguntas profundas sobre la vida o pol\u00edtica o grandes cuestiones, <b>no tengo nada que aportar\u00bb<\/b>, insisti\u00f3 Allen, que zanj\u00f3 la cuesti\u00f3n asegurando que \u00e9l es \u00abbueno haciendo chistes\u00bb. Pero luego Thais Villas insisti\u00f3 sobre el asunto.<\/p>\n<p>\u00abNo puedo aportar una mirada inteligente\u00bb<\/p>\n<p>\u00abEs lo que te digo, <b>no puedo aportar una mirada inteligente<\/b>. Yo leo la prensa, me informo sobre el tema, y cuando la gente me hace esas preguntas sobre la vida o pol\u00edtica o temas profundos no tengo nada que a\u00f1adir\u00bb, repiti\u00f3.<\/p>\n<p>En la Cadena Ser, Alberto San Juan no ha ocultado su decepci\u00f3n por esas palabras del director de cine: \u00abEl otro d\u00eda me decepcion\u00f3 tanto cuando Woody Allen dijo que no pod\u00eda opinar sobre Gaza. Le ten\u00eda que haber dicho: <b>&#8216;\u00bfY sobre el Holocausto tampoco tiene opini\u00f3n usted?&#8217;.\u00a0<\/b><\/p>\n<p>UGT y CCOO, con Palestina\u00a0    <\/p>\n<p>Mientras, los sindicatos Uni\u00f3n General de Trabajadores (UGT) y Comisiones Obreras (CCOO), as\u00ed como el embajador de Palestina en Espa\u00f1a, Husni Abdel Wahed, se han concentrado este mi\u00e9rcoles frente al Hospital Ni\u00f1o Jes\u00fas de Madrid<b> para denunciar el \u00abgenocidio\u00bb <\/b>que est\u00e1 sufriendo la poblaci\u00f3n de Gaza y para exigir que se cumpla el acuerdo de paz suscrito por Israel y Ham\u00e1s.<\/p>\n","protected":false},"excerpt":{"rendered":"El actor Alberto San Juan, ganador de dos Premios Goya, ha respondido de una forma tan breve como&hellip;\n","protected":false},"author":2,"featured_media":178899,"comment_status":"","ping_status":"","sticky":false,"template":"","format":"standard","meta":{"footnotes":""},"categories":[174],"tags":[35223,255,146,147,25,24,256,694,23,44011],"class_list":{"0":"post-178898","1":"post","2":"type-post","3":"status-publish","4":"format-standard","5":"has-post-thumbnail","7":"category-famosos","8":"tag-alberto-san-juan","9":"tag-celebrities","10":"tag-entertainment","11":"tag-entretenimiento","12":"tag-es","13":"tag-espana","14":"tag-famosos","15":"tag-gaza","16":"tag-spain","17":"tag-woody-allen"},"share_on_mastodon":{"url":"","error":""},"_links":{"self":[{"href":"https:\/\/www.europesays.com\/es\/wp-json\/wp\/v2\/posts\/178898","targetHints":{"allow":["GET"]}}],"collection":[{"href":"https:\/\/www.europesays.com\/es\/wp-json\/wp\/v2\/posts"}],"about":[{"href":"https:\/\/www.europesays.com\/es\/wp-json\/wp\/v2\/types\/post"}],"author":[{"embeddable":true,"href":"https:\/\/www.europesays.com\/es\/wp-json\/wp\/v2\/users\/2"}],"replies":[{"embeddable":true,"href":"https:\/\/www.europesays.com\/es\/wp-json\/wp\/v2\/comments?post=178898"}],"version-history":[{"count":0,"href":"https:\/\/www.europesays.com\/es\/wp-json\/wp\/v2\/posts\/178898\/revisions"}],"wp:featuredmedia":[{"embeddable":true,"href":"https:\/\/www.europesays.com\/es\/wp-json\/wp\/v2\/media\/178899"}],"wp:attachment":[{"href":"https:\/\/www.europesays.com\/es\/wp-json\/wp\/v2\/media?parent=178898"}],"wp:term":[{"taxonomy":"category","embeddable":true,"href":"https:\/\/www.europesays.com\/es\/wp-json\/wp\/v2\/categories?post=178898"},{"taxonomy":"post_tag","embeddable":true,"href":"https:\/\/www.europesays.com\/es\/wp-json\/wp\/v2\/tags?post=178898"}],"curies":[{"name":"wp","href":"https:\/\/api.w.org\/{rel}","templated":true}]}}