{"id":178934,"date":"2025-10-15T18:00:10","date_gmt":"2025-10-15T18:00:10","guid":{"rendered":"https:\/\/www.europesays.com\/es\/178934\/"},"modified":"2025-10-15T18:00:10","modified_gmt":"2025-10-15T18:00:10","slug":"yoanki-mencia-jugador-del-leyma-coruna-admite-un-delito-de-violencia-de-genero-contra-su-expareja","status":"publish","type":"post","link":"https:\/\/www.europesays.com\/es\/178934\/","title":{"rendered":"Yoanki Menc\u00eda, jugador del Leyma Coru\u00f1a, admite un delito de violencia de g\u00e9nero contra su expareja"},"content":{"rendered":"<p class=\"ft-text\">El jugador del <strong>Leyma B\u00e1squet Coru\u00f1a<\/strong>,<strong> Yoanki Menc\u00eda<\/strong> reconoci\u00f3 este mi\u00e9rcoles en la <strong>Ciudad de la Justicia de Zaragoza <\/strong>que cometi\u00f3 los delitos de violencia de g\u00e9nero y vejaciones contra su expareja. Seg\u00fan inform\u00f3 El Heraldo, acept\u00f3 ante el juez haber cometido uno de los delitos de los que le acusaba la Fiscal\u00eda, que perd\u00eda para \u00e9l 20 meses de c\u00e1rcel, y la v\u00edctima, que solicitaba una pena de dos a\u00f1os. Las partes llegaron a un acuerdo con el abogado del jugador cubano, que no entrar\u00e1 en la c\u00e1rcel. Tendr\u00e1 que cumplir 65 d\u00edas de trabajo comunitario y no podr\u00e1 comunicarse ni acercase a la v\u00edctima durante un a\u00f1o.<\/p>\n<p class=\"ft-text\"><strong>Yoanki Menc\u00eda<\/strong> se sent\u00f3 este mi\u00e9rcoles en el banquillo en el Juzgado de lo Penal n\u00famero 9 de Zaragoza para responder ante el juez por dos casos de violencia de g\u00e9nero que el alap\u00edvot cometi\u00f3 sobre su expareja durante su etapa como jugador del <strong>Casademont Zaragoza<\/strong>. La Fiscal\u00eda le acusaba de dos delitos de violencia de g\u00e9nero y maltrato no habitual y uno, leve, de vejaciones contra la mujer argentina de 41 con la que manten\u00eda una relaci\u00f3n sentimental desde su etapa como jugador en el pa\u00eds sudamericano. Solicitaba diez meses de c\u00e1rcel por cada uno de los primeros y prohibici\u00f3n de acercarse a la v\u00edctima durante los dos pr\u00f3ximos a\u00f1os. Por el m\u00e1s leve, el Ministerio P\u00fablico solicit\u00f3 que el jugador est\u00e9 localizado de forma permanente durante 20 d\u00edas y una orden de alejamiento de seis meses, adem\u00e1s de una indemnizaci\u00f3n de 200 euros. La acusaci\u00f3n particular elev\u00f3 la petici\u00f3n de condena a 24 meses de prisi\u00f3n.<\/p>\n<p class=\"ft-text\">Las partes llegaron a un acuerdo en la ma\u00f1ana de este mi\u00e9rcoles. El jugador<strong> reconoci\u00f3 uno de los delitos de violencia de g\u00e9nero<\/strong>, el que tuvo lugar el 8 de diciembre de 2024. Seg\u00fan la denuncia, el deportista grit\u00f3 a su pareja en casa de manera agresiva y la golpe\u00f3, tir\u00e1ndola al suelo, hasta que un hijo de ella intervino. Por este delito, se le impuso la pena de 60 d\u00edas de trabajo para la comunidad y la prohibici\u00f3n de hablar o acercarse a la v\u00edctima durante un a\u00f1o. Tampoco podr\u00e1 portar armas por dos a\u00f1os. El jugador y la v\u00edctima negaron el segundo caso de violencia, que qued\u00f3 retirado. Por el delito leve de vejaciones, Menc\u00eda acept\u00f3 una condena de otros 5 d\u00edas de trabajos comunitarios, seis meses de alejamiento y 200 euros de indemnizaci\u00f3n.<\/p>\n<p class=\"ft-text\">El <strong>Leyma Coru\u00f1a<\/strong> admiti\u00f3 en un comunicado este lunes estar al corriente de la situaci\u00f3n judicial a la que se enfrentaba el jugador esta semana. \u00abEl club est\u00e1 siguiendo atentamente la evoluci\u00f3n\u00bb, remarc\u00f3 la entidad naranja, que dijo respetar la presunci\u00f3n de inocencia del jugador y estar a la espera de la finalizaci\u00f3n del procedimiento.<\/p>\n","protected":false},"excerpt":{"rendered":"El jugador del Leyma B\u00e1squet Coru\u00f1a, Yoanki Menc\u00eda reconoci\u00f3 este mi\u00e9rcoles en la Ciudad de la Justicia de&hellip;\n","protected":false},"author":2,"featured_media":178935,"comment_status":"","ping_status":"","sticky":false,"template":"","format":"standard","meta":{"footnotes":""},"categories":[269],"tags":[6818,299,298,4652,168,25,24,14097,4129,3917,23,167,432,51015],"class_list":{"0":"post-178934","1":"post","2":"type-post","3":"status-publish","4":"format-standard","5":"has-post-thumbnail","7":"category-baloncesto","8":"tag-admite","9":"tag-baloncesto","10":"tag-basketball","11":"tag-delito","12":"tag-deportes","13":"tag-es","14":"tag-espana","15":"tag-leyma-coruna","16":"tag-mencia","17":"tag-primera-feb","18":"tag-spain","19":"tag-sports","20":"tag-violencia","21":"tag-yoanki"},"share_on_mastodon":{"url":"","error":""},"_links":{"self":[{"href":"https:\/\/www.europesays.com\/es\/wp-json\/wp\/v2\/posts\/178934","targetHints":{"allow":["GET"]}}],"collection":[{"href":"https:\/\/www.europesays.com\/es\/wp-json\/wp\/v2\/posts"}],"about":[{"href":"https:\/\/www.europesays.com\/es\/wp-json\/wp\/v2\/types\/post"}],"author":[{"embeddable":true,"href":"https:\/\/www.europesays.com\/es\/wp-json\/wp\/v2\/users\/2"}],"replies":[{"embeddable":true,"href":"https:\/\/www.europesays.com\/es\/wp-json\/wp\/v2\/comments?post=178934"}],"version-history":[{"count":0,"href":"https:\/\/www.europesays.com\/es\/wp-json\/wp\/v2\/posts\/178934\/revisions"}],"wp:featuredmedia":[{"embeddable":true,"href":"https:\/\/www.europesays.com\/es\/wp-json\/wp\/v2\/media\/178935"}],"wp:attachment":[{"href":"https:\/\/www.europesays.com\/es\/wp-json\/wp\/v2\/media?parent=178934"}],"wp:term":[{"taxonomy":"category","embeddable":true,"href":"https:\/\/www.europesays.com\/es\/wp-json\/wp\/v2\/categories?post=178934"},{"taxonomy":"post_tag","embeddable":true,"href":"https:\/\/www.europesays.com\/es\/wp-json\/wp\/v2\/tags?post=178934"}],"curies":[{"name":"wp","href":"https:\/\/api.w.org\/{rel}","templated":true}]}}