{"id":178942,"date":"2025-10-15T18:05:09","date_gmt":"2025-10-15T18:05:09","guid":{"rendered":"https:\/\/www.europesays.com\/es\/178942\/"},"modified":"2025-10-15T18:05:09","modified_gmt":"2025-10-15T18:05:09","slug":"el-consejo-profesional-de-canal-sur-dimite-en-bloque-ante-el-desprecio-de-su-director-general","status":"publish","type":"post","link":"https:\/\/www.europesays.com\/es\/178942\/","title":{"rendered":"El Consejo Profesional de Canal Sur dimite en bloque ante el \u00abdesprecio\u00bb de su director general"},"content":{"rendered":"<p class=\"article-text\">\n        El Consejo Profesional de la <a href=\"https:\/\/www.google.com\/url?sa=t&amp;source=web&amp;rct=j&amp;opi=89978449&amp;url=https:\/\/www.canalsur.es\/rtva-2809.html&amp;ved=2ahUKEwiww9yumqaQAxXJUKQEHZR3OdYQFnoECCIQAQ&amp;usg=AOvVaw2vPBQz3UTrCvV9E3nXKsRZ\" class=\"link\" rel=\"nofollow noopener\" target=\"_blank\">RTVA<\/a> ha dado un golpe en la mesa. Este martes todos sus integrantes, en bloque, han presentado su dimisi\u00f3n, seis meses despu\u00e9s de que expirara su mandato. Lo hacen, seg\u00fan reza el comunicado, por \u201cresponsabilidad\u201d y ante lo que califican como un <strong>\u201cbloqueo institucional\u201d que <\/strong><a href=\"https:\/\/www.infolibre.es\/medios\/canal-sur-deriva-manipulacion-pesar-mayorias-reforzadas_1_2033473.html\" class=\"link\" rel=\"nofollow noopener\" target=\"_blank\"><strong>amenaza la independencia<\/strong><\/a><strong> informativa<\/strong> dentro de la radiotelevisi\u00f3n p\u00fablica andaluza.\n    <\/p>\n<p class=\"article-text\">\n        El comunicado subraya que el art\u00edculo 13.1 del Estatuto Profesional de los trabajadores de la cadena p\u00fablica andaluza es claro: \u201cUna vez finalizado el mandato, debe convocarse un nuevo proceso electoral en el plazo m\u00e1ximo de un mes\u201d. Sin embargo, medio a\u00f1o despu\u00e9s, ese proceso ni siquiera se ha iniciado. \u201cNo es la primera vez que ocurre\u201d, recuerdan, se\u00f1alando que <strong>el anterior Consejo \u201clleg\u00f3 a permanecer dos a\u00f1os en funciones<\/strong>\u201d.\n    <\/p>\n<p class=\"article-text\">\n        El \u00f3rgano, que representa los intereses profesionales de las redacciones de la televisi\u00f3n y la radio p\u00fablicas, asegura haber <strong>cumplido con todas las obligaciones<\/strong> que le marca el Estatuto: informes sobre la programaci\u00f3n, tramitaci\u00f3n de quejas y defensa del trabajo territorial, especialmente el de las delegaciones locales, una de las \u00e1reas m\u00e1s sensibles en la cobertura informativa de la RTVA.\n    <\/p>\n<p class=\"article-text\">\n        La situaci\u00f3n hace tiempo que es insostenible. Desde marzo de 2024 la Direcci\u00f3n de Informativos de Televisi\u00f3n se niega a reunirse con el Consejo, denuncia el comunicado, \u00aba pesar de que, seg\u00fan el Estatuto del que nos dot\u00f3 la empresa, dichas reuniones est\u00e1n pautadas cada tres meses\u00bb. Los integrantes de este \u00f3rgano afirman que el silencio por parte de la direcci\u00f3n hace que \u00ab<strong>decenas de quejas y consultas<\/strong> <strong>de compa\u00f1eros sigan sin respuesta\u00bb.<\/strong> \u00abLa \u00faltima excusa para no hacerlo, a principios de este a\u00f1o 2025, es que con un Consejo a punto de caducar no merec\u00eda la pena reunirse\u00bb, denuncian.\n    <\/p>\n<p class=\"article-text\">\n        \u00abLa defensa del Estatuto Profesional ha sido siempre la principal motivaci\u00f3n de todas nuestras actuaciones y su incumplimiento ha sido desde el primer momento <strong>denunciado en todos nuestros comunicados<\/strong>. Un incumplimiento que ha sido la norma de actuaci\u00f3n de la actual direcci\u00f3n de la empresa, desde asuntos esenciales como el derecho de los andaluces a una informaci\u00f3n plural, independiente, imparcial, rigurosa y veraz, a asuntos de funcionamiento interno como no informarnos de los nombramientos o cambios en el \u00e1rea de informativos, de la cobertura de acontecimientos, ni de otras decisiones relevantes para el desempe\u00f1o de la labor de los y las profesionales\u00bb, han expresado.\n    <\/p>\n<p>    El director, contra sus periodistas<\/p>\n<p class=\"article-text\">\n        El Director de la RTVA, <a href=\"https:\/\/www.infolibre.es\/medios\/canal-sur-fulmina-director-informativos-vox-amenaza-juanma-moreno-complacer-psoe_1_1191792.html\" class=\"link\" rel=\"nofollow noopener\" target=\"_blank\">Juan de Dios Mellado<\/a>, neg\u00f3 estas acusaciones en su \u00faltima comparecencia ante la\u00a0Comisi\u00f3n de Control de la Agencia P\u00fablica Empresarial de la RTVA<strong>\u00a0<\/strong>en el Parlamento de Andaluc\u00eda, donde acus\u00f3 al Consejo, integrado por representantes de la redacci\u00f3n de los medios p\u00fablicos bajo su responsabilidad, de <strong>\u00abmanipular\u00bb los datos y ofrecerlos de manera \u00absesgada\u00bb<\/strong>.\n    <\/p>\n<p class=\"article-text\">\n        Este \u00f3rgano afirma llevar tres a\u00f1os esperando una reuni\u00f3n con el director general de la RTVA y cuatro sin recibir respuesta formal a sus informes, algo que el Estatuto tambi\u00e9n obliga a justificar. Tampoco prosper\u00f3 su propuesta de <strong>reforma del propio Estatuto Profesional<\/strong>, presentada hace casi un a\u00f1o para impulsar una mayor participaci\u00f3n interna y transparencia en los procesos de decisi\u00f3n.\n    <\/p>\n<p class=\"article-text\">\n        El Consejo lanza un mensaje contundente: \u201cNo vamos a ser c\u00f3mplices de la nueva estrategia de nuestra empresa para devaluar un instrumento imprescindible como es el Consejo Profesional de la RTVA\u201d. Reconocen marcharse \u201ccon orgullo por la labor realizada, aunque <strong>con tristeza por no haber podido ser m\u00e1s \u00fatiles<\/strong>\u201d, y apelan a la plantilla para que no se desentienda.\n    <\/p>\n<blockquote class=\"twitter-tweet\" data-lang=\"es\"><p><a href=\"https:\/\/twitter.com\/X\/status\/1978365955949420820?ref_src=twsrc%5Etfw\" rel=\"nofollow noopener\" target=\"_blank\"><\/p><\/blockquote>\n<p class=\"article-text\">\n        Piden tambi\u00e9n a la direcci\u00f3n y al Consejo de Administraci\u00f3n que cumplan la normativa y convoquen de inmediato las elecciones. Y, sobre todo, llaman a sus compa\u00f1eros a implicarse: \u201cEl Consejo Profesional es un <strong>\u00f3rgano de representaci\u00f3n esencial<\/strong> para el buen funcionamiento y la mejora de la informaci\u00f3n que ofrecemos a la ciudadan\u00eda andaluza\u201d.\n    <\/p>\n<p class=\"article-text\">\n        Canal Sur vive a <a href=\"https:\/\/www.infolibre.es\/medios\/canal-sur-deriva-manipulacion-pesar-mayorias-reforzadas_1_2033473.html\" target=\"_blank\" class=\"link\" rel=\"nofollow noopener\">la deriva de la manipulaci\u00f3n<\/a> desde que a su Direcci\u00f3n General lleg\u00f3 Juan de Dios Mellado directamente<strong> desde un departamento del Gobierno del actual presidente andaluz.<\/strong>\n    <\/p>\n<p>                                    <script async src=\"https:\/\/platform.twitter.com\/widgets.js\" charset=\"utf-8\"><\/script><\/p>\n","protected":false},"excerpt":{"rendered":"El Consejo Profesional de la RTVA ha dado un golpe en la mesa. Este martes todos sus integrantes,&hellip;\n","protected":false},"author":2,"featured_media":178943,"comment_status":"","ping_status":"","sticky":false,"template":"","format":"standard","meta":{"footnotes":""},"categories":[171],"tags":[25059,4632,1576,41252,2334,4796,146,147,25,24,3015,2032,23,14132,214],"class_list":{"0":"post-178942","1":"post","2":"type-post","3":"status-publish","4":"format-standard","5":"has-post-thumbnail","7":"category-tv","8":"tag-bloque","9":"tag-canal","10":"tag-consejo","11":"tag-desprecio","12":"tag-dimite","13":"tag-direccion","14":"tag-entertainment","15":"tag-entretenimiento","16":"tag-es","17":"tag-espana","18":"tag-general","19":"tag-profesional","20":"tag-spain","21":"tag-sur","22":"tag-tv"},"share_on_mastodon":{"url":"","error":""},"_links":{"self":[{"href":"https:\/\/www.europesays.com\/es\/wp-json\/wp\/v2\/posts\/178942","targetHints":{"allow":["GET"]}}],"collection":[{"href":"https:\/\/www.europesays.com\/es\/wp-json\/wp\/v2\/posts"}],"about":[{"href":"https:\/\/www.europesays.com\/es\/wp-json\/wp\/v2\/types\/post"}],"author":[{"embeddable":true,"href":"https:\/\/www.europesays.com\/es\/wp-json\/wp\/v2\/users\/2"}],"replies":[{"embeddable":true,"href":"https:\/\/www.europesays.com\/es\/wp-json\/wp\/v2\/comments?post=178942"}],"version-history":[{"count":0,"href":"https:\/\/www.europesays.com\/es\/wp-json\/wp\/v2\/posts\/178942\/revisions"}],"wp:featuredmedia":[{"embeddable":true,"href":"https:\/\/www.europesays.com\/es\/wp-json\/wp\/v2\/media\/178943"}],"wp:attachment":[{"href":"https:\/\/www.europesays.com\/es\/wp-json\/wp\/v2\/media?parent=178942"}],"wp:term":[{"taxonomy":"category","embeddable":true,"href":"https:\/\/www.europesays.com\/es\/wp-json\/wp\/v2\/categories?post=178942"},{"taxonomy":"post_tag","embeddable":true,"href":"https:\/\/www.europesays.com\/es\/wp-json\/wp\/v2\/tags?post=178942"}],"curies":[{"name":"wp","href":"https:\/\/api.w.org\/{rel}","templated":true}]}}