{"id":178955,"date":"2025-10-15T18:13:08","date_gmt":"2025-10-15T18:13:08","guid":{"rendered":"https:\/\/www.europesays.com\/es\/178955\/"},"modified":"2025-10-15T18:13:08","modified_gmt":"2025-10-15T18:13:08","slug":"el-reencuentro-de-noa-argamani-con-su-novio-tras-dos-anos-de-secuestro-estuvo-en-unas-condiciones-muy-duras-bajo-un-aislamiento-completo-y-hambruna-el-mundo","status":"publish","type":"post","link":"https:\/\/www.europesays.com\/es\/178955\/","title":{"rendered":"El reencuentro de Noa Argamani con su novio tras dos a\u00f1os de secuestro: &quot;Estuvo en unas condiciones muy duras, bajo un aislamiento completo y hambruna&quot; &#8211; El Mundo"},"content":{"rendered":"<ol>\n<li><a href=\"https:\/\/news.google.com\/rss\/articles\/CBMigwFBVV95cUxNd1NSV29FSmFXM09waUIxaHRsV0ZIVnFwLUFMXzZJUk1pdjdwV2xweVhHaUZUMTZpcjdWcnJKcGZtdFMxXzVSNFlFZlV3WElGWmhndHF5aVVudTY2NFRMNHpwVnRCTHhUYTRPX2p5V3BvV1NCZk8tVGhVcENvMFdfS18xNNIBgwFBVV95cUxOeTZVcjdvR2ZPTXp5eFVPV0ZXRms1RU12RjktRmFCblRiaTU4V2dOWVRaR3cteF9mRi00MmtCX2VRVThreVNTRnlvb0thcE5NWkpZX0JFWC1tMDJWT0E0Yl9WMW1zUzNaaGFaZlRNdWZ2VG1QTlJ3SjMzSldkUmwyM2pfRQ?oc=5\" target=\"_blank\" rel=\"nofollow noopener\">El reencuentro de Noa Argamani con su novio tras dos a\u00f1os de secuestro: \u00abEstuvo en unas condiciones muy duras, bajo un aislamiento completo y hambruna\u00bb<\/a>&nbsp;&nbsp;El Mundo<\/li>\n<li><a href=\"https:\/\/news.google.com\/rss\/articles\/CBMixwFBVV95cUxOX1JPcUtZWXVCSmNGWDhYWmNBeEJJSGlOc1pkUFM2S3B1aWtQb01yeUd6N3RFY01zRmJRb21aLXRxWkFSdDhCd3dXME9YYm5pS1JhaERmTmctOEF3VmV6Ni1uMC1GNGdQQWVPbVpQRlFsajVJVHptMGswcHF3ak1CaDZta3luZ2lZQUUtWFpmUjlRRkFRQmxDajJWa1ZCRGtyb1VzUlQyOU1pWGZlU3h3UkdCbWJPVXFOWGdXbVlkR3NrWlp6cWE0?oc=5\" target=\"_blank\" rel=\"nofollow noopener\">De cavar su propia fosa a abrazar a su amigo de la infancia: el emotivo reencuentro de dos rehenes de Ham\u00e1s<\/a>&nbsp;&nbsp;El Correo<\/li>\n<li><a href=\"https:\/\/news.google.com\/rss\/articles\/CBMi5gFBVV95cUxNa21mN0pJcjNGWksxRnJOd0JZQUVMQWxrNUlObklEbmU0cjJQY2Y3QzhFOWNQOFlRMjVfT3h5b3JuYWFaTncwcG5rWFpMWVNGUVZocHRuUFV3MDYwVkxobmhkWXpKdDcyQWVhVFh5RWlWZlI1NkxhWHFKVzZIbWY4WTZxVWFyRzkxQ3ZIbUF6dVBDRlhoc09wblhWcF95YVUtc3AyYnZfczNiVDBWUTNCX2xucDhZTno4UVBMRmpid0c2ekM3c09mMDlDZURQUi1iWmdTNlRQYjU4SVJrQ3JnUlNDX0Y2dw?oc=5\" target=\"_blank\" rel=\"nofollow noopener\">Qu\u00e9 hizo Nvidia, la compa\u00f1\u00eda m\u00e1s valiosa del mundo, con uno de sus empleados, ex reh\u00e9n de Hamas<\/a>&nbsp;&nbsp;La Naci\u00f3n<\/li>\n<li><a href=\"https:\/\/news.google.com\/rss\/articles\/CBMisAFBVV95cUxNd2FlTk5FUTg3Z1FmOVp3M2pPbGl0czhpN0JfaEdWZ2pqQ2hERUNRb3pGcmtGbExoRzFhV0o0NGJ2RkVVY3NrSENRd1NsQ0l3Y0FxN1RKQjh3V1JWdmpleUE4RnRrclhLRTlmanFybjFKWmVHUEMxSHhGQ2MzRHVSZHgwQkQtLU5CMUl2MmNnUUxEWmJ5WDNzWTd5QlBpekdNOUE5QjRtX0VpX3BKS2dieQ?oc=5\" target=\"_blank\" rel=\"nofollow noopener\">El padre de Avinatan Or dice que su hijo fue esposado a una jaula en Gaza<\/a>&nbsp;&nbsp;israelnoticias.com<\/li>\n<li><a href=\"https:\/\/news.google.com\/rss\/articles\/CBMigAJBVV95cUxNV1prWmxGdHlyVnltMEpLNW5XTzhCUVdHOEZJX2JhZDhvWTFXRDJhR3JTendwaHZoVmViaEdmX3FVdkZqUHRkcjRZN0tEUktDWVVUQzdCaEw4bW9aTml1MDcyNmpVaWxiU0lob21uVFMtLUhtSDJPZ3BnNW83c0dZSmJNZERDSS1GaHdGYW9QdHlkem0yZ3c0Vzg3NHM5S2FwR3I2UVhvbXV4WHZxU25BSmVaMjRXYlhYSU9fZ1ZJVW9jZ2R6QzhuOHI2OHdqOFZ6NlpmQVdYVnhTcWk2RkUwc0ZSQjItekx3TEtKZ1JRdWVTRmJSMTdZMndEc0FjSi1H?oc=5\" target=\"_blank\" rel=\"nofollow noopener\">El director ejecutivo de Nvidia, Jenson Huang Hamas, expres\u00f3 su gratitud despu\u00e9s de que Huang Hamas liberara a un empleado israel\u00ed. \u2013 Noticias Huesca<\/a>&nbsp;&nbsp;noticiashuesca.com<\/li>\n<\/ol>\n","protected":false},"excerpt":{"rendered":"El reencuentro de Noa Argamani con su novio tras dos a\u00f1os de secuestro: \u00abEstuvo en unas condiciones muy&hellip;\n","protected":false},"author":2,"featured_media":178956,"comment_status":"","ping_status":"","sticky":false,"template":"","format":"standard","meta":{"footnotes":""},"categories":[42],"tags":[17,18,13,14,11,61,62,63,64,19,20,9,44827,10,15,16,12,21,22,65,66,67],"class_list":{"0":"post-178955","1":"post","2":"type-post","3":"status-publish","4":"format-standard","5":"has-post-thumbnail","7":"category-internacional","8":"tag-breaking-news","9":"tag-breakingnews","10":"tag-featured-news","11":"tag-featurednews","12":"tag-headlines","13":"tag-internacional","14":"tag-international","15":"tag-international-news","16":"tag-internationalnews","17":"tag-latest-news","18":"tag-latestnews","19":"tag-news","20":"tag-nlpremium","21":"tag-noticias","22":"tag-noticias-destacadas","23":"tag-noticiasdestacadas","24":"tag-titulares","25":"tag-ultimas-noticias","26":"tag-ultimasnoticias","27":"tag-world","28":"tag-world-news","29":"tag-worldnews"},"share_on_mastodon":{"url":"","error":""},"_links":{"self":[{"href":"https:\/\/www.europesays.com\/es\/wp-json\/wp\/v2\/posts\/178955","targetHints":{"allow":["GET"]}}],"collection":[{"href":"https:\/\/www.europesays.com\/es\/wp-json\/wp\/v2\/posts"}],"about":[{"href":"https:\/\/www.europesays.com\/es\/wp-json\/wp\/v2\/types\/post"}],"author":[{"embeddable":true,"href":"https:\/\/www.europesays.com\/es\/wp-json\/wp\/v2\/users\/2"}],"replies":[{"embeddable":true,"href":"https:\/\/www.europesays.com\/es\/wp-json\/wp\/v2\/comments?post=178955"}],"version-history":[{"count":0,"href":"https:\/\/www.europesays.com\/es\/wp-json\/wp\/v2\/posts\/178955\/revisions"}],"wp:featuredmedia":[{"embeddable":true,"href":"https:\/\/www.europesays.com\/es\/wp-json\/wp\/v2\/media\/178956"}],"wp:attachment":[{"href":"https:\/\/www.europesays.com\/es\/wp-json\/wp\/v2\/media?parent=178955"}],"wp:term":[{"taxonomy":"category","embeddable":true,"href":"https:\/\/www.europesays.com\/es\/wp-json\/wp\/v2\/categories?post=178955"},{"taxonomy":"post_tag","embeddable":true,"href":"https:\/\/www.europesays.com\/es\/wp-json\/wp\/v2\/tags?post=178955"}],"curies":[{"name":"wp","href":"https:\/\/api.w.org\/{rel}","templated":true}]}}