{"id":178961,"date":"2025-10-15T18:16:09","date_gmt":"2025-10-15T18:16:09","guid":{"rendered":"https:\/\/www.europesays.com\/es\/178961\/"},"modified":"2025-10-15T18:16:09","modified_gmt":"2025-10-15T18:16:09","slug":"balonmano-balonmano-contazara-los-supervivientes-del-balonmano-aragon-en-el-contazara-queremos-que-la-aficion-vuelva-a-llenar-el-pabellon","status":"publish","type":"post","link":"https:\/\/www.europesays.com\/es\/178961\/","title":{"rendered":"Balonmano | Balonmano Contazara | Los supervivientes del Balonmano Arag\u00f3n en el Contazara: \u00abQueremos que la afici\u00f3n vuelva a llenar el pabell\u00f3n\u00bb"},"content":{"rendered":"<p class=\"ft-text\">La historia del balonmano en Zaragoza ha vivido etapas de esplendor y tambi\u00e9n de dificultades. El hist\u00f3rico Balonmano Arag\u00f3n desapareci\u00f3 en 2016 por problemas econ\u00f3micos. Hoy, casi una d\u00e9cada despu\u00e9s, <strong>\u00c1lvaro del Valle, Quique Camas y Jorge G\u00f3mez, que jugaron en aquel equipo, forman parte del Balonmano Contazara, que ascendi\u00f3 a la Divisi\u00f3n de Honor Plata la pasada temporada<\/strong>. Los tres coinciden en que el inicio de temporada ha sido duro, pero los \u00e1nimos no decaen entre los jugadores. Han competido contra rivales potentes como el <strong>Puerto Sagunto, a quienes consiguieron ganar, y Oviedo, con el que empataron<\/strong> tras dejar escapar una c\u00f3moda ventaja en la primera parte del partido.<\/p>\n<p class=\"ft-text\">Jorge G\u00f3mez pone en valor ese arranque: \u00abNos ha tocado contra los equipos que van a estar arriba en la clasificaci\u00f3n y c<strong>omo novatos en la categor\u00eda eso es un h\u00e1ndicap<\/strong>, pero hicimos un partido muy completo ante el Puerto Sagunto, que el a\u00f1o pasado estuvo a punto de subir\u00bb. Ahora, subraya, llegan \u00ab<strong>los partidos que no se pueden escapar, los de nuestra liga<\/strong>\u00ab.<\/p>\n<p class=\"ft-text\">Uno de los<strong> grandes atractivos del Contazara es su identidad local<\/strong>. La mayor\u00eda de los jugadores son de Zaragoza, algo que era justo lo contrario en los tiempos del Balonmano Arag\u00f3n. \u00ab<strong>Antes ten\u00edamos tres jugadores de aqu\u00ed y el resto eran fichajes, ahora es al rev\u00e9s y eso engancha a la gente<\/strong>\u00ab, explica Quique Camas. Para \u00e9l, este cambio no es mejor ni peor, sino diferente, pero s\u00ed resalta que llevar \u00abel equipo de tu ciudad con chavales de aqu\u00ed est\u00e1 muy guay\u00bb. Del Valle tambi\u00e9n ve una ventaja en ese arraigo: \u00abMuchos hemos crecido juntos y <strong>eso se nota en la pista porque ya nos conocemos<\/strong>\u00ab.<\/p>\n<p class=\"ft-text\">Aunque las ra\u00edces de ambos equipos sean comunes, <strong>el Balonmano Arag\u00f3n y el Contazara representan dos modelos muy diferentes<\/strong>. Jorge G\u00f3mez lo resume en que \u00abaquello fue un club con presupuesto millonario que cada vez iba a menos. Esto es justo al contrario, <strong>un proyecto que empez\u00f3 de muy abajo y que va creciendo a\u00f1o tras a\u00f1o<\/strong> con m\u00e1s apoyos e ilusi\u00f3n\u00bb, y recuerda que \u00ab<strong>a mitad de temporada se dio la carta de libertad a muchos jugadores y en la segunda vuelta nos toc\u00f3 viajar en furgonetas<\/strong>\u00ab. Camas, por su parte, remarca la uni\u00f3n del grupo: \u00abNos conocemos todos, sabemos de qu\u00e9 pie cojea cada uno. Cuando a uno le pasa algo, nos pasa a todos\u00bb. Los tres han vivido diferentes etapas en su carrera, pero comparten una visi\u00f3n: han evolucionado hacia un juego m\u00e1s colectivo y maduro. \u00abAntes pensaba m\u00e1s en mis goles, <strong>ahora lo importante es que el equipo gane<\/strong>\u00ab, afirma \u00c1lvaro.<\/p>\n<p class=\"ft-text\">Quique Camas, que compagina el balonmano con su negocio, destaca c\u00f3mo el paso del tiempo le ha dado madurez: \u00abF\u00edsicamente me sigo encontrando bien porque me cuido, pero <strong>ahora juego con m\u00e1s cabeza y manejo la presi\u00f3n de otra forma<\/strong>\u00ab. Jorge G\u00f3mez valora el poder seguir jugando en su ciudad: \u00abHe estado en muchos equipos, pero esto es especial, <strong>jugar con compa\u00f1eros que ya son como mis amigos<\/strong>\u00ab.<\/p>\n<p class=\"ft-text\">El objetivo inmediato del equipo es claro: mantener la categor\u00eda, pero \u00ab<strong>podemos ganar a cualquiera<\/strong> si estamos centrados los 60 minutos\u00bb, apunta Camas. Los tres coinciden en un deseo com\u00fan: <strong>que la afici\u00f3n vuelva a llenar el pabell\u00f3n. \u00abAntes ten\u00edamos mucha masa social, queremos que la gente venga a vernos\u00bb<\/strong>, admite G\u00f3mez, portero del Contazara, que sigue haciendo su camino.<\/p>\n","protected":false},"excerpt":{"rendered":"La historia del balonmano en Zaragoza ha vivido etapas de esplendor y tambi\u00e9n de dificultades. El hist\u00f3rico Balonmano&hellip;\n","protected":false},"author":2,"featured_media":178962,"comment_status":"","ping_status":"","sticky":false,"template":"","format":"standard","meta":{"footnotes":""},"categories":[278],"tags":[4499,376,414,168,25,24,375,1045,6213,23,167,3947],"class_list":{"0":"post-178961","1":"post","2":"type-post","3":"status-publish","4":"format-standard","5":"has-post-thumbnail","7":"category-balonmano","8":"tag-aragon","9":"tag-balonmano","10":"tag-contazara","11":"tag-deportes","12":"tag-es","13":"tag-espana","14":"tag-handball","15":"tag-partido","16":"tag-queremos","17":"tag-spain","18":"tag-sports","19":"tag-supervivientes"},"share_on_mastodon":{"url":"","error":""},"_links":{"self":[{"href":"https:\/\/www.europesays.com\/es\/wp-json\/wp\/v2\/posts\/178961","targetHints":{"allow":["GET"]}}],"collection":[{"href":"https:\/\/www.europesays.com\/es\/wp-json\/wp\/v2\/posts"}],"about":[{"href":"https:\/\/www.europesays.com\/es\/wp-json\/wp\/v2\/types\/post"}],"author":[{"embeddable":true,"href":"https:\/\/www.europesays.com\/es\/wp-json\/wp\/v2\/users\/2"}],"replies":[{"embeddable":true,"href":"https:\/\/www.europesays.com\/es\/wp-json\/wp\/v2\/comments?post=178961"}],"version-history":[{"count":0,"href":"https:\/\/www.europesays.com\/es\/wp-json\/wp\/v2\/posts\/178961\/revisions"}],"wp:featuredmedia":[{"embeddable":true,"href":"https:\/\/www.europesays.com\/es\/wp-json\/wp\/v2\/media\/178962"}],"wp:attachment":[{"href":"https:\/\/www.europesays.com\/es\/wp-json\/wp\/v2\/media?parent=178961"}],"wp:term":[{"taxonomy":"category","embeddable":true,"href":"https:\/\/www.europesays.com\/es\/wp-json\/wp\/v2\/categories?post=178961"},{"taxonomy":"post_tag","embeddable":true,"href":"https:\/\/www.europesays.com\/es\/wp-json\/wp\/v2\/tags?post=178961"}],"curies":[{"name":"wp","href":"https:\/\/api.w.org\/{rel}","templated":true}]}}