{"id":179000,"date":"2025-10-15T18:40:11","date_gmt":"2025-10-15T18:40:11","guid":{"rendered":"https:\/\/www.europesays.com\/es\/179000\/"},"modified":"2025-10-15T18:40:11","modified_gmt":"2025-10-15T18:40:11","slug":"la-dulce-observacion-de-morante-el-mundo","status":"publish","type":"post","link":"https:\/\/www.europesays.com\/es\/179000\/","title":{"rendered":"La dulce observaci\u00f3n de Morante &#8211; El Mundo"},"content":{"rendered":"<ol>\n<li><a href=\"https:\/\/news.google.com\/rss\/articles\/CBMiiwFBVV95cUxOQTVUZXdfdS1GU3FNQl9DVDdBUUNZakhjR1FscGM0RXBsLThGUDhEN0xLcHNMTnNuc2hRdU54aDVJdEJCc2gyUURwekwyZUtRR0hYNkV6MTZmTW1yRlZodWppU1VVZUlJWnJMVU9KQkJUWUd5WnU0QjdmTFpOWWJrY2dMXzBJSUpKVk5j0gGLAUFVX3lxTE1GZlpIVGhtZm9pV2ZIemFGUFhRZkgwbEc3RzVCN0NIaWYzT016YXk2LWY1Y01LSGxYM3pSTzF4TXlQZ2k1VlR5VVF0WU9ic0thdWlLZXliaE41SHJyT2pKcDhoUlZaU2ZjRUZtT1dUaGRyVGV0Y3pfY2Mzdlh3cXc2RldaaDNRSDRNcFU?oc=5\" target=\"_blank\" rel=\"nofollow noopener\">La dulce observaci\u00f3n de Morante<\/a>&nbsp;&nbsp;El Mundo<\/li>\n<li><a href=\"https:\/\/news.google.com\/rss\/articles\/CBMiuAFBVV95cUxPZjlHUDJ5MmtqYWlQcENjbnMxZTdxcW50bS0tMWJRQTNSOHdRcXBtckw2MnVqUWNGRGcxU3ktaV9fQ3FaMzI2a0xnR05wNHFqM3RjZU1aSFpndGR5eHBBeTdTaDJQZ0t2Qm53Y1JCblpWY21XZ3pJdWt2V2k5UFZwSzVVYllLcUJ3QnlRbno1NDRWTk1Qd1JXVFBRSXRwUkswR0NVV01YS2JSdTJ4WEd2UlJZZ0lnZ19X0gG-AUFVX3lxTE5lY2RyaE82TTFfZDF4SFlMZ2JFd09xVHNBcGhWeXVjZjhYSGd2NzNPUEpTa01oYXFId0ZNRG5LQ0RtNHN1RW9BQmxhSUp4b1FOR05aU0x1Qk1Ba25Zc0VNU1NOYUo0Mm5qN2pkRmMwWkRMWlRvdWJ2Z2NnWFp5a2M5RGtpODNuODM2eVoxcFBpVjNqd1JWNk10cFRHSG53NllzVlU3NzFHRnV4WjhQMnY4VF80cTNXTmo3TnJYQnc?oc=5\" target=\"_blank\" rel=\"nofollow noopener\">El amor de Morante de la Puebla y Elisabeth Garrido: una boda discreta, dos hijos en com\u00fan y 15 a\u00f1os juntos<\/a>&nbsp;&nbsp;Mujerhoy<\/li>\n<li><a href=\"https:\/\/news.google.com\/rss\/articles\/CBMirAFBVV95cUxPX3pqUWp5dkFqVDEyaGhzQzRQRWRtUEdSc01iTXZVQzd3Y1J1ZDR1RmYxbl9RSVFIUkdLbGpHTWFUWGNsRTZUSTZ6RFE0VTBrWEpETHd5SERGZGtKc0RMbEQyckdLS1hVRDZHSDlHaFZGdEdVVjd5ZVpKSGlVZGlVdnVqSHk2cXBqeFpLa25zQ1JLb0dBTWxZZ3VOdGR6Wjh3RWZZT1hFRkJLbEtp?oc=5\" target=\"_blank\" rel=\"nofollow noopener\">Fran, el alguacilillo que entreg\u00f3 las dos \u00faltimas orejas a Morante: \u00abVolver\u00e1 y habr\u00e1 m\u00e1s\u00bb<\/a>&nbsp;&nbsp;ABC<\/li>\n<li><a href=\"https:\/\/news.google.com\/rss\/articles\/CBMigAJBVV95cUxQczlzenFORkV4QjM3ZEF3aWpPMGxGRVVweHBiYlY4ZnczMC1GQzNOQXN2Q2JyNzNYOVlBS2tFMFhNS0NMaHIzUUhIczY3NEVraXFGOXRmaGFGVWhSb2h6eG1idW1xNnk5SUlLRDU2SjhORnFjNG5jNzhxYjRqd21mOWVTMWY1NE9PTzR0c3BSVEoxNFJfVElEQkluSzlDTnhmek10eWFfZU05NDQwb2JvY1VhLXZzWlltejJlbjJuZEZBbEcwdi1iZ0ctRUpOa2U0Rno0U21pbHRLNVFUQ09kV2pVTjZ4cXlyX0txM2Y3MzcyRWpTbVIzZXBabVR4SmI30gGAAkFVX3lxTE5jRFFjMlMzdDdoM0RHVVRRMnA0elByVTRvblgwMHZYWDNJSG5zZ09qdzZhdVNEUi13cGstUVhtQXpBV2JYZ0tJYndxSVVqLXVGcHZTZ3lGd2ZiU2dvWW5qQWZwbXRnNnJCaUJSU0pzMUV5N3NLSjB3WFppZ1R1WTZtaENLY0hSc2stMEwtTXJJR2J5TjNFUzk2OGtzOHBLbkhVMkUxTlJHZDR4U1RGRWx4a1BpVnlNbWR1NUZGQTI0SzE0SXFHNHJlTWFkTnA5SFpoN2hKeXZEd0ZoN2ZCNlRRRDVfakxwVHFCMnhSN0FoMTJYTHdRd2c3TnJZVWFlNGk?oc=5\" target=\"_blank\" rel=\"nofollow noopener\">El motivo de la repentina retirada de Morante de la Puebla: \u00abNo se pod\u00eda reajustar su tratamiento si estaba en<\/a>&nbsp;&nbsp;Antena 3<\/li>\n<li><a href=\"https:\/\/news.google.com\/rss\/articles\/CBMihwJBVV95cUxQQmtFNlkxNmZsZm5UVFMxQXJnSWVjWnphc0o4UEtia1JNU09TRy1OZjRtR2R5b0dLNDhhQXFveTJqQTVfWWVpLUVwUGowaDB4SjlvU0tfNnYtejdBWUw1T0kxQ2NsOEZRZE5ZR3JyT3NGU0dLR2VLckk2ekdhVExyM216V2lXT3lta1VSdTNVREZ5cGdQOFRGZWl6VTBjZlRnWUZEOVV5b3M3YjNZd3U5UUNJdEVwNmhUUy04WEE4cU81bWwwMVhkZVBSNUIwY0FkUTFuUDZfSGFtd2diVjBxS09TZUJVMXdHTlBLbjRWY09hN28tN290OENfTWNNdjNXbEkwa1kzcw?oc=5\" target=\"_blank\" rel=\"nofollow noopener\">Mariano Garc\u00eda (Donald) sobre Morante de la Puebla: \u00abQuienes quieren al torero, deben ver la persona que hay detr\u00e1s del genio\u00bb<\/a>&nbsp;&nbsp;Cadena SER<\/li>\n<\/ol>\n","protected":false},"excerpt":{"rendered":"La dulce observaci\u00f3n de Morante&nbsp;&nbsp;El Mundo El amor de Morante de la Puebla y Elisabeth Garrido: una boda&hellip;\n","protected":false},"author":2,"featured_media":179001,"comment_status":"","ping_status":"","sticky":false,"template":"","format":"standard","meta":{"footnotes":""},"categories":[277],"tags":[373,168,25,24,51031,23,167,374],"class_list":{"0":"post-179000","1":"post","2":"type-post","3":"status-publish","4":"format-standard","5":"has-post-thumbnail","7":"category-toreo","8":"tag-bullfighting","9":"tag-deportes","10":"tag-es","11":"tag-espana","12":"tag-opinion-columnistas","13":"tag-spain","14":"tag-sports","15":"tag-toreo"},"share_on_mastodon":{"url":"","error":""},"_links":{"self":[{"href":"https:\/\/www.europesays.com\/es\/wp-json\/wp\/v2\/posts\/179000","targetHints":{"allow":["GET"]}}],"collection":[{"href":"https:\/\/www.europesays.com\/es\/wp-json\/wp\/v2\/posts"}],"about":[{"href":"https:\/\/www.europesays.com\/es\/wp-json\/wp\/v2\/types\/post"}],"author":[{"embeddable":true,"href":"https:\/\/www.europesays.com\/es\/wp-json\/wp\/v2\/users\/2"}],"replies":[{"embeddable":true,"href":"https:\/\/www.europesays.com\/es\/wp-json\/wp\/v2\/comments?post=179000"}],"version-history":[{"count":0,"href":"https:\/\/www.europesays.com\/es\/wp-json\/wp\/v2\/posts\/179000\/revisions"}],"wp:featuredmedia":[{"embeddable":true,"href":"https:\/\/www.europesays.com\/es\/wp-json\/wp\/v2\/media\/179001"}],"wp:attachment":[{"href":"https:\/\/www.europesays.com\/es\/wp-json\/wp\/v2\/media?parent=179000"}],"wp:term":[{"taxonomy":"category","embeddable":true,"href":"https:\/\/www.europesays.com\/es\/wp-json\/wp\/v2\/categories?post=179000"},{"taxonomy":"post_tag","embeddable":true,"href":"https:\/\/www.europesays.com\/es\/wp-json\/wp\/v2\/tags?post=179000"}],"curies":[{"name":"wp","href":"https:\/\/api.w.org\/{rel}","templated":true}]}}