{"id":179006,"date":"2025-10-15T18:44:05","date_gmt":"2025-10-15T18:44:05","guid":{"rendered":"https:\/\/www.europesays.com\/es\/179006\/"},"modified":"2025-10-15T18:44:05","modified_gmt":"2025-10-15T18:44:05","slug":"un-ciclista-de-burgos-expulsado-y-vetado-de-por-vida-de-china-por-una-publicacion-en-redes-sociales","status":"publish","type":"post","link":"https:\/\/www.europesays.com\/es\/179006\/","title":{"rendered":"Un ciclista de Burgos, expulsado y vetado de por vida de China por una publicaci\u00f3n en redes sociales"},"content":{"rendered":"<p><img fetchpriority=\"high\" class=\"v-a-img\" src=\"https:\/\/www.europesays.com\/es\/wp-content\/uploads\/2025\/10\/ciclista-burgos-bh-k0zH-U2303387245370Re-1200x840@Burgosconecta.jpg\" loading=\"eager\" decoding=\"async\" alt=\"Mario Aparicio, ciclista del Burgos BH.\"  width=\"1200\" height=\"840\"\/><\/p>\n<p>Mario Aparicio, ciclista del Burgos BH.          BurgosBH        <\/p>\n<p>El deportista del Burgos BH, Mario Aparicio, ha sido expulsado de China y se le ha prohibido la entrada de por vida al pa\u00eds por un mensaje que ha colgado en su perfil de Strava<\/p>\n<p class=\"v-mdl-ath__p v-mdl-ath__p--6\">\nMi\u00e9rcoles, 15 de octubre 2025, 18:58<\/p>\n<p class=\"v-p\">El ciclista Mario Aparicio (Burgos BH) fue expulsado el domingo del Tour de Mentougou, en China, tras concluir la primera de las tres etapas de la carrera por colocar el icono de un cerdo junto a la bandera del pa\u00eds asi\u00e1tico. La pol\u00e9mica publicaci\u00f3n, subida al perfil de Strava del corredor, fue borrada pocas horas despu\u00e9s tras la pol\u00e9mica generada en las redes sociales de China.<\/p>\n<p class=\"v-p\">Seg\u00fan publica <a href=\"https:\/\/www.elcorreo.com\/deportes\/ciclismo\/expulsan-ciclista-espanol-carrera-poner-icono-cerdo-20251015100833-nt.html\" title=\"www.elcorreo.com\" data-voc-vtm-id=\"in-text-traffic\" data-mrf-link=\"www.elcorreo.com\" rel=\"nofollow noopener\" target=\"_blank\">El Correo<\/a> de fuentes cercanas al entorno del ciclista, China ha prohibido su entrada al pa\u00eds y ni siquiera podr\u00e1 hacer escala en sus aeropuertos. La empresa organizadora de la prueba, una vez conocido lo sucedido con Aparicio, decidi\u00f3 descalificarle por violar \u00abel reglamento del torneo y el c\u00f3digo de \u00e9tica deportiva\u00bb.<\/p>\n<p><img decoding=\"async\" loading=\"lazy\" src=\"https:\/\/www.europesays.com\/es\/wp-content\/uploads\/2025\/10\/tuit-ciclista-china-x-k0zH--650x455@Burgosconecta.jpg\" class=\"v-a-img\" width=\"650\" height=\"455\" alt=\"La publicaci\u00f3n subida al perfil de Strava del ciclista.\" data-voc-vtm-id=\"in-text-traffic\"\/><\/p>\n<p>La publicaci\u00f3n subida al perfil de Strava del ciclista.<\/p>\n<p>EC<\/p>\n<p><img loading=\"lazy\" decoding=\"async\" src=\"https:\/\/www.europesays.com\/es\/wp-content\/uploads\/2025\/10\/tuit-ciclista-china-x-k0zH--1920x1344@Burgosconecta.jpg\" class=\"v-mdl__img-z\" width=\"1920\" height=\"1344\" alt=\"\"\/><\/p>\n<p class=\"v-p\">El joven ciclista de 25 a\u00f1os, natural de Aranda de Duero, fue descalificado de la carrera el primer d\u00eda y desde el equipo burgal\u00e9s denuncian que recibi\u00f3 \u00abmuchas amenazas de muerte\u00bb por parte de aficionados locales. Desde el Burgos BH aseguran que la publicaci\u00f3n se trat\u00f3 de \u00abuna broma hacia el compa\u00f1ero que hab\u00eda ganado la etapa, algo sin malicia y sin relaci\u00f3n con el pueblo chino\u00bb.<\/p>\n<p class=\"v-p\">El Tour de Mentougou, una carrera de segunda categor\u00eda en el ciclismo, acab\u00f3 con un \u00e9xito rotundo para el Burgos BH. Carlos Garc\u00eda Pierna se llev\u00f3 la general y estuvo acompa\u00f1ado en el podio por sus compa\u00f1eros Cl\u00e9ment Alleno y Antonio Angulo. Jos\u00e9 Luis Faura, tambi\u00e9n del equipo castellano, acab\u00f3 sexto.<\/p>\n<p>Reporta un error<\/p>\n","protected":false},"excerpt":{"rendered":"Mario Aparicio, ciclista del Burgos BH. BurgosBH El deportista del Burgos BH, Mario Aparicio, ha sido expulsado de&hellip;\n","protected":false},"author":2,"featured_media":179007,"comment_status":"","ping_status":"","sticky":false,"template":"","format":"standard","meta":{"footnotes":""},"categories":[273],"tags":[623,1615,313,1757,312,168,25,24,7625,14737,2311,2312,23,167,9720,2606],"class_list":{"0":"post-179006","1":"post","2":"type-post","3":"status-publish","4":"format-standard","5":"has-post-thumbnail","7":"category-ciclismo","8":"tag-burgos","9":"tag-china","10":"tag-ciclismo","11":"tag-ciclista","12":"tag-cycling","13":"tag-deportes","14":"tag-es","15":"tag-espana","16":"tag-expulsado","17":"tag-publicacion","18":"tag-redes","19":"tag-sociales","20":"tag-spain","21":"tag-sports","22":"tag-vetado","23":"tag-vida"},"share_on_mastodon":{"url":"","error":""},"_links":{"self":[{"href":"https:\/\/www.europesays.com\/es\/wp-json\/wp\/v2\/posts\/179006","targetHints":{"allow":["GET"]}}],"collection":[{"href":"https:\/\/www.europesays.com\/es\/wp-json\/wp\/v2\/posts"}],"about":[{"href":"https:\/\/www.europesays.com\/es\/wp-json\/wp\/v2\/types\/post"}],"author":[{"embeddable":true,"href":"https:\/\/www.europesays.com\/es\/wp-json\/wp\/v2\/users\/2"}],"replies":[{"embeddable":true,"href":"https:\/\/www.europesays.com\/es\/wp-json\/wp\/v2\/comments?post=179006"}],"version-history":[{"count":0,"href":"https:\/\/www.europesays.com\/es\/wp-json\/wp\/v2\/posts\/179006\/revisions"}],"wp:featuredmedia":[{"embeddable":true,"href":"https:\/\/www.europesays.com\/es\/wp-json\/wp\/v2\/media\/179007"}],"wp:attachment":[{"href":"https:\/\/www.europesays.com\/es\/wp-json\/wp\/v2\/media?parent=179006"}],"wp:term":[{"taxonomy":"category","embeddable":true,"href":"https:\/\/www.europesays.com\/es\/wp-json\/wp\/v2\/categories?post=179006"},{"taxonomy":"post_tag","embeddable":true,"href":"https:\/\/www.europesays.com\/es\/wp-json\/wp\/v2\/tags?post=179006"}],"curies":[{"name":"wp","href":"https:\/\/api.w.org\/{rel}","templated":true}]}}