{"id":179008,"date":"2025-10-15T18:45:10","date_gmt":"2025-10-15T18:45:10","guid":{"rendered":"https:\/\/www.europesays.com\/es\/179008\/"},"modified":"2025-10-15T18:45:10","modified_gmt":"2025-10-15T18:45:10","slug":"racing-bulls-presenta-un-diseno-de-tortuga-para-el-gran-premio-de-estados-unidos-noticia-de-f1","status":"publish","type":"post","link":"https:\/\/www.europesays.com\/es\/179008\/","title":{"rendered":"Racing Bulls presenta un dise\u00f1o de tortuga para el Gran Premio de Estados Unidos &#8211; Noticia de F1"},"content":{"rendered":"<p>\n                Racing Bulls present\u00f3 un dise\u00f1o inspirado en su patrocinador. (Foto: Red Bull Content Pool)\n              <\/p>\n<p><strong>Racing Bulls<\/strong> present\u00f3 una decoraci\u00f3n especial para el <strong>Gran Premio de Estados Unidos<\/strong> este fin de semana en <strong>Austin<\/strong> el mi\u00e9rcoles. El equipo italiano llevar\u00e1 el <strong>VCARB 02<\/strong> a la pista con un nuevo dise\u00f1o de caparaz\u00f3n de tortuga, combinado con una tem\u00e1tica de rodeo, en tonos negro, marr\u00f3n y dorado.<\/p>\n<p>El nuevo dise\u00f1o est\u00e1 inspirado en una tarjeta de <strong>Cash App<\/strong>, patrocinador del equipo, lanzada este a\u00f1o en colaboraci\u00f3n con el artista estadounidense <strong>Shaboozey<\/strong>, quien tambi\u00e9n protagoniz\u00f3 un cortometraje para promocionar la colaboraci\u00f3n.<\/p>\n<p>Adem\u00e1s de los coches, el estampado de tortuga tambi\u00e9n estar\u00e1 presente en los monos de los pilotos <strong>Isack Hadjar<\/strong> y <strong>Liam Lawson<\/strong>, el uniforme del equipo e incluso en la decoraci\u00f3n de la calle de boxes durante todo el fin de semana.<\/p>\n<p>\ud83d\udfe5\u00a0<strong>\u00a1Todas las novedades te esperan en el canal de\u00a0<\/strong><a href=\"https:\/\/www.youtube.com\/@GrandePremioES\" rel=\"nofollow noopener\" target=\"_blank\">YouTube<\/a><strong>\u00a0de Grande Pr\u00eamio en Espa\u00f1ol!<\/strong>\u00a0\ud83d\udfe8<\/p>\n<p><img decoding=\"async\" data-attachment-id=\"369523\" data-permalink=\"https:\/\/grandepremio.com\/es\/?attachment_id=369523\" data-orig-file=\"https:\/\/grandepremio.com\/cdn-cgi\/image\/width=893,height=558,fit=contain,gravity=0.5x0.5,quality=75,format=webp\/es\/wp-content\/uploads\/..\/gp_br_uploads\/2025\/10\/G3UQ6wyWEAA8pwM.jpeg\" data-orig-size=\"\" data-comments-opened=\"1\" data-image-meta=\"[]\" data-image-title=\"F1 2025, ESTADOS UNIDOS, RACING BULLS\" data-image-description=\"\" data-image-caption=\"&lt;p&gt;Racing Bulls present\u00f3 un dise\u00f1o especial para el GP de Estados Unidos. (Foto: Red Bull Content Pool)&lt;\/p&gt;&#10;\" data-medium-file=\"https:\/\/grandepremio.com\/cdn-cgi\/image\/width=893,height=558,fit=contain,gravity=0.5x0.5,quality=75,format=webp\/es\/wp-content\/uploads\/..\/gp_br_uploads\/2025\/10\/G3UQ6wyWEAA8pwM.jpeg\" data-large-file=\"https:\/\/grandepremio.com\/cdn-cgi\/image\/width=893,height=558,fit=contain,gravity=0.5x0.5,quality=75,format=webp\/es\/wp-content\/uploads\/..\/gp_br_uploads\/2025\/10\/G3UQ6wyWEAA8pwM.jpeg\" src=\"https:\/\/www.europesays.com\/es\/wp-content\/uploads\/2025\/10\/G3UQ6wyWEAA8pwM.jpeg\" alt=\"\" class=\"wp-image-369523\"\/>Racing Bulls present\u00f3 un dise\u00f1o especial para el GP de Estados Unidos. (Foto: Red Bull Content Pool)<\/p>\n<p>\u23e9\u00a0<strong>\u00a1Seguinos en redes por\u00a0<\/strong><a href=\"https:\/\/twitter.com\/grandepremioES\" rel=\"nofollow noopener\" target=\"_blank\">Twitter\u00a0<\/a><strong>e\u00a0<\/strong><a href=\"https:\/\/www.instagram.com\/grandepremioes\/\" rel=\"nofollow noopener\" target=\"_blank\">Instagram!<br \/><\/a>\u23e9\u00a0<strong>Adem\u00e1s, tenemos nuestro\u00a0<\/strong><a href=\"https:\/\/whatsapp.com\/channel\/0029VaDZ5zb0gcfDxuwxBM05\" rel=\"nofollow noopener\" target=\"_blank\">canal de Whatsapp<\/a><strong>\u00a0con toda la informaci\u00f3n al instante<\/strong>\u00a0\ud83c\udfc1<\/p>\n<p>El director ejecutivo del equipo, <strong>Peter Bayer<\/strong>, destac\u00f3 que las decoraciones especiales se han convertido en parte de la identidad del equipo de <strong>Faenza<\/strong>.<\/p>\n<p>\u00abUna vez m\u00e1s, conectamos el automovilismo con la cultura de una manera \u00fanica para Racing Bulls. Estas decoraciones especiales ya forman parte de nuestra identidad: los momentos donde el deporte se fusiona con la m\u00fasica, la moda y la creatividad\u00bb, afirm\u00f3. \u00abEl dise\u00f1o que llevaremos a la pista este fin de semana es otra expresi\u00f3n audaz de ese esp\u00edritu, y Austin es el lugar perfecto para ello\u00bb, a\u00f1adi\u00f3.<\/p>\n<p>Esta iniciativa refuerza la estrategia de Racing Bulls de unir el automovilismo y la cultura pop. El equipo ya utiliz\u00f3 una decoraci\u00f3n rosa en el <strong>Gran Premio de Miami<\/strong> en mayo para promocionar un nuevo sabor de la bebida energ\u00e9tica de <strong>Red Bull<\/strong>, y tambi\u00e9n se asoci\u00f3 con el patrocinador <strong>Hugo Boss<\/strong> y el artista nigeriano <strong>Slawn<\/strong> para rendir homenaje al arte callejero de <strong>Londres<\/strong> en el <strong>Gran Premio de Gran Breta\u00f1a<\/strong>.<\/p>\n<p>La\u00a0<strong>F\u00f3rmula 1<\/strong>\u00a0regresa del 17 al 19 de octubre al\u00a0<strong>Circuito de las Am\u00e9ricas en Austin<\/strong>, sede del\u00a0<strong>Gran Premio de Estados Unidos<\/strong>, la 19\u00aa ronda de la\u00a0<strong>temporada 2025<\/strong>.<\/p>\n<p>      <script async src=\"https:\/\/platform.twitter.com\/widgets.js\" charset=\"utf-8\"><\/script><script async src=\"\/\/www.instagram.com\/embed.js\"><\/script><\/p>\n","protected":false},"excerpt":{"rendered":"Racing Bulls present\u00f3 un dise\u00f1o inspirado en su patrocinador. (Foto: Red Bull Content Pool) Racing Bulls present\u00f3 una&hellip;\n","protected":false},"author":2,"featured_media":179009,"comment_status":"","ping_status":"","sticky":false,"template":"","format":"standard","meta":{"footnotes":""},"categories":[270],"tags":[168,25,24,306,271,272,23,167],"class_list":{"0":"post-179008","1":"post","2":"type-post","3":"status-publish","4":"format-standard","5":"has-post-thumbnail","7":"category-formula-1","8":"tag-deportes","9":"tag-es","10":"tag-espana","11":"tag-f1","12":"tag-formula-1","13":"tag-formula1","14":"tag-spain","15":"tag-sports"},"share_on_mastodon":{"url":"","error":""},"_links":{"self":[{"href":"https:\/\/www.europesays.com\/es\/wp-json\/wp\/v2\/posts\/179008","targetHints":{"allow":["GET"]}}],"collection":[{"href":"https:\/\/www.europesays.com\/es\/wp-json\/wp\/v2\/posts"}],"about":[{"href":"https:\/\/www.europesays.com\/es\/wp-json\/wp\/v2\/types\/post"}],"author":[{"embeddable":true,"href":"https:\/\/www.europesays.com\/es\/wp-json\/wp\/v2\/users\/2"}],"replies":[{"embeddable":true,"href":"https:\/\/www.europesays.com\/es\/wp-json\/wp\/v2\/comments?post=179008"}],"version-history":[{"count":0,"href":"https:\/\/www.europesays.com\/es\/wp-json\/wp\/v2\/posts\/179008\/revisions"}],"wp:featuredmedia":[{"embeddable":true,"href":"https:\/\/www.europesays.com\/es\/wp-json\/wp\/v2\/media\/179009"}],"wp:attachment":[{"href":"https:\/\/www.europesays.com\/es\/wp-json\/wp\/v2\/media?parent=179008"}],"wp:term":[{"taxonomy":"category","embeddable":true,"href":"https:\/\/www.europesays.com\/es\/wp-json\/wp\/v2\/categories?post=179008"},{"taxonomy":"post_tag","embeddable":true,"href":"https:\/\/www.europesays.com\/es\/wp-json\/wp\/v2\/tags?post=179008"}],"curies":[{"name":"wp","href":"https:\/\/api.w.org\/{rel}","templated":true}]}}