{"id":179014,"date":"2025-10-15T18:48:11","date_gmt":"2025-10-15T18:48:11","guid":{"rendered":"https:\/\/www.europesays.com\/es\/179014\/"},"modified":"2025-10-15T18:48:11","modified_gmt":"2025-10-15T18:48:11","slug":"celia-sobrina-de-ana-obregon-y-madrina-de-su-nieta-habla-por-primera-vez-sobre-su-enfermedad-todavia-voy-avanzando-lentamente","status":"publish","type":"post","link":"https:\/\/www.europesays.com\/es\/179014\/","title":{"rendered":"Celia, sobrina de Ana Obreg\u00f3n y madrina de su nieta, habla por primera vez sobre su enfermedad: \u00abTodav\u00eda voy avanzando lentamente\u00bb"},"content":{"rendered":"<p data-journey-content=\"true\" data-node-id=\"3\" class=\"css-6wxqfj emevuu60\">La familia de <a href=\"https:\/\/www.diezminutos.es\/ana-obregon\/\" target=\"_blank\" data-vars-ga-outbound-link=\"https:\/\/www.diezminutos.es\/ana-obregon\/\" data-vars-ga-ux-element=\"Hyperlink\" data-vars-ga-call-to-action=\"Ana Obreg\u00f3n\" data-node-id=\"3.1\" class=\"body-link css-177bzfx emevuu60\" rel=\"nofollow noopener\"><strong data-node-id=\"3.1.0\">Ana Obreg\u00f3n<\/strong><\/a> ha vivido <strong data-node-id=\"3.3\">momentos verdaderamente duros<\/strong> en los \u00faltimos a\u00f1os, como la<strong data-node-id=\"3.5\"> <a href=\"https:\/\/www.diezminutos.es\/famosos-corazon\/famosos-espanoles\/a36508310\/muere-madre-ana-obregon\/\" target=\"_blank\" data-vars-ga-outbound-link=\"https:\/\/www.diezminutos.es\/famosos-corazon\/famosos-espanoles\/a36508310\/muere-madre-ana-obregon\/\" data-vars-ga-ux-element=\"Hyperlink\" data-vars-ga-call-to-action=\"muerte de la madre de la actriz en 2021\" data-node-id=\"3.5.1\" class=\"body-link css-177bzfx emevuu60\" rel=\"nofollow noopener\">muerte de la madre de la actriz en 2021<\/a><\/strong> y <a href=\"https:\/\/www.diezminutos.es\/famosos-corazon\/famosos-espanoles\/a41255429\/ana-obregon-muere-padre-antonio-garcia\/\" target=\"_blank\" data-vars-ga-outbound-link=\"https:\/\/www.diezminutos.es\/famosos-corazon\/famosos-espanoles\/a41255429\/ana-obregon-muere-padre-antonio-garcia\/\" data-vars-ga-ux-element=\"Hyperlink\" data-vars-ga-call-to-action=\"la del patriarca de la familia en 2022\" data-node-id=\"3.7\" class=\"body-link css-177bzfx emevuu60\" rel=\"nofollow noopener\">la del <strong data-node-id=\"3.7.1\">patriarca <\/strong>de la familia en <strong data-node-id=\"3.7.3\">2022<\/strong><\/a>, pero nada tan dif\u00edcil de superar como el <strong data-node-id=\"3.9\"><a href=\"https:\/\/www.diezminutos.es\/famosos-corazon\/famosos-espanoles\/a32460182\/aless-lequio-muerte\/\" target=\"_blank\" data-vars-ga-outbound-link=\"https:\/\/www.diezminutos.es\/famosos-corazon\/famosos-espanoles\/a32460182\/aless-lequio-muerte\/\" data-vars-ga-ux-element=\"Hyperlink\" data-vars-ga-call-to-action=\"fallecimiento de Aless Lequio\" data-node-id=\"3.9.0\" class=\"body-link css-177bzfx emevuu60\" rel=\"nofollow noopener\">fallecimiento de Aless Lequio<\/a> con s\u00f3lo 27 a\u00f1os en 2020<\/strong> tras una lucha de dos a\u00f1os contra un c\u00e1ncer. La enfermedad se lo llev\u00f3 demasiado pronto, pero es que ahora otro de los miembros m\u00e1s j\u00f3venes del clan ha desvelado que lleva <strong data-node-id=\"3.11\">meses luchando contra una complicada dolencia <\/strong>que la ha mantenido apartada de todo y que ha preocupado, como no pod\u00eda ser de otra manera, a todos, y no es otra que<strong data-node-id=\"3.13\"> Celia Vega-Penichet, sobrina de Ana<\/strong>, e hija de su hermana Celia Garc\u00eda Obreg\u00f3n e Ignacio Vega-Penichet.<\/p>\n<p data-journey-content=\"true\" data-node-id=\"6\" class=\"css-6wxqfj emevuu60\">La joven, de <strong data-node-id=\"6.1\">33 a\u00f1os<\/strong>, en un arranque de sinceridad y generosidad, ha querido compartir con sus casi 30.000 seguidores<strong data-node-id=\"6.3\"> el motivo de su larga ausencia<\/strong> en redes sociales: \u00abQueridos amigos, s\u00e9 que he estado casi completamente ausente, no por elecci\u00f3n propia. <strong data-node-id=\"6.5\">Los \u00faltimos a\u00f1os han estado marcados por profundos trastornos personales<\/strong>, y al final, te afecta. Poco a poco, <strong data-node-id=\"6.7\">mi salud f\u00edsica comenz\u00f3 a deteriorarse<\/strong>\u00ab, empieza diciendo Celia en un comunicado que ha compartido en su cuenta de Instagram.<\/p>\n<p><img draggable=\"true\" alt=\"celia vega penichet, sobrina de ana obregon, emite un comunicado para hablar de su enfermedad\" title=\"Celia Vega Penichet, sobrina de Ana Obregon, emite un comunicado para hablar de su enfermedad\" loading=\"lazy\" width=\"3000\" height=\"5393\" decoding=\"async\" data-nimg=\"1\" style=\"color:transparent;width:100%;height:auto;\"   src=\"https:\/\/www.europesays.com\/es\/wp-content\/uploads\/2025\/10\/celia-vega-penichet-sobrina-aba-obregon-comunicado-enfermedad-68ef8c935c528.jpg\" class=\"css-0 e1g79fud0\"\/><\/p>\n<p>Instagram Celia Vega-Penichet<\/p>\n<p data-journey-content=\"true\" data-node-id=\"9\" class=\"css-6wxqfj emevuu60\">\u00ab<strong data-node-id=\"9.1\">Ahora siento cierto alivio<\/strong>, porque tras un largo per\u00edodo de agotamiento f\u00edsico y emocional, dolor e interminables <strong data-node-id=\"9.3\">pruebas<\/strong>, los m\u00e9dicos finalmente descubrieron que <strong data-node-id=\"9.5\">padezco una compleja enfermedad viral-bacteriana que causa agotamiento y desregulaci\u00f3n inmunitaria cr\u00f3nica<\/strong>: una respuesta neuroinmune e inflamatoria que <strong data-node-id=\"9.7\">afecta a varios sistemas a la vez<\/strong>\u00ab, ha explicado, aunque no ha querido entrar en detalles de c\u00f3mo se llama esa enfermedad o c\u00f3mo le ha afectado a ella espec\u00edficamente. Y a\u00f1ad\u00eda: \u00abQuer\u00eda compartir esto para que entiendan por qu\u00e9 he estado ausente, tan distante, o por qu\u00e9 no he respondido.<strong data-node-id=\"9.9\"> No es que haya elegido desaparecer; he estado luchando en silencio, haciendo todo lo posible por sanar<\/strong>\u00ab. <\/p>\n<p data-journey-content=\"true\" data-node-id=\"13\" class=\"css-6wxqfj emevuu60\">Adem\u00e1s, Celia, que <a href=\"https:\/\/www.diezminutos.es\/famosos-corazon\/famosos-espanoles\/a46155822\/bautizo-ana-sandra-nieta-ana-obregon-marcada-ausencia-conde-lequio\/\" target=\"_blank\" data-vars-ga-outbound-link=\"https:\/\/www.diezminutos.es\/famosos-corazon\/famosos-espanoles\/a46155822\/bautizo-ana-sandra-nieta-ana-obregon-marcada-ausencia-conde-lequio\/\" data-vars-ga-ux-element=\"Hyperlink\" data-vars-ga-call-to-action=\"por su relaci\u00f3n con Aless Lequio fue elegida por Ana como madrina de la peque\u00f1a Anita en su bautizo\" data-node-id=\"13.1\" class=\"body-link css-177bzfx emevuu60\" rel=\"nofollow noopener\">por su relaci\u00f3n con Aless Lequio fue elegida por Ana como <strong data-node-id=\"13.1.1\">madrina de la peque\u00f1a Anita en su bautizo<\/strong><\/a><strong data-node-id=\"13.2\"\/>, no ha querido ocultar que a la lucha contra la enfermedad se ha unido su batalla interna por tener que adaptar su vida a ella, <strong data-node-id=\"13.4\">aprendiendo a no sentir culpa por &#8216;echar el freno&#8217;<\/strong> cuando su cuerpo m\u00e1s se lo ped\u00eda: \u00abUna de las partes m\u00e1s dif\u00edciles ha sido <strong data-node-id=\"13.6\">aprender a descansar, a permitirme bajar el ritmo<\/strong> sin sentirme culpable ni menos valiosa. Gracias por su paciencia, cari\u00f1o y comprensi\u00f3n.<strong data-node-id=\"13.8\"> Todav\u00eda voy avanzando lentamente, pero finalmente tengo una direcci\u00f3n y eso lo cambia todo<\/strong>\u00ab, zanja su misiva.<\/p>\n<p><img draggable=\"true\" alt=\"celia garcia penichet junto a su madre, celia garcia obregon\" title=\"Celia Garcia Penichet junto a su madre, Celia Garcia Obregon\" loading=\"lazy\" width=\"3000\" height=\"2031\" decoding=\"async\" data-nimg=\"1\" style=\"color:transparent;width:100%;height:auto;\"   src=\"https:\/\/www.europesays.com\/es\/wp-content\/uploads\/2025\/10\/celia-vega-penichet-madre-celia-garcia-obregon-68ef8d0ea3e63.jpg\" class=\"css-0 e1g79fud0\"\/><\/p>\n<p>Gtres<\/p>\n<p>Celia Vega-Penichet, la sobrina de Ana Obreg\u00f3n m\u00e1s unida a Aless Lequio<\/p>\n<p data-journey-content=\"true\" data-node-id=\"17\" class=\"css-6wxqfj emevuu60\">Ana Obreg\u00f3n y su familia siempre han sido una<strong data-node-id=\"17.1\"> familia unida<\/strong>, pero la muerte de Aless -y posteriormente las de sus padres, Ana Mar\u00eda y Antonio- supuso un <strong data-node-id=\"17.3\">punto de inflexi\u00f3n<\/strong> en el que todos decidieron hacer m\u00e1s pi\u00f1a que nunca. Precisamente <strong data-node-id=\"17.5\"><a href=\"https:\/\/www.diezminutos.es\/famosos-corazon\/famosos-espanoles\/a32470982\/aless-lequio-mensaje-prima-celia\/\" target=\"_blank\" data-vars-ga-outbound-link=\"https:\/\/www.diezminutos.es\/famosos-corazon\/famosos-espanoles\/a32470982\/aless-lequio-mensaje-prima-celia\/\" data-vars-ga-ux-element=\"Hyperlink\" data-vars-ga-call-to-action=\"Celia era la prima con la que m\u00e1s unido estaba Aless\" data-node-id=\"17.5.0\" class=\"body-link css-177bzfx emevuu60\" rel=\"nofollow noopener\">Celia era la prima con la que m\u00e1s unido estaba Aless<\/a><\/strong>, y lo demostraron desde peque\u00f1os. Casualmente, <a href=\"https:\/\/www.diezminutos.es\/famosos-corazon\/famosos-espanoles\/a32461136\/alex-lequio-ultima-publicacion-instagram\/\" target=\"_blank\" data-vars-ga-outbound-link=\"https:\/\/www.diezminutos.es\/famosos-corazon\/famosos-espanoles\/a32461136\/alex-lequio-ultima-publicacion-instagram\/\" data-vars-ga-ux-element=\"Hyperlink\" data-vars-ga-call-to-action=\"ella fue la protagonista de la \u00faltima foto que colg\u00f3 poco antes de fallecer\" data-node-id=\"17.7\" class=\"body-link css-177bzfx emevuu60\" rel=\"nofollow noopener\">ella fue la protagonista de la \u00faltima foto que colg\u00f3 poco antes de fallecer<\/a>. La joven qued\u00f3 completamente <strong data-node-id=\"17.9\">destrozada <\/strong>cuando perdi\u00f3 a su primo en 2020, y <a href=\"https:\/\/www.diezminutos.es\/famosos-corazon\/famosos-espanoles\/g33460246\/celia-vega-penichet-recuerdo-alex-lequio-fotos-redes\/\" target=\"_blank\" data-vars-ga-outbound-link=\"https:\/\/www.diezminutos.es\/famosos-corazon\/famosos-espanoles\/g33460246\/celia-vega-penichet-recuerdo-alex-lequio-fotos-redes\/\" data-vars-ga-ux-element=\"Hyperlink\" data-vars-ga-call-to-action=\"en varias ocasiones no ha dudado en enviarle alg\u00fan que otro mensaje en redes sociales a modo de recuerdo\" data-node-id=\"17.11\" class=\"body-link css-177bzfx emevuu60\" rel=\"nofollow noopener\">en varias ocasiones no ha dudado en enviarle alg\u00fan que otro mensaje en redes sociales a modo de <strong data-node-id=\"17.11.1\">recuerdo<\/strong><\/a><strong data-node-id=\"17.12\"\/>, pues hay d\u00edas en los que le echa mucho de menos: \u00ab<strong data-node-id=\"17.14\">Espero honrar tu memoria con mi forma de vivir y amar<\/strong>. Y espero hacerte sentir orgulloso, aunque ya no est\u00e9s aqu\u00ed para verlo. <strong data-node-id=\"17.16\">Siempre est\u00e1s en mi mente, pero \u00faltimamente te he extra\u00f1ado mucho<\/strong>\u00ab, escribi\u00f3 en un bonito post en sus redes sociales acompa\u00f1ando a <strong data-node-id=\"17.18\">una foto de los dos <\/strong><strong data-node-id=\"17.19\">juntos<\/strong>.<\/p>\n<p><img src=\"https:\/\/www.europesays.com\/es\/wp-content\/uploads\/2025\/10\/1760554091_462_a982b4f8-3383-45d0-81ca-fb597fd6fa80_1734436044.jpg\" alt=\"Headshot of Daniel Reyes\" title=\"Headshot of Daniel Reyes\" width=\"100%\" height=\"100%\" decoding=\"async\" loading=\"lazy\" class=\"css-o0wq4v ev8dhu53\"\/><\/p>\n<p>Daniel Reyes se gradu\u00f3 en Periodismo por la Universidad Rey Juan Carlos. Experto en actualidad de coraz\u00f3n, sociedad y televisi\u00f3n; Dani redacta noticias en Diez Minutos desde 2015, donde ha ganado en los \u00faltimos a\u00f1os una gran experiencia a la hora de escribir sobre todas las novedades de los famosos, reality de televisi\u00f3n como &#8216;Supervivientes&#8217; y &#8216;La isla de las tentaciones&#8217; o series.<br \/>\nLas redes sociales no tienen secretos para \u00e9l, donde se mueve como pez en el agua para encontrar la \u00faltima hora de la vida de los famosos o la pol\u00e9mica m\u00e1s reciente: lo mismo te habla de las Kardashian que de Isabel Pantoja, Beyonc\u00e9, &#8216;S\u00e1lvame&#8217; o de Felipe y Letizia: Realeza, al fin y al cabo, aunque cada uno en lo suyo.<br \/>\nPeriodista 360, a lo Paquita Salas, tampoco tiene l\u00edmite a la hora de escribir sobre temas tan variados como pol\u00edtica o maternidad, o incluso sobre sus aficiones, que pasan por la moda, las \u00faltimas tendencias o la belleza, algo en lo que se especializ\u00f3 tras pasar por la revista S Moda entre 2014 y 2015, donde si ya lleg\u00f3 haci\u00e9ndole &#8216;til\u00edn&#8217; todo ese mundillo, all\u00ed se volvi\u00f3 todo un experto del maquillaje, las cremas o los tratamientos puntuales teros. Un pasatiempo que sigue desarroll\u00e1ndose y que compagina con su trabajo como redactor.<\/p>\n","protected":false},"excerpt":{"rendered":"La familia de Ana Obreg\u00f3n ha vivido momentos verdaderamente duros en los \u00faltimos a\u00f1os, como la muerte de&hellip;\n","protected":false},"author":2,"featured_media":179015,"comment_status":"","ping_status":"","sticky":false,"template":"","format":"standard","meta":{"footnotes":""},"categories":[174],"tags":[255,253,146,147,25,24,256,23],"class_list":{"0":"post-179014","1":"post","2":"type-post","3":"status-publish","4":"format-standard","5":"has-post-thumbnail","7":"category-famosos","8":"tag-celebrities","9":"tag-discover","10":"tag-entertainment","11":"tag-entretenimiento","12":"tag-es","13":"tag-espana","14":"tag-famosos","15":"tag-spain"},"share_on_mastodon":{"url":"","error":""},"_links":{"self":[{"href":"https:\/\/www.europesays.com\/es\/wp-json\/wp\/v2\/posts\/179014","targetHints":{"allow":["GET"]}}],"collection":[{"href":"https:\/\/www.europesays.com\/es\/wp-json\/wp\/v2\/posts"}],"about":[{"href":"https:\/\/www.europesays.com\/es\/wp-json\/wp\/v2\/types\/post"}],"author":[{"embeddable":true,"href":"https:\/\/www.europesays.com\/es\/wp-json\/wp\/v2\/users\/2"}],"replies":[{"embeddable":true,"href":"https:\/\/www.europesays.com\/es\/wp-json\/wp\/v2\/comments?post=179014"}],"version-history":[{"count":0,"href":"https:\/\/www.europesays.com\/es\/wp-json\/wp\/v2\/posts\/179014\/revisions"}],"wp:featuredmedia":[{"embeddable":true,"href":"https:\/\/www.europesays.com\/es\/wp-json\/wp\/v2\/media\/179015"}],"wp:attachment":[{"href":"https:\/\/www.europesays.com\/es\/wp-json\/wp\/v2\/media?parent=179014"}],"wp:term":[{"taxonomy":"category","embeddable":true,"href":"https:\/\/www.europesays.com\/es\/wp-json\/wp\/v2\/categories?post=179014"},{"taxonomy":"post_tag","embeddable":true,"href":"https:\/\/www.europesays.com\/es\/wp-json\/wp\/v2\/tags?post=179014"}],"curies":[{"name":"wp","href":"https:\/\/api.w.org\/{rel}","templated":true}]}}