{"id":179016,"date":"2025-10-15T18:49:13","date_gmt":"2025-10-15T18:49:13","guid":{"rendered":"https:\/\/www.europesays.com\/es\/179016\/"},"modified":"2025-10-15T18:49:13","modified_gmt":"2025-10-15T18:49:13","slug":"un-mapa-de-colas-a-tiempo-real-guiara-un-48h-open-house-barcelona-sin-apenas-inscripcion-previa","status":"publish","type":"post","link":"https:\/\/www.europesays.com\/es\/179016\/","title":{"rendered":"Un mapa de colas a tiempo real guiar\u00e1 un 48h Open House Barcelona sin apenas inscripci\u00f3n previa"},"content":{"rendered":"<p class=\"ft-text ft-helper-closenews\">El 48h Open House de este a\u00f1o, que <strong>se celebra el 25 y el 26 de octubre<\/strong> en Barcelona y seis municipios de su entorno, ser\u00e1 m\u00e1s fiel que nunca a su esencia, la de abrir puertas para que el gran p\u00fablico entre en edificios que habitualmente nunca puede pisar. Uno de los \u00edtems de esta edici\u00f3n del popular festival de arquitectura que regala un <a class=\"ft-link ft-link--decoration\" href=\"https:\/\/www.elperiodico.com\/es\/barcelona\/20251006\/open-house-barcelona-edificios-abiertos-arquitectura-122331150\" target=\"_blank\" rel=\"nofollow noopener\">fest\u00edn con 199 lugares a los que acudir<\/a> a lo largo de un fin de semana es que la inmensa mayor\u00eda de los sitios a elegir no requieren inscripci\u00f3n previa para ser visitados, salvo en el caso de 11 itinerarios (siete de ellos en <strong>L\u2019Hospitalet de Llobregat, Badalona, Santa Coloma de Gramenet, Sitges y Sant Joan Desp\u00ed<\/strong>, adem\u00e1s de otros cuatro dentro de Barcelona) y 12 inmuebles, incluidos siete en la capital.<\/p>\n<p class=\"ft-text\">Dicho de otro modo, <strong>apenas el 6% de las actividades y el 6% de los edificios que figuran en el programa exigen apuntarse.<\/strong> Adem\u00e1s, son las \u00fanicas visitas de pago en el certamen, con un desembolso de tres euros, por tr\u00e1mites de gesti\u00f3n y a modo de compromiso de asistencia. En a\u00f1os anteriores, hubo emplazamientos a los que un 30% de quienes hab\u00edan reservado no se presentaron, ocupando plazas que otros espectadores podr\u00edan haber disfrutado.<\/p>\n<p class=\"ft-text\">\u201cDe siempre, en el festival ha habido visitas y actividades con inscripci\u00f3n, pero nunca han superado el 20%\u201d, indica el director de programaci\u00f3n de Open House, Miquel Zuzama. \u201c<strong>Hemos ido reduciendo los espacios en que se reclama inscribirse en los \u00faltimos cinco o seis a\u00f1os<\/strong>, para que las condiciones sean m\u00e1s f\u00e1ciles: cada a\u00f1o los vamos reduciendo y, esta vez, son menos que el a\u00f1o pasado\u201d, se\u00f1ala.<\/p>\n<p class=\"ft-text\">Para esta ocasi\u00f3n, la organizaci\u00f3n ha mejorado el mapa que ya ofreci\u00f3 en 2024 a trav\u00e9s de su web, con <strong>datos en tiempo real sobre las colas en cada uno de los puntos visitables<\/strong>. \u201cEl a\u00f1o pasado, daba informaci\u00f3n de cu\u00e1nta gente estaba entrando en los edificios y esta vez dir\u00e1 cu\u00e1nto es el rato de espera en cada uno\u201d, explica Zuzama.<\/p>\n<p><img decoding=\"async\" src=\"https:\/\/www.europesays.com\/es\/wp-content\/uploads\/2025\/10\/db02ccd4-eeb1-42df-a86a-232080b4b353_alta-libre-aspect-ratio_default_0.jpg\" width=\"1200\" height=\"800\" alt=\"Cola para entrar en la sede del C\u00edrculo Ecuestre, durante el 48h Open House de 2024 en Barcelona.\" class=\"ft-helper-img-rd\" loading=\"lazy\" hasdataaida=\"true\"\/><\/p>\n<p class=\"ft-helper-fontColor-quaternary ft-helper-fontSize-body-S ft-helper-spacer-t-xxs\">Cola para entrar en la sede del C\u00edrculo Ecuestre, durante el 48h Open House de 2024 en Barcelona.  \/ JORDI OTIX<\/p>\n<p class=\"ft-text\">Aparte, se ha dise\u00f1ado un <strong>recomendador en l\u00ednea para afinar a la hora de elegir destino<\/strong>. La web de Open House tambi\u00e9n rese\u00f1a cu\u00e1les son los edificios que suelen atraer m\u00e1s afluencia, como la que se forma para adentrarse en el <strong>Arc de Triomf, las Torres Venecianes y la antigua prisi\u00f3n Model<\/strong>, al frente de la lista de los m\u00e1s visitados durante las jornadas. Las puertas abiertas en los distritos de <strong>Ciutat Vella y el Eixample acumulan los tiempos de espera m\u00e1s elevados<\/strong>.<\/p>\n<p class=\"ft-text\">Aplicaciones al margen, los 1.000 voluntarios que el certamen despliega son la otra br\u00fajula para desplazarse y mitigar posibles esperas. \u201cEst\u00e1n conectados entre ellos y <strong>los voluntarios de la puerta saben si los otros edificios abiertos que hay alrededor tienen cola o no<\/strong>, justamente para derivar a la gente y recomendarles sitios pr\u00f3ximos\u201d, comenta el director de programaci\u00f3n.<\/p>\n<p>D\u00f3nde reservar<\/p>\n<p class=\"ft-text\">\u00bfCu\u00e1les son los espacios que precisan registrarse para asistir? <strong>\u201cSon infraestructuras de ciudad\u201d<\/strong>, define Zuzama. \u201cNecesitan un registro tanto por su posici\u00f3n geogr\u00e1fica, por quedar apartados del resto de edificios, como por ser de una tem\u00e1tica muy concreta y por motivos de seguridad\u201d, completa.<\/p>\n<p class=\"ft-text\">En Barcelona es necesario para dos itinerarios previstos en el <a class=\"ft-link ft-link--decoration\" href=\"https:\/\/www.elperiodico.com\/es\/ocio-y-cultura\/20251014\/080-barcelona-fashion-week-desfile-reborn-primera-unica-semana-moda-ropa-segunda-mano-122472752\" target=\"_blank\" rel=\"nofollow noopener\">recinto del Sant Pau<\/a> (uno por el hospital de la Santa Creu i Sant Pau y otro por el conjunto modernista) y otros dos trayectos centrados en la vivienda cooperativa, uno en Nou Barris y otro en el Poblenou. Sin salir de la capital, tambi\u00e9n <strong>hay que apuntarse antes de participar en las visitas al Mas Guinard\u00f3 y su refugio antia\u00e9reo<\/strong>, la estaci\u00f3n depuradora de aguas residuales del Bes\u00f2s y tambi\u00e9n en la del Llobregat, los pabellones de la antigua f\u00e1brica de Seat en la Zona Franca y su colecci\u00f3n de coches hist\u00f3ricos, la sede del \u00c1rea Metropolitana de Barcelona, la <a class=\"ft-link ft-link--decoration\" href=\"https:\/\/www.elperiodico.com\/es\/barcelona\/20250813\/torre-collserola-lanza-sunset-experience-funicular-tibidabo-120234363\" target=\"_blank\" rel=\"nofollow noopener\">Torre Collserola<\/a> y la Torre de les Aig\u00fces del Tibidabo.<\/p>\n<p><img decoding=\"async\" src=\"https:\/\/www.europesays.com\/es\/wp-content\/uploads\/2025\/10\/1959c585-fb25-4c24-82fc-98c66b60c210_alta-libre-aspect-ratio_default_0.jpg\" width=\"1200\" height=\"800\" alt=\"Una visitante dentro de la Casa Planells, durante el 48h Open House de Barcelona en 2024.\" class=\"ft-helper-img-rd\" loading=\"lazy\" hasdataaida=\"true\"\/><\/p>\n<p class=\"ft-helper-fontColor-quaternary ft-helper-fontSize-body-S ft-helper-spacer-t-xxs\">Una visitante dentro de la Casa Planells, durante el 48h Open House de Barcelona en 2024.  \/ JORDI OTIX<\/p>\n<p class=\"ft-text\">Al margen de la urbe, <strong>la inscripci\u00f3n en Badalona es obligada para acceder a la mas\u00eda de Can Miravitges<\/strong> y para tomar parte en la ruta por los edificios modernistas del arquitecto Joan Amig\u00f3. En Santa Coloma, es necesaria para penetrar en el <strong>refugio antia\u00e9reo de la Torre Balldovina y la Torre Pallaresa<\/strong>.<\/p>\n<p class=\"ft-text\">En L\u2019Hospitalet, se exige apuntarse en tres rutas: una que rinde homenaje a los hermanos Ramon y Antoni Puig i Gairalt, arquitectos destacados de la ciudad; otra por las casas bajas de Collblanc-la Torrassa, y una tercera sobre el pasado industrial recorriendo las <strong>chimeneas de las antiguas f\u00e1bricas que siguen en pie en la segunda ciudad m\u00e1s poblada de Catalunya<\/strong>. En Sant Joan Desp\u00ed, el registro previo es imprescindible para entrar en las cocheras de los <a class=\"ft-link ft-link--decoration\" href=\"https:\/\/www.elperiodico.com\/es\/barcelona\/20250613\/aprobado-forma-inicial-estudio-informativo-alargar-trambaix-sant-feliu-llobregat-barcelona-118597633\" target=\"_blank\" rel=\"nofollow noopener\">tranv\u00edas del Trambaix<\/a>, las instalaciones de la empresa p\u00fablica <a class=\"ft-link ft-link--decoration\" href=\"https:\/\/www.elperiodico.com\/es\/temas\/atll-10010\" target=\"_blank\" rel=\"nofollow noopener\">Aig\u00fces Ter-Llobregat<\/a> y una ruta por el entorno del parque de la Fontsanta.<\/p>\n<p>Crecimiento suave<\/p>\n<p class=\"ft-text\">El director de programaci\u00f3n alega que, con la reducci\u00f3n de casos en que se exige inscripci\u00f3n, se persigue \u201cromper la <a class=\"ft-link ft-link--decoration\" href=\"https:\/\/www.elperiodico.com\/es\/sociedad\/20251001\/personas-mayores-uso-tecnologia-whatsapp-redes-sociales-soledad-122102333\" target=\"_blank\" rel=\"nofollow noopener\">brecha digital<\/a>\u201d, \u201csimplificar distinciones entre edificios y modalidades de visita\u201d y evitar la frustraci\u00f3n de quedarse sin entrar en una de las atracciones del certamen. A su vez, <strong>lo desliga de una supuesta pretensi\u00f3n de captar m\u00e1s p\u00fablico<\/strong>.<\/p>\n<p class=\"ft-text\">\u201cLa tendencia es a subir de forma suave, pero nuestra intenci\u00f3n no es un crecimiento infinito, lo que queremos sobre todo es ir mejorando cada vez m\u00e1s la calidad de las visitas\u201d, recalca Zuzama. Las jornadas consiguieron unos 76.000 asistentes en 2024 y <strong>estiman que este a\u00f1o alcancen los 80.000<\/strong>.<\/p>\n<p><img decoding=\"async\" src=\"https:\/\/www.europesays.com\/es\/wp-content\/uploads\/2025\/10\/049a6a2a-12ed-46a6-b2c4-60758fb1afc7_alta-libre-aspect-ratio_default_0.jpg\" width=\"1200\" height=\"800\" alt=\"Una visitante en el C\u00edrculo Ecuestre durante el 48h Open House de 2024 en Barcelona.\" class=\"ft-helper-img-rd\" loading=\"lazy\" hasdataaida=\"true\"\/><\/p>\n<p class=\"ft-helper-fontColor-quaternary ft-helper-fontSize-body-S ft-helper-spacer-t-xxs\">Una visitante en el C\u00edrculo Ecuestre durante el 48h Open House de 2024 en Barcelona.  \/ JORDI OTIX<\/p>\n<p class=\"ft-text\">El responsable resalta que se trazan <strong>nodos con espacios abiertos \u201ca 15 minutos a pie\u201d<\/strong>, para drenar la alta afluencia reparti\u00e9ndola por edificios pr\u00f3ximos entre s\u00ed. Zuzama aconseja afrontar el festival \u201cde manera relajada\u201d, medir los desplazamientos sin retarse a darse un atrac\u00f3n de edificios muy concurridos y \u201cdejarse sorprender\u201d.<\/p>\n<p class=\"ft-text\">El director de programaci\u00f3n precisa que <strong>los picos de espera m\u00e1s largos se dan en torno a las 12:00 horas y a media tarde<\/strong>. Recomienda \u201cmadrugar\u201d a quienes opten por alguna de las estrellas del programa. \u201cLos edificios m\u00e1s conocidos quiz\u00e1 se pueden repartir entre las ma\u00f1anas del s\u00e1bado y el domingo, ir primero donde haya m\u00e1s volumen de gente y, despu\u00e9s, dejarse llevar por lo que se puede ver en el entorno, porque <strong>todos los edificios son interesantes y tienen una historia y un arquitecto detr\u00e1s que quiz\u00e1 no conocemos<\/strong>\u201d, subraya Zuzama. En cualquier caso, postula que \u201cla cola es el mecanismo m\u00e1s democr\u00e1tico para garantizar el acceso a la arquitectura\u201d.<\/p>\n<p data-close=\"closedContent\" class=\"subscribeHideForDisplay\">Suscr\u00edbete para seguir leyendo<\/p>\n","protected":false},"excerpt":{"rendered":"El 48h Open House de este a\u00f1o, que se celebra el 25 y el 26 de octubre en&hellip;\n","protected":false},"author":2,"featured_media":179017,"comment_status":"","ping_status":"","sticky":false,"template":"","format":"standard","meta":{"footnotes":""},"categories":[173],"tags":[801,229,233,231,230,15725,210,232,234,146,147,25,24,51034,51032,19309,51033,31941,23],"class_list":{"0":"post-179016","1":"post","2":"type-post","3":"status-publish","4":"format-standard","5":"has-post-thumbnail","7":"category-arte-y-diseno","8":"tag-arquitectura","9":"tag-arte","10":"tag-arte-y-diseno","11":"tag-arts","12":"tag-arts-and-design","13":"tag-badalona","14":"tag-barcelona","15":"tag-design","16":"tag-diseno","17":"tag-entertainment","18":"tag-entretenimiento","19":"tag-es","20":"tag-espana","21":"tag-hospitalet-de-llobregat","22":"tag-open-house-barcelona-edificios-colas-mapa-tiempo-espera-visitas","23":"tag-sant-joan-despi","24":"tag-santa-coloma","25":"tag-sitges","26":"tag-spain"},"share_on_mastodon":{"url":"","error":""},"_links":{"self":[{"href":"https:\/\/www.europesays.com\/es\/wp-json\/wp\/v2\/posts\/179016","targetHints":{"allow":["GET"]}}],"collection":[{"href":"https:\/\/www.europesays.com\/es\/wp-json\/wp\/v2\/posts"}],"about":[{"href":"https:\/\/www.europesays.com\/es\/wp-json\/wp\/v2\/types\/post"}],"author":[{"embeddable":true,"href":"https:\/\/www.europesays.com\/es\/wp-json\/wp\/v2\/users\/2"}],"replies":[{"embeddable":true,"href":"https:\/\/www.europesays.com\/es\/wp-json\/wp\/v2\/comments?post=179016"}],"version-history":[{"count":0,"href":"https:\/\/www.europesays.com\/es\/wp-json\/wp\/v2\/posts\/179016\/revisions"}],"wp:featuredmedia":[{"embeddable":true,"href":"https:\/\/www.europesays.com\/es\/wp-json\/wp\/v2\/media\/179017"}],"wp:attachment":[{"href":"https:\/\/www.europesays.com\/es\/wp-json\/wp\/v2\/media?parent=179016"}],"wp:term":[{"taxonomy":"category","embeddable":true,"href":"https:\/\/www.europesays.com\/es\/wp-json\/wp\/v2\/categories?post=179016"},{"taxonomy":"post_tag","embeddable":true,"href":"https:\/\/www.europesays.com\/es\/wp-json\/wp\/v2\/tags?post=179016"}],"curies":[{"name":"wp","href":"https:\/\/api.w.org\/{rel}","templated":true}]}}